{"id":154581,"date":"2025-10-15T07:31:52","date_gmt":"2025-10-15T10:31:52","guid":{"rendered":"https:\/\/www.aarquiteta.com.br\/blog\/sala-de-jantar-moderna-2\/"},"modified":"2025-10-15T07:31:52","modified_gmt":"2025-10-15T10:31:52","slug":"sala-de-jantar-moderna-2","status":"publish","type":"post","link":"https:\/\/www.aarquiteta.com.br\/blog\/sala-de-jantar-moderna-2\/","title":{"rendered":"10 Inspira\u00e7\u00f5es para criar uma sala de jantar moderna e sofisticada"},"content":{"rendered":"<p>Voc\u00ea j\u00e1 sonhou em ter uma <b>sala de jantar moderna<\/b> que impressione seus convidados? Neste artigo, vou te mostrar 10 inspira\u00e7\u00f5es para criar um ambiente sofisticado e funcional.<\/p>\n<figure style=\"width: 1024px\" class=\"wp-caption aligncenter\"><img decoding=\"async\" src=\"https:\/\/www.aarquiteta.com.br\/blog\/wp-content\/uploads\/2025\/10\/sala-de-jantar-moderna01.jpg\" alt=\"sala-de-jantar-moderna\" width=\"1024\" height=\"1024\" title=\"\"><figcaption class=\"wp-caption-text\">sala-de-jantar-moderna<\/figcaption><\/figure>\n<h3>1. Cores Neutras para Eleg\u00e2ncia<\/h3>\n<p>Aposte em <b>tons neutros<\/b> como cinza, branco e bege. Eles criam um fundo elegante e permitem que outros elementos se destaquem. Um ambiente em tons neutros transmite tranquilidade e sofistica\u00e7\u00e3o.<\/p>\n<figure style=\"width: 1024px\" class=\"wp-caption aligncenter\"><img decoding=\"async\" src=\"https:\/\/www.aarquiteta.com.br\/blog\/wp-content\/uploads\/2025\/10\/sala-de-jantar-moderna02.jpg\" alt=\"sala-de-jantar-moderna\" width=\"1024\" height=\"1024\" title=\"\"><figcaption class=\"wp-caption-text\">sala-de-jantar-moderna<\/figcaption><\/figure>\n<h3>2. Cores Vibrantes para Destaque<\/h3>\n<p>Se voc\u00ea prefere algo mais ousado, considere <b>usar cores marcantes<\/b>. Um toque de vermelho ou azul pode dar vida ao espa\u00e7o. Esses tons podem ser aplicados em cadeiras ou acess\u00f3rios decorativos.<\/p>\n<figure style=\"width: 1024px\" class=\"wp-caption aligncenter\"><img decoding=\"async\" src=\"https:\/\/www.aarquiteta.com.br\/blog\/wp-content\/uploads\/2025\/10\/sala-de-jantar-moderna03.jpg\" alt=\"sala-de-jantar-moderna\" width=\"1024\" height=\"1024\" title=\"\"><figcaption class=\"wp-caption-text\">sala-de-jantar-moderna<\/figcaption><\/figure>\n<h3>3. O Estilo \u00e9 Fundamental<\/h3>\n<p>O <b>estilo do projeto<\/b> dita como ser\u00e1 a decora\u00e7\u00e3o. Opte por um design que harmonize com o restante da casa, seja ele cl\u00e1ssico ou contempor\u00e2neo. O importante \u00e9 que cada elemento se converse.<\/p>\n<h3>4. Detalhes de Ilumina\u00e7\u00e3o<\/h3>\n<p>As <b>lumin\u00e1rias<\/b> s\u00e3o essenciais. Um lustre ou pendente pode ser o ponto focal da sala. Garanta que a ilumina\u00e7\u00e3o seja suficiente e adequada ao ambiente. Experimente iluminar a mesa de jantar com um pendente estiloso.<\/p>\n<h3>5. Mobili\u00e1rio Funcional<\/h3>\n<p>O conjunto de <b>mesa e cadeiras<\/b> \u00e9 o destaque da sala. Escolha uma mesa que caiba no seu espa\u00e7o e que ofere\u00e7a conforto. Mesas redondas s\u00e3o \u00f3timas para facilitar a circula\u00e7\u00e3o, enquanto as retangulares s\u00e3o ideais para espa\u00e7os mais longos.<\/p>\n<h3>6. M\u00f3veis Que Prosperam em Estilo<\/h3>\n<p>A variedade de <b>modelos de m\u00f3veis<\/b> \u00e9 enorme. Voc\u00ea pode optar por cadeiras elegantes ou sof\u00e1s que combinem. A mistura de texturas tamb\u00e9m pode enriquecer a experi\u00eancia de quem est\u00e1 no ambiente.<\/p>\n<h3>7. A Import\u00e2ncia do Revestimento<\/h3>\n<p>Capriche no <b>revestimento<\/b> das paredes e do piso. Apostar em materiais como madeira ou tijolos pode trazer um ar r\u00fastico e sofisticado ao mesmo tempo. Assim, o ambiente ganha mais personalidade.<\/p>\n<p><div class=\"youtube-embed\" data-video_id=\"wMRYv9xR8qE\"><iframe title=\"SALA DE JANTAR - Guia Completo para Montar a Sua\" width=\"696\" height=\"392\" src=\"https:\/\/www.youtube.com\/embed\/wMRYv9xR8qE?feature=oembed&#038;enablejsapi=1\" frameborder=\"0\" allow=\"accelerometer; autoplay; clipboard-write; encrypted-media; gyroscope; picture-in-picture; web-share\" referrerpolicy=\"strict-origin-when-cross-origin\" allowfullscreen><\/iframe><\/div>\n<\/p>\n<h3>8. Plantas para Alegrar o Espa\u00e7o<\/h3>\n<p>As <b>plantas<\/b> s\u00e3o uma \u00f3tima escolha para dar um toque de vida. Elas trazem frescor e naturalidade, seja sobre a mesa ou em um canto. Al\u00e9m disso, verdes ajudam a purificar o ar.<\/p>\n<h3>9. Quadros e Obras de Arte<\/h3>\n<p>Invista em <b>quadros<\/b> que reflitam seu estilo. Eles podem ser dispostos de maneira a compor harmoniosamente com os demais elementos do ambiente. A arte pode trazer emo\u00e7\u00f5es e contar uma hist\u00f3ria em sua casa.<\/p>\n<h3>10. Aproveite Cada Espa\u00e7o<\/h3>\n<p>Use o <b>espa\u00e7o dispon\u00edvel<\/b> de maneira inteligente. Se o seu espa\u00e7o for pequeno, considere um canto alem\u00e3o. Essa solu\u00e7\u00e3o \u00e9 est\u00e9tica e pr\u00e1tica, ideal para quem busca funcionalidade.<\/p>\n<table>\n<tr>\n<th>Inspira\u00e7\u00e3o<\/th>\n<th>Descri\u00e7\u00e3o<\/th>\n<\/tr>\n<tr>\n<td>Cores Neutras<\/td>\n<td>Tons que transmitem eleg\u00e2ncia e tranquilidade.<\/td>\n<\/tr>\n<tr>\n<td>Cores Vibrantes<\/td>\n<td>Toques de cor para um ambiente mais ousado.<\/td>\n<\/tr>\n<tr>\n<td>Estilo do Projeto<\/td>\n<td>Harmonia entre os elementos decorativos e o restante da casa.<\/td>\n<\/tr>\n<tr>\n<td>Ilumina\u00e7\u00e3o<\/td>\n<td>Lustres ou pendentes que iluminam e decoram.<\/td>\n<\/tr>\n<tr>\n<td>M\u00f3veis Funcionais<\/td>\n<td>Mesas e cadeiras que atendem ao espa\u00e7o e conforto.<\/td>\n<\/tr>\n<tr>\n<td>Revestimento<\/td>\n<td>Materiais como madeira ou tijolos para riqueza est\u00e9tica.<\/td>\n<\/tr>\n<tr>\n<td>Plantas<\/td>\n<td>Elementos vivos que trazem frescor ao ambiente.<\/td>\n<\/tr>\n<tr>\n<td>Quadros<\/td>\n<td>Obras de arte que refletem estilo e cultura.<\/td>\n<\/tr>\n<tr>\n<td>Aproveitamento do Espa\u00e7o<\/td>\n<td>Solu\u00e7\u00f5es pr\u00e1ticas para espa\u00e7os pequenos.<\/td>\n<\/tr>\n<\/table>\n<p>Agora que voc\u00ea tem essas <b>inspirations para a sua sala de jantar moderna<\/b>, que tal colocar algumas ideias em pr\u00e1tica? A beleza est\u00e1 nos detalhes e na sua criatividade. N\u00e3o hesite em comentar suas prefer\u00eancias e compartilhar suas cria\u00e7\u00f5es conosco!<\/p>\n","protected":false},"excerpt":{"rendered":"<p>10 Inspira\u00e7\u00f5es para criar uma sala de jantar moderna e sofisticada<\/p>\n","protected":false},"author":102,"featured_media":154578,"comment_status":"open","ping_status":"","sticky":false,"template":"","format":"standard","meta":{"footnotes":""},"categories":[1484],"tags":[],"class_list":["post-154581","post","type-post","status-publish","format-standard","has-post-thumbnail","category-decoracao"],"_wp_attached_file":null,"_wp_attachment_metadata":null,"_wp_attachment_context":null,"_wp_attachment_is_custom_header":null,"geo_longitude":null,"geo_public":null,"geo_latitude":null,"_publicize_done_external":null,"_wpas_done_3897181":null,"publicize_twitter_user":null,"_wpas_done_3897175":null,"_wpas_skip_3897181":null,"_wpas_skip_3897175":null,"_wpas_skip_3924723":null,"_wpas_mess":null,"_wpas_done_3924723":null,"wps_subtitle":"","_links":{"self":[{"href":"https:\/\/www.aarquiteta.com.br\/blog\/wp-json\/wp\/v2\/posts\/154581","targetHints":{"allow":["GET"]}}],"collection":[{"href":"https:\/\/www.aarquiteta.com.br\/blog\/wp-json\/wp\/v2\/posts"}],"about":[{"href":"https:\/\/www.aarquiteta.com.br\/blog\/wp-json\/wp\/v2\/types\/post"}],"author":[{"embeddable":true,"href":"https:\/\/www.aarquiteta.com.br\/blog\/wp-json\/wp\/v2\/users\/102"}],"replies":[{"embeddable":true,"href":"https:\/\/www.aarquiteta.com.br\/blog\/wp-json\/wp\/v2\/comments?post=154581"}],"version-history":[{"count":0,"href":"https:\/\/www.aarquiteta.com.br\/blog\/wp-json\/wp\/v2\/posts\/154581\/revisions"}],"wp:featuredmedia":[{"embeddable":true,"href":"https:\/\/www.aarquiteta.com.br\/blog\/wp-json\/wp\/v2\/media\/154578"}],"wp:attachment":[{"href":"https:\/\/www.aarquiteta.com.br\/blog\/wp-json\/wp\/v2\/media?parent=154581"}],"wp:term":[{"taxonomy":"category","embeddable":true,"href":"https:\/\/www.aarquiteta.com.br\/blog\/wp-json\/wp\/v2\/categories?post=154581"},{"taxonomy":"post_tag","embeddable":true,"href":"https:\/\/www.aarquiteta.com.br\/blog\/wp-json\/wp\/v2\/tags?post=154581"}],"curies":[{"name":"wp","href":"https:\/\/api.w.org\/{rel}","templated":true}]}}