{"id":154516,"date":"2025-10-10T17:31:31","date_gmt":"2025-10-10T20:31:31","guid":{"rendered":"https:\/\/www.aarquiteta.com.br\/blog\/quarto-amarelo-3\/"},"modified":"2025-10-10T17:31:31","modified_gmt":"2025-10-10T20:31:31","slug":"quarto-amarelo-3","status":"publish","type":"post","link":"https:\/\/www.aarquiteta.com.br\/blog\/quarto-amarelo-3\/","title":{"rendered":"10 Ideias Criativas para Decorar seu Quarto Amarelo"},"content":{"rendered":"<p>Quer transformar seu quarto em um espa\u00e7o vibrante? O <b>quarto amarelo<\/b> \u00e9 a escolha perfeita! Conhe\u00e7a 10 ideias criativas para deixar seu ambiente incr\u00edvel.<\/p>\n<figure style=\"width: 1024px\" class=\"wp-caption aligncenter\"><img decoding=\"async\" src=\"https:\/\/www.aarquiteta.com.br\/blog\/wp-content\/uploads\/2025\/10\/quarto-amarelo01.jpg\" alt=\"quarto-amarelo\" width=\"1024\" height=\"1024\" title=\"\"><figcaption class=\"wp-caption-text\">quarto-amarelo<\/figcaption><\/figure>\n<h3>1. Papel de Parede Colorido<\/h3>\n<p>Um dos jeitos mais simples de trazer o <b>amarelo<\/b> para o seu quarto \u00e9 atrav\u00e9s do <b>papel de parede<\/b>. Escolha padr\u00f5es divertidos ou florais para adicionar um toque especial.<\/p>\n<figure style=\"width: 1024px\" class=\"wp-caption aligncenter\"><img decoding=\"async\" src=\"https:\/\/www.aarquiteta.com.br\/blog\/wp-content\/uploads\/2025\/10\/quarto-amarelo02.jpg\" alt=\"quarto-amarelo\" width=\"1024\" height=\"1024\" title=\"\"><figcaption class=\"wp-caption-text\">quarto-amarelo<\/figcaption><\/figure>\n<h3>2. Combina\u00e7\u00e3o com Cores Neutras<\/h3>\n<p>Combine o amarelo com cores como <b>cinza<\/b> ou <b>branco<\/b>. Essas op\u00e7\u00f5es criam um ambiente <b>moderno<\/b> e equilibrado, perfeito para qualquer idade.<\/p>\n<figure style=\"width: 1024px\" class=\"wp-caption aligncenter\"><img decoding=\"async\" src=\"https:\/\/www.aarquiteta.com.br\/blog\/wp-content\/uploads\/2025\/10\/quarto-amarelo03.jpg\" alt=\"quarto-amarelo\" width=\"1024\" height=\"1024\" title=\"\"><figcaption class=\"wp-caption-text\">quarto-amarelo<\/figcaption><\/figure>\n<h3>3. M\u00f3veis Coloridos<\/h3>\n<p>Que tal investir em m\u00f3veis amarelos? Um <b>c\u00f4moda<\/b> ou uma cadeira nessa cor vermelha pode ser o destaque do seu espa\u00e7o, tornando o quarto mais alegre.<\/p>\n<h3>4. Ilumina\u00e7\u00e3o Adequada<\/h3>\n<p>A <b>ilumina\u00e7\u00e3o<\/b> \u00e9 essencial! Use l\u00e2mpadas quentes para real\u00e7ar a cor amarela, criando uma atmosfera <b>aconchegante<\/b> e convidativa.<\/p>\n<h3>5. Almofadas e Cortinas<\/h3>\n<p>Outra dica \u00e9 apostar em <b>almofadas<\/b> e <b>cortinas<\/b> amarelas para dar um toque de cor ao ambiente. Misture texturas e padr\u00f5es para deixar tudo ainda mais interessante.<\/p>\n<h3>6. Quadros e Artes<\/h3>\n<p>Decore suas paredes com <b>quadros art\u00edsticos<\/b> que tenham detalhes amarelos. Isso traz <b>personalidade<\/b> e um toque \u00fanico ao quarto.<\/p>\n<h3>7. Plantas Naturais<\/h3>\n<p>As <b>plantas<\/b> s\u00e3o \u00f3timas para decorar e podem ser dispostas em vasos amarelos. Elas v\u00e3o trazer <b>vida<\/b> e energia ao espa\u00e7o.<\/p>\n<p><div class=\"youtube-embed\" data-video_id=\"0CFKBhSLqoA\"><iframe title=\"Ideias uso da cor amarela em quartos de casal. Fotos modernas para ajudar como fazer sua decora\u00e7\u00e3o\" width=\"696\" height=\"392\" src=\"https:\/\/www.youtube.com\/embed\/0CFKBhSLqoA?feature=oembed&#038;enablejsapi=1\" frameborder=\"0\" allow=\"accelerometer; autoplay; clipboard-write; encrypted-media; gyroscope; picture-in-picture; web-share\" referrerpolicy=\"strict-origin-when-cross-origin\" allowfullscreen><\/iframe><\/div>\n<\/p>\n<h3>8. Cabeceira da Cama<\/h3>\n<p>Invista em uma cabeceira <b>amarela<\/b> para a cama. Assim, voc\u00ea transforma instantaneamente o foco do ambiente, deixando tudo mais bonito.<\/p>\n<h3>9. Tapete Amarelo<\/h3>\n<p>Um <b>tapete amarelo<\/b> pode ser a pe\u00e7a-chave da decora\u00e7\u00e3o. Ele delimita o espa\u00e7o e traz conforto para o quarto.<\/p>\n<h3>10. Detalhes em Amarelo<\/h3>\n<p>Por fim, use pequenos detalhes como <b>molduras<\/b> ou <b>objektos decorativos<\/b> amarelos. Esses toques fazem toda a diferen\u00e7a!<\/p>\n<table>\n<tr>\n<th>Dicas<\/th>\n<th>Resultados<\/th>\n<\/tr>\n<tr>\n<td>Papel de parede colorido<\/td>\n<td>Transforma a parede<\/td>\n<\/tr>\n<tr>\n<td>Combina\u00e7\u00e3o com cores neutras<\/td>\n<td>Ambiente moderno<\/td>\n<\/tr>\n<tr>\n<td>M\u00f3veis coloridos<\/td>\n<td>Destaque no espa\u00e7o<\/td>\n<\/tr>\n<tr>\n<td>Ilumina\u00e7\u00e3o adequada<\/td>\n<td>Ambiente aconchegante<\/td>\n<\/tr>\n<\/table>\n<p>Com essas <b>ideias criativas<\/b>, seu quarto amarelo vai ganhar vida e estilo! Ouse na decora\u00e7\u00e3o e traga mais <b>felicidade<\/b> para o seu espa\u00e7o. Que tal compartilhar suas experi\u00eancias ou ideias nos coment\u00e1rios? Estou ansioso para saber como voc\u00ea vai usar essas dicas!<\/p>\n","protected":false},"excerpt":{"rendered":"<p>10 Ideias Criativas para Decorar seu Quarto Amarelo<\/p>\n","protected":false},"author":102,"featured_media":154513,"comment_status":"open","ping_status":"","sticky":false,"template":"","format":"standard","meta":{"footnotes":""},"categories":[249,1484],"tags":[],"class_list":["post-154516","post","type-post","status-publish","format-standard","has-post-thumbnail","category-engenharia-e-construcao-civil","category-decoracao"],"_wp_attached_file":null,"_wp_attachment_metadata":null,"_wp_attachment_context":null,"_wp_attachment_is_custom_header":null,"geo_longitude":null,"geo_public":null,"geo_latitude":null,"_publicize_done_external":null,"_wpas_done_3897181":null,"publicize_twitter_user":null,"_wpas_done_3897175":null,"_wpas_skip_3897181":null,"_wpas_skip_3897175":null,"_wpas_skip_3924723":null,"_wpas_mess":null,"_wpas_done_3924723":null,"wps_subtitle":"","_links":{"self":[{"href":"https:\/\/www.aarquiteta.com.br\/blog\/wp-json\/wp\/v2\/posts\/154516","targetHints":{"allow":["GET"]}}],"collection":[{"href":"https:\/\/www.aarquiteta.com.br\/blog\/wp-json\/wp\/v2\/posts"}],"about":[{"href":"https:\/\/www.aarquiteta.com.br\/blog\/wp-json\/wp\/v2\/types\/post"}],"author":[{"embeddable":true,"href":"https:\/\/www.aarquiteta.com.br\/blog\/wp-json\/wp\/v2\/users\/102"}],"replies":[{"embeddable":true,"href":"https:\/\/www.aarquiteta.com.br\/blog\/wp-json\/wp\/v2\/comments?post=154516"}],"version-history":[{"count":0,"href":"https:\/\/www.aarquiteta.com.br\/blog\/wp-json\/wp\/v2\/posts\/154516\/revisions"}],"wp:featuredmedia":[{"embeddable":true,"href":"https:\/\/www.aarquiteta.com.br\/blog\/wp-json\/wp\/v2\/media\/154513"}],"wp:attachment":[{"href":"https:\/\/www.aarquiteta.com.br\/blog\/wp-json\/wp\/v2\/media?parent=154516"}],"wp:term":[{"taxonomy":"category","embeddable":true,"href":"https:\/\/www.aarquiteta.com.br\/blog\/wp-json\/wp\/v2\/categories?post=154516"},{"taxonomy":"post_tag","embeddable":true,"href":"https:\/\/www.aarquiteta.com.br\/blog\/wp-json\/wp\/v2\/tags?post=154516"}],"curies":[{"name":"wp","href":"https:\/\/api.w.org\/{rel}","templated":true}]}}