{"id":154511,"date":"2025-10-10T07:31:55","date_gmt":"2025-10-10T10:31:55","guid":{"rendered":"https:\/\/www.aarquiteta.com.br\/blog\/porta-de-ferro\/"},"modified":"2025-10-10T07:31:55","modified_gmt":"2025-10-10T10:31:55","slug":"porta-de-ferro","status":"publish","type":"post","link":"https:\/\/www.aarquiteta.com.br\/blog\/porta-de-ferro\/","title":{"rendered":"10 Inspira\u00e7\u00f5es para Portas de Ferro que Transformam sua Entrada"},"content":{"rendered":"<p><b>As portas de ferro s\u00e3o ideais para transformar a entrada da sua casa.<\/b> Combinando seguran\u00e7a e estilo, elas podem se tornar o destaque da sua fachada. Neste artigo, vou apresentar 10 inspira\u00e7\u00f5es incr\u00edveis para voc\u00ea escolher a porta perfeita.<\/p>\n<figure style=\"width: 1024px\" class=\"wp-caption aligncenter\"><img decoding=\"async\" src=\"https:\/\/www.aarquiteta.com.br\/blog\/wp-content\/uploads\/2025\/10\/porta-de-ferro01.jpg\" alt=\"porta-de-ferro\" width=\"1024\" height=\"1024\" title=\"\"><figcaption class=\"wp-caption-text\">porta-de-ferro<\/figcaption><\/figure>\n<h3>1. Entrada Alta e Imponente<\/h3>\n<p>Uma porta de ferro <b>grandiosa<\/b> combina perfeitamente com entradas altas, trazendo sofistica\u00e7\u00e3o e uma primeira impress\u00e3o marcante.<\/p>\n<figure style=\"width: 1024px\" class=\"wp-caption aligncenter\"><img decoding=\"async\" src=\"https:\/\/www.aarquiteta.com.br\/blog\/wp-content\/uploads\/2025\/10\/porta-de-ferro02.jpg\" alt=\"porta-de-ferro\" width=\"1024\" height=\"1024\" title=\"\"><figcaption class=\"wp-caption-text\">porta-de-ferro<\/figcaption><\/figure>\n<h3>2. Detalhes em Vidro<\/h3>\n<p>O ferro predominante, acompanhado de belos detalhes em vidro, <b>adiciona um toque de leveza<\/b> e modernidade \u00e0 sua entrada.<\/p>\n<figure style=\"width: 1024px\" class=\"wp-caption aligncenter\"><img decoding=\"async\" src=\"https:\/\/www.aarquiteta.com.br\/blog\/wp-content\/uploads\/2025\/10\/porta-de-ferro03.jpg\" alt=\"porta-de-ferro\" width=\"1024\" height=\"1024\" title=\"\"><figcaption class=\"wp-caption-text\">porta-de-ferro<\/figcaption><\/figure>\n<h3>3. Cores Vibrantes<\/h3>\n<p>Quem disse que portas de ferro n\u00e3o podem ser coloridas? <b>Adicionar uma cor vibrante<\/b> pode deixar sua entrada mais alegre e convidativa.<\/p>\n<h3>4. Models de Correr<\/h3>\n<p>Uma <b>porta de correr<\/b> de ferro \u00e9 uma escolha moderna e pr\u00e1tica, \u00f3tima para aproveitar o espa\u00e7o em ambientes menores.<\/p>\n<h3>5. Portas Dual<\/h3>\n<p>Se voc\u00ea deseja algo diferente, considere <b>portas de duas folhas<\/b>. Elas oferecem um design arrojado e elegante.<\/p>\n<h3>6. Ferro e Vidro Juntos<\/h3>\n<p>Combinar vidro e ferro pode criar um efeito <b>est\u00e9tico impressionante<\/b>, permitindo entrada de luz, mas mantendo a seguran\u00e7a.<\/p>\n<h3>7. Minimalismo Sofisticado<\/h3>\n<p>Optar por linhas retas e um design minimalista pode resultar em uma porta que \u00e9 ao mesmo tempo <b>elegante e moderna<\/b>.<\/p>\n<p><div class=\"youtube-embed\" data-video_id=\"a8sYOdj1lao\"><iframe title=\"como estala uma grade de corre na porta\" width=\"696\" height=\"392\" src=\"https:\/\/www.youtube.com\/embed\/a8sYOdj1lao?feature=oembed&#038;enablejsapi=1\" frameborder=\"0\" allow=\"accelerometer; autoplay; clipboard-write; encrypted-media; gyroscope; picture-in-picture; web-share\" referrerpolicy=\"strict-origin-when-cross-origin\" allowfullscreen><\/iframe><\/div>\n<\/p>\n<h3>8. Portas R\u00fasticas e Modernas<\/h3>\n<p>Um design que mescla o <b>r\u00fastico e o moderno<\/b> pode ser encantador. Assim voc\u00ea cria uma harmonia no ambiente.<\/p>\n<h3>9. Personaliza\u00e7\u00e3o \u00danica<\/h3>\n<p>Se voc\u00ea quer algo realmente especial, <b>incluir desenhos feitos \u00e0 m\u00e3o<\/b> ou formas personalizadas pode destacar a sua porta.<\/p>\n<h3>10. Portas Brancas e Cl\u00e1ssicas<\/h3>\n<p>Uma porta de ferro pintada de branco oferece uma apar\u00eancia <b>clean e cl\u00e1ssica<\/b>, ideal para qualquer estilo decorativo.<\/p>\n<table>\n<tr>\n<th>Inspira\u00e7\u00f5es para Portas de Ferro<\/th>\n<th>Caracter\u00edsticas<\/th>\n<\/tr>\n<tr>\n<td>1. Entrada Alta<\/td>\n<td>Imponente e grandiosa<\/td>\n<\/tr>\n<tr>\n<td>2. Detalhes em Vidro<\/td>\n<td>Leveza e modernidade<\/td>\n<\/tr>\n<tr>\n<td>3. Cores Vibrantes<\/td>\n<td>Alegre e convidativa<\/td>\n<\/tr>\n<tr>\n<td>4. Porta de Correr<\/td>\n<td>Moderna e pr\u00e1tica<\/td>\n<\/tr>\n<tr>\n<td>5. Portas Dual<\/td>\n<td>Arrojada e elegante<\/td>\n<\/tr>\n<tr>\n<td>6. Ferro e Vidro Juntos<\/td>\n<td>Efeito est\u00e9tico impressionante<\/td>\n<\/tr>\n<tr>\n<td>7. Minimalismo Sofisticado<\/td>\n<td>Elegante e moderna<\/td>\n<\/tr>\n<tr>\n<td>8. R\u00fastico e Moderno<\/td>\n<td>Harmonia<\/td>\n<\/tr>\n<tr>\n<td>9. Personaliza\u00e7\u00e3o \u00danica<\/td>\n<td>Desenhos feitos \u00e0 m\u00e3o<\/td>\n<\/tr>\n<tr>\n<td>10. Portas Brancas<\/td>\n<td>Clean e cl\u00e1ssica<\/td>\n<\/tr>\n<\/table>\n<p>Com essas inspira\u00e7\u00f5es, fica mais f\u00e1cil encontrar a <b>porta de ferro ideal<\/b> para a sua casa. As op\u00e7\u00f5es s\u00e3o variadas, entre modernas e r\u00fasticas, e o importante \u00e9 escolher uma que represente seu estilo.<\/p>\n<p>Se voc\u00ea gostou dessas ideias e tem uma porta de ferro que ama, me conta nos coment\u00e1rios! E n\u00e3o deixe de conferir outros conte\u00fados no blog para mais dicas de decora\u00e7\u00e3o!<\/p>\n","protected":false},"excerpt":{"rendered":"<p>10 Inspira\u00e7\u00f5es para Portas de Ferro que Transformam sua Entrada<\/p>\n","protected":false},"author":102,"featured_media":154508,"comment_status":"open","ping_status":"","sticky":false,"template":"","format":"standard","meta":{"footnotes":""},"categories":[1484],"tags":[],"class_list":["post-154511","post","type-post","status-publish","format-standard","has-post-thumbnail","category-decoracao"],"_wp_attached_file":null,"_wp_attachment_metadata":null,"_wp_attachment_context":null,"_wp_attachment_is_custom_header":null,"geo_longitude":null,"geo_public":null,"geo_latitude":null,"_publicize_done_external":null,"_wpas_done_3897181":null,"publicize_twitter_user":null,"_wpas_done_3897175":null,"_wpas_skip_3897181":null,"_wpas_skip_3897175":null,"_wpas_skip_3924723":null,"_wpas_mess":null,"_wpas_done_3924723":null,"wps_subtitle":"","_links":{"self":[{"href":"https:\/\/www.aarquiteta.com.br\/blog\/wp-json\/wp\/v2\/posts\/154511","targetHints":{"allow":["GET"]}}],"collection":[{"href":"https:\/\/www.aarquiteta.com.br\/blog\/wp-json\/wp\/v2\/posts"}],"about":[{"href":"https:\/\/www.aarquiteta.com.br\/blog\/wp-json\/wp\/v2\/types\/post"}],"author":[{"embeddable":true,"href":"https:\/\/www.aarquiteta.com.br\/blog\/wp-json\/wp\/v2\/users\/102"}],"replies":[{"embeddable":true,"href":"https:\/\/www.aarquiteta.com.br\/blog\/wp-json\/wp\/v2\/comments?post=154511"}],"version-history":[{"count":0,"href":"https:\/\/www.aarquiteta.com.br\/blog\/wp-json\/wp\/v2\/posts\/154511\/revisions"}],"wp:featuredmedia":[{"embeddable":true,"href":"https:\/\/www.aarquiteta.com.br\/blog\/wp-json\/wp\/v2\/media\/154508"}],"wp:attachment":[{"href":"https:\/\/www.aarquiteta.com.br\/blog\/wp-json\/wp\/v2\/media?parent=154511"}],"wp:term":[{"taxonomy":"category","embeddable":true,"href":"https:\/\/www.aarquiteta.com.br\/blog\/wp-json\/wp\/v2\/categories?post=154511"},{"taxonomy":"post_tag","embeddable":true,"href":"https:\/\/www.aarquiteta.com.br\/blog\/wp-json\/wp\/v2\/tags?post=154511"}],"curies":[{"name":"wp","href":"https:\/\/api.w.org\/{rel}","templated":true}]}}