{"id":154496,"date":"2025-10-09T07:31:38","date_gmt":"2025-10-09T10:31:38","guid":{"rendered":"https:\/\/www.aarquiteta.com.br\/blog\/sofa-para-varanda\/"},"modified":"2025-10-09T07:31:38","modified_gmt":"2025-10-09T10:31:38","slug":"sofa-para-varanda","status":"publish","type":"post","link":"https:\/\/www.aarquiteta.com.br\/blog\/sofa-para-varanda\/","title":{"rendered":"10 Inspira\u00e7\u00f5es para Sof\u00e1s de Varanda que Transformam Seu Espa\u00e7o"},"content":{"rendered":"<p>Voc\u00ea j\u00e1 pensou em como um sof\u00e1 para varanda pode transformar completamente o seu espa\u00e7o? Com as op\u00e7\u00f5es certas, sua varanda pode se tornar o lugar perfeito para relaxar e receber amigos.<\/p>\n<figure style=\"width: 1024px\" class=\"wp-caption aligncenter\"><img decoding=\"async\" src=\"https:\/\/www.aarquiteta.com.br\/blog\/wp-content\/uploads\/2025\/10\/sofa-para-varanda01.jpg\" alt=\"sofa-para-varanda\" width=\"1024\" height=\"1024\" title=\"\"><figcaption class=\"wp-caption-text\">sofa-para-varanda<\/figcaption><\/figure>\n<p>Neste artigo, vou te apresentar <b>10 inspira\u00e7\u00f5es incr\u00edveis de sof\u00e1s de varanda<\/b> que v\u00e3o deixar seu ambiente ainda mais charmoso e aconchegante. Vamos explorar diferentes estilos e materiais, para que voc\u00ea encontre o sof\u00e1 que mais se adapta ao seu estilo e necessidades.<\/p>\n<figure style=\"width: 1024px\" class=\"wp-caption aligncenter\"><img decoding=\"async\" src=\"https:\/\/www.aarquiteta.com.br\/blog\/wp-content\/uploads\/2025\/10\/sofa-para-varanda02.jpg\" alt=\"sofa-para-varanda\" width=\"1024\" height=\"1024\" title=\"\"><figcaption class=\"wp-caption-text\">sofa-para-varanda<\/figcaption><\/figure>\n<h3>1. Sof\u00e1 de Vime: a Eleg\u00e2ncia do R\u00fastico<\/h3>\n<p>O sof\u00e1 de vime \u00e9 a <b>escolha perfeita<\/b> para quem busca um toque r\u00fastico com eleg\u00e2ncia. Ele combina com a natureza e d\u00e1 um ar de frescor ao ambiente. Al\u00e9m disso, \u00e9 muito resistente \u00e0s intemp\u00e9ries.<\/p>\n<figure style=\"width: 1024px\" class=\"wp-caption aligncenter\"><img decoding=\"async\" src=\"https:\/\/www.aarquiteta.com.br\/blog\/wp-content\/uploads\/2025\/10\/sofa-para-varanda03.jpg\" alt=\"sofa-para-varanda\" width=\"1024\" height=\"1024\" title=\"\"><figcaption class=\"wp-caption-text\">sofa-para-varanda<\/figcaption><\/figure>\n<h3>2. Madeira: Cl\u00e1ssica e Dur\u00e1vel<\/h3>\n<p>Um sof\u00e1 de madeira traz for\u00e7a e personalidade \u00e0 sua varanda. Com <b>linhas simples<\/b> ou detalhes artesanais, esse modelo \u00e9 ideal para quem prioriza durabilidade sem abrir m\u00e3o do estilo. Voc\u00ea pode escolher diferentes acabamentos que se encaixam no seu gosto.<\/p>\n<h3>3. Sof\u00e1 Redondo: Convidativo e Diferente<\/h3>\n<p>O sof\u00e1 redondo promove o <b>encontro<\/b> entre amigos e familiares. \u00c9 uma pe\u00e7a que favorece conversas descontra\u00eddas, ideal para aqueles momentos de descanso ao ar livre.<\/p>\n<h3>4. Almofadas Coloridas: O Toque de Alegria<\/h3>\n<p>Incorporar almofadas coloridas n\u00e3o s\u00f3 adiciona <b>conforto<\/b>, mas tamb\u00e9m traz vida ao espa\u00e7o. Voc\u00ea pode brincar com padr\u00f5es e cores, personalizando o seu sof\u00e1 com um toque pessoal.<\/p>\n<h3>5. Sof\u00e1 de Pallet: Sustentabilidade e Criatividade<\/h3>\n<p>Se voc\u00ea adora o DIY, um sof\u00e1 de pallet pode ser a <b>solu\u00e7\u00e3o perfeita<\/b>. Com criatividade, voc\u00ea transforma uma simples estrutura em um m\u00f3vel charmoso e cheio de personalidade.<\/p>\n<h3>6. Sof\u00e1 de Fibra: Versatilidade e Estilo<\/h3>\n<p>Sof\u00e1s feitos de fibra, como o bambu, s\u00e3o <b>extremamente vers\u00e1teis<\/b> e combinam perfeitamente com qualquer decora\u00e7\u00e3o. Eles s\u00e3o leves e f\u00e1ceis de mover, sendo pr\u00e1ticos para quem gosta de mudan\u00e7as.<\/p>\n<p><div class=\"youtube-embed\" data-video_id=\"pNpwqjLVX-8\"><iframe title=\"8 SOF\u00c1S TEND\u00caNCIA 2024 \ud83d\ude0d #sofa #tendencias #decoracao #homedecor #saladeestar #sala #inspira\u00e7\u00e3o\" width=\"696\" height=\"392\" src=\"https:\/\/www.youtube.com\/embed\/pNpwqjLVX-8?feature=oembed&#038;enablejsapi=1\" frameborder=\"0\" allow=\"accelerometer; autoplay; clipboard-write; encrypted-media; gyroscope; picture-in-picture; web-share\" referrerpolicy=\"strict-origin-when-cross-origin\" allowfullscreen><\/iframe><\/div>\n<\/p>\n<h3>7. Sof\u00e1 Minimalista: Menos \u00e9 Mais<\/h3>\n<p>Se o seu estilo \u00e9 mais clean, um sof\u00e1 minimalista pode ser a <b>melhor escolha<\/b>. Ele traz sofistica\u00e7\u00e3o sem exageros, ideal para varandas modernas e com um toque de eleg\u00e2ncia.<\/p>\n<h3>8. Conjuntos com Mesa: Integrando Funcionalidade<\/h3>\n<p>Para um espa\u00e7o que promova refei\u00e7\u00f5es ao ar livre, considere um conjunto de sof\u00e1 com mesa. Isso transforma a varanda em um <b>lugar social<\/b>, perfeito para almo\u00e7os e jantares com amigos e familiares.<\/p>\n<h3>9. Cores Cl\u00e1ssicas: Azul e Branco<\/h3>\n<p>A combina\u00e7\u00e3o azul e branco \u00e9 <b>tradicional<\/b> e nunca sai de moda. Al\u00e9m de ser uma paleta que remete ao charme do litoral, ela traz frescor e leveza ao ambiente.<\/p>\n<h3>10. Mesas Laterais: Charme e Comodidade<\/h3>\n<p>Mesas laterais s\u00e3o detalhes que fazem a diferen\u00e7a. Elas oferecem um <b>espa\u00e7o extra<\/b> para apoiar drinks ou livros, tornando seu ambiente ainda mais funcional e aconchegante.<\/p>\n<table>\n<tr>\n<th>Modelo<\/th>\n<th>Vantagens<\/th>\n<th>Estilo<\/th>\n<\/tr>\n<tr>\n<td>Sof\u00e1 de Vime<\/td>\n<td>Resist\u00eancia \u00e0s intemp\u00e9ries<\/td>\n<td>R\u00fastico<\/td>\n<\/tr>\n<tr>\n<td>Sof\u00e1 de Madeira<\/td>\n<td>Durabilidade<\/td>\n<td>Cl\u00e1ssico<\/td>\n<\/tr>\n<tr>\n<td>Sof\u00e1 Redondo<\/td>\n<td>Convivialidade<\/td>\n<td>Convidativo<\/td>\n<\/tr>\n<tr>\n<td>Sof\u00e1 de Pallet<\/td>\n<td>Personaliza\u00e7\u00e3o<\/td>\n<td>R\u00fastico<\/td>\n<\/tr>\n<tr>\n<td>Sof\u00e1 de Fibra<\/td>\n<td>Leveza<\/td>\n<td>Vers\u00e1til<\/td>\n<\/tr>\n<\/table>\n<p>No final das contas, a escolha do <b>sof\u00e1 para a sua varanda<\/b> pode fazer toda a diferen\u00e7a no qu\u00e3o aproveit\u00e1vel esse espa\u00e7o ser\u00e1. Ao pensar em conforto, estilo e funcionalidade, voc\u00ea cria o cantinho perfeito para relaxar.<\/p>\n<p>Gostou das inspira\u00e7\u00f5es? N\u00e3o fique s\u00f3 por aqui! Comente abaixo suas ideias e continue navegando em nosso blog para mais dicas incr\u00edveis sobre decora\u00e7\u00e3o de espa\u00e7os externos.<\/p>\n","protected":false},"excerpt":{"rendered":"<p>10 Inspira\u00e7\u00f5es para Sof\u00e1s de Varanda que Transformam Seu Espa\u00e7o<\/p>\n","protected":false},"author":102,"featured_media":154493,"comment_status":"open","ping_status":"","sticky":false,"template":"","format":"standard","meta":{"footnotes":""},"categories":[1484],"tags":[],"class_list":["post-154496","post","type-post","status-publish","format-standard","has-post-thumbnail","category-decoracao"],"_wp_attached_file":null,"_wp_attachment_metadata":null,"_wp_attachment_context":null,"_wp_attachment_is_custom_header":null,"geo_longitude":null,"geo_public":null,"geo_latitude":null,"_publicize_done_external":null,"_wpas_done_3897181":null,"publicize_twitter_user":null,"_wpas_done_3897175":null,"_wpas_skip_3897181":null,"_wpas_skip_3897175":null,"_wpas_skip_3924723":null,"_wpas_mess":null,"_wpas_done_3924723":null,"wps_subtitle":"","_links":{"self":[{"href":"https:\/\/www.aarquiteta.com.br\/blog\/wp-json\/wp\/v2\/posts\/154496","targetHints":{"allow":["GET"]}}],"collection":[{"href":"https:\/\/www.aarquiteta.com.br\/blog\/wp-json\/wp\/v2\/posts"}],"about":[{"href":"https:\/\/www.aarquiteta.com.br\/blog\/wp-json\/wp\/v2\/types\/post"}],"author":[{"embeddable":true,"href":"https:\/\/www.aarquiteta.com.br\/blog\/wp-json\/wp\/v2\/users\/102"}],"replies":[{"embeddable":true,"href":"https:\/\/www.aarquiteta.com.br\/blog\/wp-json\/wp\/v2\/comments?post=154496"}],"version-history":[{"count":0,"href":"https:\/\/www.aarquiteta.com.br\/blog\/wp-json\/wp\/v2\/posts\/154496\/revisions"}],"wp:featuredmedia":[{"embeddable":true,"href":"https:\/\/www.aarquiteta.com.br\/blog\/wp-json\/wp\/v2\/media\/154493"}],"wp:attachment":[{"href":"https:\/\/www.aarquiteta.com.br\/blog\/wp-json\/wp\/v2\/media?parent=154496"}],"wp:term":[{"taxonomy":"category","embeddable":true,"href":"https:\/\/www.aarquiteta.com.br\/blog\/wp-json\/wp\/v2\/categories?post=154496"},{"taxonomy":"post_tag","embeddable":true,"href":"https:\/\/www.aarquiteta.com.br\/blog\/wp-json\/wp\/v2\/tags?post=154496"}],"curies":[{"name":"wp","href":"https:\/\/api.w.org\/{rel}","templated":true}]}}