{"id":154477,"date":"2025-10-07T21:01:47","date_gmt":"2025-10-08T00:01:47","guid":{"rendered":"https:\/\/www.aarquiteta.com.br\/blog\/7-tendencias-surpreendentes-de-design-de-interiores-para-2025\/"},"modified":"2025-10-07T21:01:47","modified_gmt":"2025-10-08T00:01:47","slug":"7-tendencias-surpreendentes-de-design-de-interiores-para-2025","status":"publish","type":"post","link":"https:\/\/www.aarquiteta.com.br\/blog\/7-tendencias-surpreendentes-de-design-de-interiores-para-2025\/","title":{"rendered":"7 Tend\u00eancias Surpreendentes de Design de Interiores para 2025"},"content":{"rendered":"<p>Est\u00e1 curioso sobre as <b>tend\u00eancias de design de interiores para 2025<\/b>? Este artigo traz as inova\u00e7\u00f5es que prometem deixar os ambientes mais estilosos e funcionais. Vamos explorar juntos como a decora\u00e7\u00e3o pode transformar sua casa!<\/p>\n<img decoding=\"async\" src=\"https:\/\/www.aarquiteta.com.br\/blog\/wp-content\/uploads\/2025\/10\/01-6.jpg\" alt=\"\" width=\"1024\" height=\"1024\" title=\"\">\n<h3>1. Materiais Sustent\u00e1veis em Alta<\/h3>\n<p>Em 2025, a <b>sustentabilidade<\/b> ser\u00e1 uma prioridade. Materiais ecol\u00f3gicos, como madeiras recicladas e tecidos feitos a partir de pl\u00e1sticos reaproveitados, estar\u00e3o na moda. Isso n\u00e3o s\u00f3 ajuda o planeta, como tamb\u00e9m traz um charme \u00fanico aos ambientes.<\/p>\n<img decoding=\"async\" src=\"https:\/\/www.aarquiteta.com.br\/blog\/wp-content\/uploads\/2025\/10\/02-6.jpg\" alt=\"\" width=\"1024\" height=\"1024\" title=\"\">\n<h3>2. Integra\u00e7\u00e3o de Tecnologia<\/h3>\n<p>Voc\u00ea j\u00e1 pensou em ter uma casa <b>inteligente<\/b>? A integra\u00e7\u00e3o de tecnologia permitir\u00e1 que controle tudo, desde as luzes at\u00e9 a seguran\u00e7a, com um simples toque no celular. Isso traz conveni\u00eancia e sofistica\u00e7\u00e3o para o seu dia a dia.<\/p>\n<img decoding=\"async\" src=\"https:\/\/www.aarquiteta.com.br\/blog\/wp-content\/uploads\/2025\/10\/03-6.jpg\" alt=\"\" width=\"1024\" height=\"1024\" title=\"\">\n<h3>3. Espa\u00e7os Multifuncionais<\/h3>\n<p>Com a vida moderna, a tend\u00eancia dos <b>espa\u00e7os multifuncionais<\/b> cresce. M\u00f3veis como sof\u00e1s que se transformam em camas e mesas dobr\u00e1veis s\u00e3o \u00f3timas solu\u00e7\u00f5es para maximizar o uso do espa\u00e7o, especialmente em apartamentos pequenos.<\/p>\n<h3>4. Cores Ousadas<\/h3>\n<p>Prepare-se para uma explos\u00e3o de <b>cores vibrantes<\/b> em 2025! Tons como azul profundo e verde vibrante ser\u00e3o os novos queridinhos da decora\u00e7\u00e3o. Eles refletem personalidade e podem transformar um ambiente comum em um lugar excepcional.<\/p>\n<h3>5. Texturas Diversificadas<\/h3>\n<p>Misturar <b>texturas<\/b> como veludo, madeira e metal criar\u00e1 ambientes mais interessantes. Essa combina\u00e7\u00e3o traz profundidade e um toque de sofistica\u00e7\u00e3o aos espa\u00e7os, tornando cada canto \u00fanico e convidativo.<\/p>\n<h3>6. Design Maximalista<\/h3>\n<p>Se voc\u00ea gosta de expressar sua personalidade, o <b>maximalismo<\/b> \u00e9 a tend\u00eancia ideal. Combinando padr\u00f5es e cores, essa abordagem permite que voc\u00ea crie ambientes intimistas e cheio de vida, refletindo quem voc\u00ea realmente \u00e9.<\/p>\n<h3>7. Conex\u00e3o com a Natureza<\/h3>\n<p>O design <b>biof\u00edlico<\/b>, que integra elementos naturais ao interior, estar\u00e1 em alta. Plantas, luz natural e materiais org\u00e2nicos trazem uma sensa\u00e7\u00e3o de bem-estar e conex\u00e3o com o exterior.<\/p>\n<p><div class=\"youtube-embed\" data-video_id=\"Uafr7D-UJg8\"><iframe title=\"DesigN\" width=\"696\" height=\"522\" src=\"https:\/\/www.youtube.com\/embed\/Uafr7D-UJg8?feature=oembed&#038;enablejsapi=1\" frameborder=\"0\" allow=\"accelerometer; autoplay; clipboard-write; encrypted-media; gyroscope; picture-in-picture; web-share\" referrerpolicy=\"strict-origin-when-cross-origin\" allowfullscreen><\/iframe><\/div>\n<\/p>\n<table>\n<tr>\n<th>Tend\u00eancias<\/th>\n<th>Caracter\u00edsticas<\/th>\n<\/tr>\n<tr>\n<td>Materiais Sustent\u00e1veis<\/td>\n<td>Uso de produtos ecol\u00f3gicos e reciclados.<\/td>\n<\/tr>\n<tr>\n<td>Integra\u00e7\u00e3o de Tecnologia<\/td>\n<td>Sistemas que permitem controle remoto de fun\u00e7\u00f5es dom\u00e9sticas.<\/td>\n<\/tr>\n<tr>\n<td>Espa\u00e7os Multifuncionais<\/td>\n<td>M\u00f3veis que ocupam menos espa\u00e7o, mas cumprem v\u00e1rias fun\u00e7\u00f5es.<\/td>\n<\/tr>\n<tr>\n<td>Cores Ousadas<\/td>\n<td>Tons vibrantes que trazem vida aos ambientes.<\/td>\n<\/tr>\n<tr>\n<td>Texturas Diversificadas<\/td>\n<td>Mistura de materiais para criar profundidade e interesse.<\/td>\n<\/tr>\n<tr>\n<td>Design Maximalista<\/td>\n<td>Combina\u00e7\u00e3o de diferentes padr\u00f5es e estilos.<\/td>\n<\/tr>\n<tr>\n<td>Conex\u00e3o com a Natureza<\/td>\n<td>Integra\u00e7\u00e3o de elementos naturais ao design.<\/td>\n<\/tr>\n<\/table>\n<p>Agora que voc\u00ea conhece as <b>tend\u00eancias de design de interiores para 2025<\/b>, que tal come\u00e7ar a planejar a transforma\u00e7\u00e3o da sua casa? Siga-nos para mais dicas relacionadas a decora\u00e7\u00e3o e inspire-se a cada dia!<\/p>\n","protected":false},"excerpt":{"rendered":"<p>7 Tend\u00eancias Surpreendentes de Design de Interiores para 2025<\/p>\n","protected":false},"author":102,"featured_media":154474,"comment_status":"open","ping_status":"","sticky":false,"template":"","format":"standard","meta":{"footnotes":""},"categories":[1484],"tags":[],"class_list":["post-154477","post","type-post","status-publish","format-standard","has-post-thumbnail","category-decoracao"],"_wp_attached_file":null,"_wp_attachment_metadata":null,"_wp_attachment_context":null,"_wp_attachment_is_custom_header":null,"geo_longitude":null,"geo_public":null,"geo_latitude":null,"_publicize_done_external":null,"_wpas_done_3897181":null,"publicize_twitter_user":null,"_wpas_done_3897175":null,"_wpas_skip_3897181":null,"_wpas_skip_3897175":null,"_wpas_skip_3924723":null,"_wpas_mess":null,"_wpas_done_3924723":null,"wps_subtitle":"","_links":{"self":[{"href":"https:\/\/www.aarquiteta.com.br\/blog\/wp-json\/wp\/v2\/posts\/154477","targetHints":{"allow":["GET"]}}],"collection":[{"href":"https:\/\/www.aarquiteta.com.br\/blog\/wp-json\/wp\/v2\/posts"}],"about":[{"href":"https:\/\/www.aarquiteta.com.br\/blog\/wp-json\/wp\/v2\/types\/post"}],"author":[{"embeddable":true,"href":"https:\/\/www.aarquiteta.com.br\/blog\/wp-json\/wp\/v2\/users\/102"}],"replies":[{"embeddable":true,"href":"https:\/\/www.aarquiteta.com.br\/blog\/wp-json\/wp\/v2\/comments?post=154477"}],"version-history":[{"count":0,"href":"https:\/\/www.aarquiteta.com.br\/blog\/wp-json\/wp\/v2\/posts\/154477\/revisions"}],"wp:featuredmedia":[{"embeddable":true,"href":"https:\/\/www.aarquiteta.com.br\/blog\/wp-json\/wp\/v2\/media\/154474"}],"wp:attachment":[{"href":"https:\/\/www.aarquiteta.com.br\/blog\/wp-json\/wp\/v2\/media?parent=154477"}],"wp:term":[{"taxonomy":"category","embeddable":true,"href":"https:\/\/www.aarquiteta.com.br\/blog\/wp-json\/wp\/v2\/categories?post=154477"},{"taxonomy":"post_tag","embeddable":true,"href":"https:\/\/www.aarquiteta.com.br\/blog\/wp-json\/wp\/v2\/tags?post=154477"}],"curies":[{"name":"wp","href":"https:\/\/api.w.org\/{rel}","templated":true}]}}