{"id":154445,"date":"2025-10-05T17:31:32","date_gmt":"2025-10-05T20:31:32","guid":{"rendered":"https:\/\/www.aarquiteta.com.br\/blog\/parede-colorida-3\/"},"modified":"2025-10-05T17:31:32","modified_gmt":"2025-10-05T20:31:32","slug":"parede-colorida-3","status":"publish","type":"post","link":"https:\/\/www.aarquiteta.com.br\/blog\/parede-colorida-3\/","title":{"rendered":"As 10 Melhores Ideias para Decorar sua Parede Colorida"},"content":{"rendered":"<p>Voc\u00ea quer dar um novo visual \u00e0 sua casa? A <b>parede colorida<\/b> \u00e9 a solu\u00e7\u00e3o perfeita! Com poucas ideias, voc\u00ea transforma o ambiente, trazendo <b>alegria<\/b> e estilo.<\/p>\n<figure style=\"width: 1024px\" class=\"wp-caption aligncenter\"><img decoding=\"async\" src=\"https:\/\/www.aarquiteta.com.br\/blog\/wp-content\/uploads\/2025\/10\/parede-colorida01.jpg\" alt=\"parede-colorida\" width=\"1024\" height=\"1024\" title=\"\"><figcaption class=\"wp-caption-text\">parede-colorida<\/figcaption><\/figure>\n<h3>As 10 Melhores Ideias para Decorar sua Parede Colorida<\/h3>\n<p>Mudar a decora\u00e7\u00e3o da sua casa pode ser um desafio. <b>Todavia<\/b>, com as paredes coloridas, isso se torna f\u00e1cil e divertido. Neste artigo, vou apresentar as melhores ideias para voc\u00ea se inspirar e deixar seu espa\u00e7o <b>incr\u00edvel<\/b>.<\/p>\n<figure style=\"width: 1024px\" class=\"wp-caption aligncenter\"><img decoding=\"async\" src=\"https:\/\/www.aarquiteta.com.br\/blog\/wp-content\/uploads\/2025\/10\/parede-colorida02.jpg\" alt=\"parede-colorida\" width=\"1024\" height=\"1024\" title=\"\"><figcaption class=\"wp-caption-text\">parede-colorida<\/figcaption><\/figure>\n<h3>1. Escolha uma Paleta de Cores<\/h3>\n<p>A primeira dica \u00e9 <b>definir uma paleta de cores<\/b>. Isso ajuda a manter a harmonia no ambiente. Use ferramentas online que te ajudam a visualizar as combina\u00e7\u00f5es.<\/p>\n<figure style=\"width: 1024px\" class=\"wp-caption aligncenter\"><img decoding=\"async\" src=\"https:\/\/www.aarquiteta.com.br\/blog\/wp-content\/uploads\/2025\/10\/parede-colorida03.jpg\" alt=\"parede-colorida\" width=\"1024\" height=\"1024\" title=\"\"><figcaption class=\"wp-caption-text\">parede-colorida<\/figcaption><\/figure>\n<h3>2. Paredes Geom\u00e9tricas<\/h3>\n<p>As <b>paredes geom\u00e9tricas<\/b> est\u00e3o em alta e ficam super modernas. \u00c9 f\u00e1cil de fazer com fita adesiva, criando formas que surpreendem!<\/p>\n<h3>3. Um Toque de Listras<\/h3>\n<p>Que tal usar <b>listras<\/b>? Elas trazem um efeito visual incr\u00edvel e podem ser verticais ou horizontais, dependendo do seu estilo.<\/p>\n<h3>4. Cores Pop para Crian\u00e7as<\/h3>\n<p>Paredes de quartos infantis pedem cores vibrantes. Invista no <b>azul<\/b>, <b>verde<\/b> ou <b>rosa<\/b> para criar um espa\u00e7o l\u00fadico e divertido.<\/p>\n<h3>5. Azure e Branco para Eleg\u00e2ncia<\/h3>\n<p>Combina\u00e7\u00f5es de <b>azul e branco<\/b> trazem um ar sofisticado. Essa dupla funciona bem em qualquer c\u00f4modo, principalmente em salas e banheiros.<\/p>\n<h3>6. Adicione Texturas<\/h3>\n<p>Texturas na parede, como papel de parede e adesivos, podem complementar as <b>cores<\/b> e dar um toque especial ao ambiente.<\/p>\n<p><div class=\"youtube-embed\" data-video_id=\"BGTAW9fc0tE\"><iframe title=\"20 IDEIAS DE CORES PARA SALA DE ESTAR 2025 | Cores para Casas Internas | Cores para interior de Casa\" width=\"696\" height=\"392\" src=\"https:\/\/www.youtube.com\/embed\/BGTAW9fc0tE?feature=oembed&#038;enablejsapi=1\" frameborder=\"0\" allow=\"accelerometer; autoplay; clipboard-write; encrypted-media; gyroscope; picture-in-picture; web-share\" referrerpolicy=\"strict-origin-when-cross-origin\" allowfullscreen><\/iframe><\/div>\n<\/p>\n<h3>7. Decora\u00e7\u00e3o com Quadros<\/h3>\n<p>Quadros que harmonizam com a parede colorida entram como uma bela <b>complementa\u00e7\u00e3o<\/b> da decora\u00e7\u00e3o. S\u00e3o \u00f3timos para dar personalidade!<\/p>\n<h3>8. Nichos e Prateleiras<\/h3>\n<p>Utilize <b>nichos<\/b> e prateleiras decorativas. Al\u00e9m de praticidade, elas trazem estilo e ajudam a organizar objetos.<\/p>\n<h3>9. Cord\u00f5es de Luz<\/h3>\n<p>Os <b>cord\u00f5es de luz<\/b> s\u00e3o uma forma criativa de iluminar e decorar a parede. Eles trazem um charme a mais, ideal para ambientes descontra\u00eddos.<\/p>\n<h3>10. Mudan\u00e7a com Tecido<\/h3>\n<p>Por \u00faltimo, o uso de <b>tecidos<\/b> como cortinas ou pain\u00e9is pode mudar completamente o visual. Escolha cores que se destaquem na parede e crie um espa\u00e7o mais acolhedor.<\/p>\n<table>\n<tr>\n<th>Ideias<\/th>\n<th>Detalhes<\/th>\n<\/tr>\n<tr>\n<td>Paleta de Cores<\/td>\n<td>Mantenha harmonia na decora\u00e7\u00e3o.<\/td>\n<\/tr>\n<tr>\n<td>Paredes Geom\u00e9tricas<\/td>\n<td>F\u00e1cil de aplicar com fita adesiva.<\/td>\n<\/tr>\n<tr>\n<td>Listras<\/td>\n<td>Cria efeitos visuais interessantes.<\/td>\n<\/tr>\n<tr>\n<td>Cores para Crian\u00e7as<\/td>\n<td>Espa\u00e7os divertidos e alegres.<\/td>\n<\/tr>\n<tr>\n<td>Azure e Branco<\/td>\n<td>Ar sofisticado e elegante.<\/td>\n<\/tr>\n<\/table>\n<p>Agora que voc\u00ea tem \u00f3timas ideias, que tal come\u00e7ar a <b>transformar<\/b> sua casa? N\u00e3o tenha medo de usar sua criatividade. Escolha as cores e estilos que representam <b>voc\u00ea<\/b>.<\/p>\n<p>Gostou dessas dicas? Compartilhe sua experi\u00eancia ou suas ideias de decora\u00e7\u00e3o nos coment\u00e1rios!<\/p>\n","protected":false},"excerpt":{"rendered":"<p>As 10 Melhores Ideias para Decorar sua Parede Colorida<\/p>\n","protected":false},"author":102,"featured_media":154442,"comment_status":"open","ping_status":"","sticky":false,"template":"","format":"standard","meta":{"footnotes":""},"categories":[249,1484],"tags":[],"class_list":["post-154445","post","type-post","status-publish","format-standard","has-post-thumbnail","category-engenharia-e-construcao-civil","category-decoracao"],"_wp_attached_file":null,"_wp_attachment_metadata":null,"_wp_attachment_context":null,"_wp_attachment_is_custom_header":null,"geo_longitude":null,"geo_public":null,"geo_latitude":null,"_publicize_done_external":null,"_wpas_done_3897181":null,"publicize_twitter_user":null,"_wpas_done_3897175":null,"_wpas_skip_3897181":null,"_wpas_skip_3897175":null,"_wpas_skip_3924723":null,"_wpas_mess":null,"_wpas_done_3924723":null,"wps_subtitle":"","_links":{"self":[{"href":"https:\/\/www.aarquiteta.com.br\/blog\/wp-json\/wp\/v2\/posts\/154445","targetHints":{"allow":["GET"]}}],"collection":[{"href":"https:\/\/www.aarquiteta.com.br\/blog\/wp-json\/wp\/v2\/posts"}],"about":[{"href":"https:\/\/www.aarquiteta.com.br\/blog\/wp-json\/wp\/v2\/types\/post"}],"author":[{"embeddable":true,"href":"https:\/\/www.aarquiteta.com.br\/blog\/wp-json\/wp\/v2\/users\/102"}],"replies":[{"embeddable":true,"href":"https:\/\/www.aarquiteta.com.br\/blog\/wp-json\/wp\/v2\/comments?post=154445"}],"version-history":[{"count":0,"href":"https:\/\/www.aarquiteta.com.br\/blog\/wp-json\/wp\/v2\/posts\/154445\/revisions"}],"wp:featuredmedia":[{"embeddable":true,"href":"https:\/\/www.aarquiteta.com.br\/blog\/wp-json\/wp\/v2\/media\/154442"}],"wp:attachment":[{"href":"https:\/\/www.aarquiteta.com.br\/blog\/wp-json\/wp\/v2\/media?parent=154445"}],"wp:term":[{"taxonomy":"category","embeddable":true,"href":"https:\/\/www.aarquiteta.com.br\/blog\/wp-json\/wp\/v2\/categories?post=154445"},{"taxonomy":"post_tag","embeddable":true,"href":"https:\/\/www.aarquiteta.com.br\/blog\/wp-json\/wp\/v2\/tags?post=154445"}],"curies":[{"name":"wp","href":"https:\/\/api.w.org\/{rel}","templated":true}]}}