{"id":154371,"date":"2025-09-30T17:32:00","date_gmt":"2025-09-30T20:32:00","guid":{"rendered":"https:\/\/www.aarquiteta.com.br\/blog\/conceito-aberto-2\/"},"modified":"2025-09-30T17:32:00","modified_gmt":"2025-09-30T20:32:00","slug":"conceito-aberto-2","status":"publish","type":"post","link":"https:\/\/www.aarquiteta.com.br\/blog\/conceito-aberto-2\/","title":{"rendered":"7 Tend\u00eancias para Ambientes Abertos"},"content":{"rendered":"<p>Voc\u00ea sabia que apostar em <b>ambientes abertos<\/b> pode transformar sua casa em um espa\u00e7o elegante e acolhedor? Com essas 7 tend\u00eancias, dou dicas incr\u00edveis para voc\u00ea valorizar seu lar.<\/p>\n<figure style=\"width: 1024px\" class=\"wp-caption aligncenter\"><img decoding=\"async\" src=\"https:\/\/www.aarquiteta.com.br\/blog\/wp-content\/uploads\/2025\/09\/conceito-aberto01.jpg\" alt=\"conceito-aberto\" width=\"1024\" height=\"1024\" title=\"\"><figcaption class=\"wp-caption-text\">conceito-aberto<\/figcaption><\/figure>\n<h3>O que s\u00e3o ambientes abertos?<\/h3>\n<p>Ambientes abertos s\u00e3o espa\u00e7os que conectam diversos c\u00f4modos, como sala, cozinha e \u00e1rea de jantar, sem paredes que os separem. Assim, a <b>integra\u00e7\u00e3o<\/b> entre os espa\u00e7os proporciona uma sensa\u00e7\u00e3o de amplitude e modernidade.<\/p>\n<figure style=\"width: 1024px\" class=\"wp-caption aligncenter\"><img decoding=\"async\" src=\"https:\/\/www.aarquiteta.com.br\/blog\/wp-content\/uploads\/2025\/09\/conceito-aberto02.jpg\" alt=\"conceito-aberto\" width=\"1024\" height=\"1024\" title=\"\"><figcaption class=\"wp-caption-text\">conceito-aberto<\/figcaption><\/figure>\n<h3>Tend\u00eancias em ambientes abertos<\/h3>\n<p>Vamos explorar as <b>tend\u00eancias<\/b> mais quentes em ambientes abertos que v\u00e3o refrescar o visual da sua casa.<\/p>\n<figure style=\"width: 1024px\" class=\"wp-caption aligncenter\"><img decoding=\"async\" src=\"https:\/\/www.aarquiteta.com.br\/blog\/wp-content\/uploads\/2025\/09\/conceito-aberto03.jpg\" alt=\"conceito-aberto\" width=\"1024\" height=\"1024\" title=\"\"><figcaption class=\"wp-caption-text\">conceito-aberto<\/figcaption><\/figure>\n<h3>1. Uso de M\u00f3veis Multifuncionais<\/h3>\n<p>Os m\u00f3veis que exercem m\u00faltiplas fun\u00e7\u00f5es, como sof\u00e1s-camas ou mesas extens\u00edveis, s\u00e3o super populares. Eles<strong> otimizam o espa\u00e7o<\/strong> e oferecem flexibilidade.<\/p>\n<h3>2. Ilumina\u00e7\u00e3o Natural<\/h3>\n<p>Valorizar a luz do sol \u00e9 essencial. Grandes janelas ou portas de vidro criam um <b>ambiente mais claro<\/b> e acolhedor, tornando o espa\u00e7o mais convidativo.<\/p>\n<h3>3. Cores Neutras e Aconchegantes<\/h3>\n<p>Embora o colorido tenha seu charme, as <b>tonalidades neutras<\/b> contribuem para a eleg\u00e2ncia e versatilidade do espa\u00e7o. Assim, voc\u00ea pode brincar mais com a decora\u00e7\u00e3o.<\/p>\n<h3>4. Plantas e Elementos Naturais<\/h3>\n<p>Adicionar <b>plantas<\/b> traz frescor e vida ao ambiente. Elas s\u00e3o perfeitas para integrar as \u00e1reas internas e externas, al\u00e9m de purificar o ar.<\/p>\n<h3>5. Divis\u00f3rias Criativas<\/h3>\n<p>Se voc\u00ea precisa de um pouco de privacidade, op\u00e7\u00f5es como estantes abertas ou biombos decorativos podem servir perfeitamente. Eles separam espa\u00e7os sem bloquear a <b>visibilidade<\/b>.<\/p>\n<p><div class=\"youtube-embed\" data-video_id=\"EbfQ3yEYzGw\"><iframe title=\"Casa que abra\u00e7a com ambientes abertos e uso de elementos naturais e plantas na decora\u00e7\u00e3o\" width=\"696\" height=\"392\" src=\"https:\/\/www.youtube.com\/embed\/EbfQ3yEYzGw?feature=oembed&#038;enablejsapi=1\" frameborder=\"0\" allow=\"accelerometer; autoplay; clipboard-write; encrypted-media; gyroscope; picture-in-picture; web-share\" referrerpolicy=\"strict-origin-when-cross-origin\" allowfullscreen><\/iframe><\/div>\n<\/p>\n<h3>6. Ambientes Gourmet<\/h3>\n<p>O conceito de cozinha integrada com \u00e1rea gourmet est\u00e1 em alta. Um barrado ou uma ilha podem facilitar a <b>socializa\u00e7\u00e3o<\/b> enquanto se cozinha e se serve.<\/p>\n<h3>7. Tecnologia Integrada<\/h3>\n<p>Sistemas de som e ilumina\u00e7\u00e3o inteligentes s\u00e3o cada vez mais comuns. Eles permitem personaliza\u00e7\u00e3o e facilitam o uso do espa\u00e7o. Invista em tecnologia para modernizar seu lar!<\/p>\n<table>\n<tr>\n<th>Tend\u00eancia<\/th>\n<th>Descri\u00e7\u00e3o<\/th>\n<\/tr>\n<tr>\n<td>M\u00f3veis Multifuncionais<\/td>\n<td>Aproveitam espa\u00e7o e oferecem versatilidade.<\/td>\n<\/tr>\n<tr>\n<td>Ilumina\u00e7\u00e3o Natural<\/td>\n<td>Aumenta clareza e calor no ambiente.<\/td>\n<\/tr>\n<tr>\n<td>Cores Neutras<\/td>\n<td>F\u00e1cil de combinar e traz sofistica\u00e7\u00e3o.<\/td>\n<\/tr>\n<tr>\n<td>Plantas Naturais<\/td>\n<td>Revitaliza espa\u00e7o e purifica o ar.<\/td>\n<\/tr>\n<tr>\n<td>Divis\u00f3rias Criativas<\/td>\n<td>Oferece privacidade sem fechar os espa\u00e7os.<\/td>\n<\/tr>\n<tr>\n<td>Ambientes Gourmet<\/td>\n<td>Integra cozinha e \u00e1reas sociais para socializa\u00e7\u00e3o.<\/td>\n<\/tr>\n<tr>\n<td>Tecnologia Integrada<\/td>\n<td>Facilita a personaliza\u00e7\u00e3o e moderniza\u00e7\u00e3o do lar.<\/td>\n<\/tr>\n<\/table>\n<p>Gostou das dicas? Agora \u00e9 sua vez de colocar em pr\u00e1tica e transformar sua casa em um ambiente aberto incr\u00edvel! <b>Comente e compartilhe<\/b> sua experi\u00eancia ou outras ideias que voc\u00ea tenha!<\/p>\n","protected":false},"excerpt":{"rendered":"<p>7 Tend\u00eancias para Ambientes Abertos<\/p>\n","protected":false},"author":102,"featured_media":154368,"comment_status":"open","ping_status":"","sticky":false,"template":"","format":"standard","meta":{"footnotes":""},"categories":[249,1484],"tags":[],"class_list":["post-154371","post","type-post","status-publish","format-standard","has-post-thumbnail","category-engenharia-e-construcao-civil","category-decoracao"],"_wp_attached_file":null,"_wp_attachment_metadata":null,"_wp_attachment_context":null,"_wp_attachment_is_custom_header":null,"geo_longitude":null,"geo_public":null,"geo_latitude":null,"_publicize_done_external":null,"_wpas_done_3897181":null,"publicize_twitter_user":null,"_wpas_done_3897175":null,"_wpas_skip_3897181":null,"_wpas_skip_3897175":null,"_wpas_skip_3924723":null,"_wpas_mess":null,"_wpas_done_3924723":null,"wps_subtitle":"","_links":{"self":[{"href":"https:\/\/www.aarquiteta.com.br\/blog\/wp-json\/wp\/v2\/posts\/154371","targetHints":{"allow":["GET"]}}],"collection":[{"href":"https:\/\/www.aarquiteta.com.br\/blog\/wp-json\/wp\/v2\/posts"}],"about":[{"href":"https:\/\/www.aarquiteta.com.br\/blog\/wp-json\/wp\/v2\/types\/post"}],"author":[{"embeddable":true,"href":"https:\/\/www.aarquiteta.com.br\/blog\/wp-json\/wp\/v2\/users\/102"}],"replies":[{"embeddable":true,"href":"https:\/\/www.aarquiteta.com.br\/blog\/wp-json\/wp\/v2\/comments?post=154371"}],"version-history":[{"count":0,"href":"https:\/\/www.aarquiteta.com.br\/blog\/wp-json\/wp\/v2\/posts\/154371\/revisions"}],"wp:featuredmedia":[{"embeddable":true,"href":"https:\/\/www.aarquiteta.com.br\/blog\/wp-json\/wp\/v2\/media\/154368"}],"wp:attachment":[{"href":"https:\/\/www.aarquiteta.com.br\/blog\/wp-json\/wp\/v2\/media?parent=154371"}],"wp:term":[{"taxonomy":"category","embeddable":true,"href":"https:\/\/www.aarquiteta.com.br\/blog\/wp-json\/wp\/v2\/categories?post=154371"},{"taxonomy":"post_tag","embeddable":true,"href":"https:\/\/www.aarquiteta.com.br\/blog\/wp-json\/wp\/v2\/tags?post=154371"}],"curies":[{"name":"wp","href":"https:\/\/api.w.org\/{rel}","templated":true}]}}