{"id":154333,"date":"2025-09-27T21:01:47","date_gmt":"2025-09-28T00:01:47","guid":{"rendered":"https:\/\/www.aarquiteta.com.br\/blog\/10-inspiracoes-para-transformar-seu-quarto-azul-em-um-refugio-relaxante\/"},"modified":"2025-09-27T21:01:47","modified_gmt":"2025-09-28T00:01:47","slug":"10-inspiracoes-para-transformar-seu-quarto-azul-em-um-refugio-relaxante","status":"publish","type":"post","link":"https:\/\/www.aarquiteta.com.br\/blog\/10-inspiracoes-para-transformar-seu-quarto-azul-em-um-refugio-relaxante\/","title":{"rendered":"10 Inspira\u00e7\u00f5es Para Transformar Seu Quarto Azul Em Um Ref\u00fagio Relaxante"},"content":{"rendered":"<p>Transforme seu quarto em um <b>ref\u00fagio relaxante<\/b> ao adotar diferentes tonalidades de azul. Com estas dicas, seu espa\u00e7o ficar\u00e1 incr\u00edvel!<\/p>\n<img decoding=\"async\" src=\"https:\/\/www.aarquiteta.com.br\/blog\/wp-content\/uploads\/2025\/09\/01-10.jpg\" alt=\"\" width=\"1024\" height=\"1024\" title=\"\">\n<h3>1. Paleta Cl\u00e1ssica de Azul e Branco<\/h3>\n<p>A combina\u00e7\u00e3o de <b>azul marinho<\/b> e branco traz eleg\u00e2ncia atemporal ao ambiente. Voc\u00ea pode usar o azul nas paredes e o branco nos m\u00f3veis, criando um <b>contraste sofisticado<\/b>.<\/p>\n<img decoding=\"async\" src=\"https:\/\/www.aarquiteta.com.br\/blog\/wp-content\/uploads\/2025\/09\/02-10.jpg\" alt=\"\" width=\"1024\" height=\"1024\" title=\"\">\n<h3>2. Azuis Past\u00e9is para um Ambiente Calmo<\/h3>\n<p>Se a serenidade \u00e9 a sua meta, escolha tons <b>past\u00e9is de azul<\/b>. Eles promovem um clima de tranquilidade e s\u00e3o ideais para um quarto relaxante.<\/p>\n<img decoding=\"async\" src=\"https:\/\/www.aarquiteta.com.br\/blog\/wp-content\/uploads\/2025\/09\/03-10.jpg\" alt=\"\" width=\"1024\" height=\"1024\" title=\"\">\n<h3>3. Paredes de Acento em Azul<\/h3>\n<p>Uma parede de destaque em azul vibrante pode ser o toque que faltava. Assim, voc\u00ea chama a aten\u00e7\u00e3o e adiciona profundidade ao seu espa\u00e7o.<br \/>Combine com m\u00f3veis neutros para equilibrar.<\/p>\n<h3>4. Camadas de Diferentes Tons de Azul<\/h3>\n<p>Por que se limitar a apenas um tom? <b>Mescle tonalidades claras, m\u00e9dias e escuras<\/b> para dar riqueza ao ambiente e uma sensa\u00e7\u00e3o <b>din\u00e2mica<\/b>. Isso traz um visual mais envolvente.<\/p>\n<h3>5. Azul Costeiro com Acabamentos Naturais<\/h3>\n<p>Para uma vibe praiana, combine <b>azuis costais<\/b> com materiais naturais, como madeira. Essa mistura traz um clima leve e relaxante ao quarto.<\/p>\n<h3>Resumo das Inspira\u00e7\u00f5es<\/h3>\n<table>\n<tr>\n<th>Inspira\u00e7\u00e3o<\/th>\n<th>Descri\u00e7\u00e3o<\/th>\n<\/tr>\n<tr>\n<td>Paleta Cl\u00e1ssica<\/td>\n<td>A combina\u00e7\u00e3o navy e branco traz eleg\u00e2ncia e sofistica\u00e7\u00e3o.<\/td>\n<\/tr>\n<tr>\n<td>Azuis Past\u00e9is<\/td>\n<td>Cria um ambiente calmo e acolhedor.<\/td>\n<\/tr>\n<tr>\n<td>Parede de Acento<\/td>\n<td>Um destaque de azul vibrante adiciona profundidade.<\/td>\n<\/tr>\n<tr>\n<td>Camadas de Azul<\/td>\n<td>Mix de tonalidades que traz riqueza ao espa\u00e7o.<\/td>\n<\/tr>\n<tr>\n<td>Azul Costeiro<\/td>\n<td>Combine com madeira para um toque relaxante.<\/td>\n<\/tr>\n<\/table>\n<h3>6. Azul Noturno para Sofistica\u00e7\u00e3o<\/h3>\n<p>Azul meia-noite traz um ar <b>luxuoso<\/b> ao quarto, criando um espa\u00e7o aconchegante e perfeito para relaxar.<\/p>\n<h3>7. Azul e Met\u00e1licos<\/h3>\n<p>A combina\u00e7\u00e3o de <b>azul com detalhes met\u00e1licos<\/b> cria um efeito elegante e sofisticado, ideal para quem busca um toque de glam.<\/p>\n<p>https:\/\/www.youtube.com\/watch?v=<\/p>\n<h3>8. Acess\u00f3rios Azuis<\/h3>\n<p>Use <b>acess\u00f3rios azuis<\/b> como almofadas e quadros para adicionar toques de cor e personalidade ao seu espa\u00e7o.<\/p>\n<h3>9. M\u00f3veis Azuis para Eleg\u00e2ncia Sutil<\/h3>\n<p>Al\u00e9m das paredes, adicione m\u00f3veis em <b>tonalidades azuis<\/b>, como cadeiras ou mesas, para criar um espa\u00e7o convidativo e cheio de estilo.<\/p>\n<h3>10. Incorporando Verde<\/h3>\n<p>A introdu\u00e7\u00e3o de plantas pode complementar as <b>tonalidades azuis<\/b> e trazer um frescor ao ambiente, tornando-o ainda mais acolhedor.<\/p>\n<p>Criar um <b>ref\u00fagio relaxante<\/b> \u00e9 poss\u00edvel com essas dicas sobre como transformar seu quarto azul. Experimente uma dessas ideias e traga mais estilo e serenidade para o seu espa\u00e7o! Que tal comentar qual ideia voc\u00ea mais gostou?<\/p>\n","protected":false},"excerpt":{"rendered":"<p>10 Inspira\u00e7\u00f5es Para Transformar Seu Quarto Azul Em Um Ref\u00fagio Relaxante<\/p>\n","protected":false},"author":102,"featured_media":154330,"comment_status":"open","ping_status":"","sticky":false,"template":"","format":"standard","meta":{"footnotes":""},"categories":[1484],"tags":[],"class_list":["post-154333","post","type-post","status-publish","format-standard","has-post-thumbnail","category-decoracao"],"_wp_attached_file":null,"_wp_attachment_metadata":null,"_wp_attachment_context":null,"_wp_attachment_is_custom_header":null,"geo_longitude":null,"geo_public":null,"geo_latitude":null,"_publicize_done_external":null,"_wpas_done_3897181":null,"publicize_twitter_user":null,"_wpas_done_3897175":null,"_wpas_skip_3897181":null,"_wpas_skip_3897175":null,"_wpas_skip_3924723":null,"_wpas_mess":null,"_wpas_done_3924723":null,"wps_subtitle":"","_links":{"self":[{"href":"https:\/\/www.aarquiteta.com.br\/blog\/wp-json\/wp\/v2\/posts\/154333","targetHints":{"allow":["GET"]}}],"collection":[{"href":"https:\/\/www.aarquiteta.com.br\/blog\/wp-json\/wp\/v2\/posts"}],"about":[{"href":"https:\/\/www.aarquiteta.com.br\/blog\/wp-json\/wp\/v2\/types\/post"}],"author":[{"embeddable":true,"href":"https:\/\/www.aarquiteta.com.br\/blog\/wp-json\/wp\/v2\/users\/102"}],"replies":[{"embeddable":true,"href":"https:\/\/www.aarquiteta.com.br\/blog\/wp-json\/wp\/v2\/comments?post=154333"}],"version-history":[{"count":0,"href":"https:\/\/www.aarquiteta.com.br\/blog\/wp-json\/wp\/v2\/posts\/154333\/revisions"}],"wp:featuredmedia":[{"embeddable":true,"href":"https:\/\/www.aarquiteta.com.br\/blog\/wp-json\/wp\/v2\/media\/154330"}],"wp:attachment":[{"href":"https:\/\/www.aarquiteta.com.br\/blog\/wp-json\/wp\/v2\/media?parent=154333"}],"wp:term":[{"taxonomy":"category","embeddable":true,"href":"https:\/\/www.aarquiteta.com.br\/blog\/wp-json\/wp\/v2\/categories?post=154333"},{"taxonomy":"post_tag","embeddable":true,"href":"https:\/\/www.aarquiteta.com.br\/blog\/wp-json\/wp\/v2\/tags?post=154333"}],"curies":[{"name":"wp","href":"https:\/\/api.w.org\/{rel}","templated":true}]}}