{"id":154318,"date":"2025-09-26T21:01:38","date_gmt":"2025-09-27T00:01:38","guid":{"rendered":"https:\/\/www.aarquiteta.com.br\/blog\/as-5-melhores-dicas-para-escolher-a-cor-do-telhado-perfeito\/"},"modified":"2025-09-26T21:01:38","modified_gmt":"2025-09-27T00:01:38","slug":"as-5-melhores-dicas-para-escolher-a-cor-do-telhado-perfeito","status":"publish","type":"post","link":"https:\/\/www.aarquiteta.com.br\/blog\/as-5-melhores-dicas-para-escolher-a-cor-do-telhado-perfeito\/","title":{"rendered":"As 5 Melhores Dicas para Escolher a Cor do Telhado Perfeito"},"content":{"rendered":"<p>Escolher a cor do telhado \u00e9 mais do que uma quest\u00e3o est\u00e9tica; \u00e9 uma decis\u00e3o estrat\u00e9gica que pode transformar sua casa. Vamos descobrir juntos as melhores dicas!<\/p>\n<img decoding=\"async\" src=\"https:\/\/www.aarquiteta.com.br\/blog\/wp-content\/uploads\/2025\/09\/01-9.jpg\" alt=\"\" width=\"1024\" height=\"1024\" title=\"\">\n<h3>1. Considere o Estilo Arquitet\u00f4nico da Sua Casa<\/h3>\n<p>O <b>estilo arquitet\u00f4nico<\/b> da sua casa \u00e9 fundamental na escolha da cor do telhado. Por exemplo, casas coloniais combinam bem com cores tradicionais, como preto ou marrom.<\/p>\n<img decoding=\"async\" src=\"https:\/\/www.aarquiteta.com.br\/blog\/wp-content\/uploads\/2025\/09\/02-9.jpg\" alt=\"\" width=\"1024\" height=\"1024\" title=\"\">\n<p>Para um visual moderno, os tons de cinza ou met\u00e1licos s\u00e3o \u00f3timos. Pense tamb\u00e9m no contraste: telhados verdes ou azuis podem destacar fachadas claras.<\/p>\n<img decoding=\"async\" src=\"https:\/\/www.aarquiteta.com.br\/blog\/wp-content\/uploads\/2025\/09\/03-9.jpg\" alt=\"\" width=\"1024\" height=\"1024\" title=\"\">\n<h3>2. Pense nas Condi\u00e7\u00f5es Clim\u00e1ticas<\/h3>\n<p>A cor do telhado influencia a temperatura interna da casa. Cores claras, como branco e bege, ajudam a <b>refletir o calor<\/b>, ideal para climas quentes. J\u00e1 os tons escuros ret\u00eam calor, sendo \u00f3timos para regi\u00f5es frias.<\/p>\n<h3>3. Verifique as Normas da Prefeitura e da HOA<\/h3>\n<p>Antes de escolher a cor, voc\u00ea precisa verificar as <b>normas locais<\/b>. Em muitas associa\u00e7\u00f5es de moradores, existem diretrizes rigorosas sobre as cores do telhado.<\/p>\n<p>N\u00e3o se esque\u00e7a de consultar essas regras para evitar problemas legais ou a necessidade de mudan\u00e7as indesejadas.<\/p>\n<h3>4. Avalie a Durabilidade e Manuten\u00e7\u00e3o<\/h3>\n<p>Escolher uma cor n\u00e3o \u00e9 s\u00f3 uma escolha est\u00e9tica. \u00c9 preciso considerar a <b>durabilidade<\/b> e quanto trabalho voc\u00ea quer ter para manter o telhado. Tons claros podem mostrar sujeira mais rapidamente, enquanto cores mais escuras podem disfar\u00e7ar melhor marcas e manchas.<\/p>\n<h3>5. Consulte um Profissional<\/h3>\n<p>Por fim, <b>consultar um especialista<\/b> pode fazer toda a diferen\u00e7a. Um telhadista qualificado pode oferecer ideias e solu\u00e7\u00f5es que voc\u00ea n\u00e3o havia considerado. Eles tamb\u00e9m sabem como diferentes cores interagem com materiais e estilos.<\/p>\n<p><div class=\"youtube-embed\" data-video_id=\"Aq7oUCVNJXE\"><iframe title=\"Primeira de m\u00e3o de resina na cor telha, Telhado muito antigo mesmo com lavagem ficou escuro #obra\" width=\"696\" height=\"392\" src=\"https:\/\/www.youtube.com\/embed\/Aq7oUCVNJXE?feature=oembed&#038;enablejsapi=1\" frameborder=\"0\" allow=\"accelerometer; autoplay; clipboard-write; encrypted-media; gyroscope; picture-in-picture; web-share\" referrerpolicy=\"strict-origin-when-cross-origin\" allowfullscreen><\/iframe><\/div>\n<\/p>\n<table>\n<tr>\n<th>Dicas<\/th>\n<th>Detalhes<\/th>\n<\/tr>\n<tr>\n<td>Estilo Arquitet\u00f4nico<\/td>\n<td>Escolha conforme o design da casa.<\/td>\n<\/tr>\n<tr>\n<td>Clima<\/td>\n<td>Tons claros para o calor; escuros para o frio.<\/td>\n<\/tr>\n<tr>\n<td>Normas Locais<\/td>\n<td>Verifique as regras da HOA e prefeitura.<\/td>\n<\/tr>\n<tr>\n<td>Durabilidade<\/td>\n<td>Considere manuten\u00e7\u00e3o na escolha da cor.<\/td>\n<\/tr>\n<tr>\n<td>Profissional<\/td>\n<td>Consulte um especialista para orienta\u00e7\u00f5es v\u00e1lidas.<\/td>\n<\/tr>\n<\/table>\n<p>Escolher a cor do telhado \u00e9 uma decis\u00e3o que pode real\u00e7ar o valor da sua casa. Pense com calma e escolha sabiamente! Voc\u00ea j\u00e1 decidiu a cor do seu telhado? Comente aqui suas ideias ou d\u00favidas!<\/p>\n","protected":false},"excerpt":{"rendered":"<p>As 5 Melhores Dicas para Escolher a Cor do Telhado Perfeito<\/p>\n","protected":false},"author":102,"featured_media":154315,"comment_status":"open","ping_status":"","sticky":false,"template":"","format":"standard","meta":{"footnotes":""},"categories":[1484],"tags":[],"class_list":["post-154318","post","type-post","status-publish","format-standard","has-post-thumbnail","category-decoracao"],"_wp_attached_file":null,"_wp_attachment_metadata":null,"_wp_attachment_context":null,"_wp_attachment_is_custom_header":null,"geo_longitude":null,"geo_public":null,"geo_latitude":null,"_publicize_done_external":null,"_wpas_done_3897181":null,"publicize_twitter_user":null,"_wpas_done_3897175":null,"_wpas_skip_3897181":null,"_wpas_skip_3897175":null,"_wpas_skip_3924723":null,"_wpas_mess":null,"_wpas_done_3924723":null,"wps_subtitle":"","_links":{"self":[{"href":"https:\/\/www.aarquiteta.com.br\/blog\/wp-json\/wp\/v2\/posts\/154318","targetHints":{"allow":["GET"]}}],"collection":[{"href":"https:\/\/www.aarquiteta.com.br\/blog\/wp-json\/wp\/v2\/posts"}],"about":[{"href":"https:\/\/www.aarquiteta.com.br\/blog\/wp-json\/wp\/v2\/types\/post"}],"author":[{"embeddable":true,"href":"https:\/\/www.aarquiteta.com.br\/blog\/wp-json\/wp\/v2\/users\/102"}],"replies":[{"embeddable":true,"href":"https:\/\/www.aarquiteta.com.br\/blog\/wp-json\/wp\/v2\/comments?post=154318"}],"version-history":[{"count":0,"href":"https:\/\/www.aarquiteta.com.br\/blog\/wp-json\/wp\/v2\/posts\/154318\/revisions"}],"wp:featuredmedia":[{"embeddable":true,"href":"https:\/\/www.aarquiteta.com.br\/blog\/wp-json\/wp\/v2\/media\/154315"}],"wp:attachment":[{"href":"https:\/\/www.aarquiteta.com.br\/blog\/wp-json\/wp\/v2\/media?parent=154318"}],"wp:term":[{"taxonomy":"category","embeddable":true,"href":"https:\/\/www.aarquiteta.com.br\/blog\/wp-json\/wp\/v2\/categories?post=154318"},{"taxonomy":"post_tag","embeddable":true,"href":"https:\/\/www.aarquiteta.com.br\/blog\/wp-json\/wp\/v2\/tags?post=154318"}],"curies":[{"name":"wp","href":"https:\/\/api.w.org\/{rel}","templated":true}]}}