{"id":154313,"date":"2025-09-26T17:31:58","date_gmt":"2025-09-26T20:31:58","guid":{"rendered":"https:\/\/www.aarquiteta.com.br\/blog\/loft-o-que-e-2\/"},"modified":"2025-09-26T17:31:58","modified_gmt":"2025-09-26T20:31:58","slug":"loft-o-que-e-2","status":"publish","type":"post","link":"https:\/\/www.aarquiteta.com.br\/blog\/loft-o-que-e-2\/","title":{"rendered":"10 Dicas para Aproveitar Espa\u00e7os em Loft"},"content":{"rendered":"<p>Se voc\u00ea tem um loft ou sonha em ter um, aqui est\u00e3o <b>10 dicas essenciais<\/b> para aproveitar cada canto do espa\u00e7o com estilo e funcionalidade.<\/p>\n<figure style=\"width: 1024px\" class=\"wp-caption aligncenter\"><img decoding=\"async\" src=\"https:\/\/www.aarquiteta.com.br\/blog\/wp-content\/uploads\/2025\/09\/loft-o-que-e01.jpg\" alt=\"loft-o-que-e\" width=\"1024\" height=\"1024\" title=\"\"><figcaption class=\"wp-caption-text\">loft-o-que-e<\/figcaption><\/figure>\n<h3>Por que otimizar um loft?<\/h3>\n<p>Viver em um loft \u00e9 uma experi\u00eancia \u00fanica. Por\u00e9m, <b>aproveitar bem cada metro quadrado<\/b> \u00e9 fundamental para garantir um espa\u00e7o confort\u00e1vel e estiloso. Neste artigo, trago dicas pr\u00e1ticas para transformar a sua casa em um ambiente acolhedor e funcional.<\/p>\n<figure style=\"width: 1024px\" class=\"wp-caption aligncenter\"><img decoding=\"async\" src=\"https:\/\/www.aarquiteta.com.br\/blog\/wp-content\/uploads\/2025\/09\/loft-o-que-e02.jpg\" alt=\"loft-o-que-e\" width=\"1024\" height=\"1024\" title=\"\"><figcaption class=\"wp-caption-text\">loft-o-que-e<\/figcaption><\/figure>\n<h3>1. Defina zonas funcionais<\/h3>\n<p>Divida seu loft em \u00e1reas distintas, como <b>canto de trabalho, \u00e1rea de estar e espa\u00e7o de dormir<\/b>. Isso ajuda a trazer ordem e funcionalidade ao espa\u00e7o.<\/p>\n<figure style=\"width: 1024px\" class=\"wp-caption aligncenter\"><img decoding=\"async\" src=\"https:\/\/www.aarquiteta.com.br\/blog\/wp-content\/uploads\/2025\/09\/loft-o-que-e03.jpg\" alt=\"loft-o-que-e\" width=\"1024\" height=\"1024\" title=\"\"><figcaption class=\"wp-caption-text\">loft-o-que-e<\/figcaption><\/figure>\n<h3>2. Use m\u00f3veis multifuncionais<\/h3>\n<p>Opte por m\u00f3veis que sirvam a mais de uma fun\u00e7\u00e3o, como <b>camas com gavetas ou sof\u00e1s-camas<\/b>. Essa escolha maximiza espa\u00e7o e traz praticidade no dia a dia.<\/p>\n<h3>3. Aproveite a verticalidade<\/h3>\n<p>Instale prateleiras e arm\u00e1rios altos para <b>explorar o espa\u00e7o vertical<\/b>, que muitas vezes fica esquecido. Isso ajuda a liberar o ch\u00e3o e mant\u00e9m a sua decora\u00e7\u00e3o mais leve.<\/p>\n<h3>4. Utilize espelhos<\/h3>\n<p>Espelhos s\u00e3o \u00f3timos para <b>dar a sensa\u00e7\u00e3o de amplitude<\/b>. Posicione-os de forma estrat\u00e9gica para refletir a luz e criar um visual mais aberto.<\/p>\n<h3>5. Invista em ilumina\u00e7\u00e3o natural<\/h3>\n<p>Aproveite cortinas leves e cores claras para <b>maximizar a entrada de luz natural<\/b>. Um ambiente bem iluminado sempre parece mais amplo e acolhedor.<\/p>\n<h3>6. Crie uma paleta de cores coesa<\/h3>\n<p>Escolha uma paleta de cores harmoniosa que conecte todos os ambientes. Isso traz uma sensa\u00e7\u00e3o de <b>unidade e fluidez<\/b> ao espa\u00e7o.<\/p>\n<p><div class=\"youtube-embed\" data-video_id=\"jfKfPfyJRdk\"><iframe title=\"lofi hip hop radio \ud83d\udcda beats to relax\/study to\" width=\"696\" height=\"522\" src=\"https:\/\/www.youtube.com\/embed\/jfKfPfyJRdk?feature=oembed&#038;enablejsapi=1\" frameborder=\"0\" allow=\"accelerometer; autoplay; clipboard-write; encrypted-media; gyroscope; picture-in-picture; web-share\" referrerpolicy=\"strict-origin-when-cross-origin\" allowfullscreen><\/iframe><\/div>\n<\/p>\n<h3>7. Organize com estilo<\/h3>\n<p>Caixas e cestos decorativos ajudam a manter a ordem. Al\u00e9m de \u00fateis, eles <b>agregam estilo<\/b> \u00e0 sua decora\u00e7\u00e3o.<\/p>\n<h3>8. Aplique papel de parede<\/h3>\n<p>Um papel de parede com estampas ousadas pode ser o ponto focal do seu loft. Pense em <b>criar um mural<\/b> que reflita sua personalidade.<\/p>\n<h3>9. Invista em plantas<\/h3>\n<p>Plantas trazem vida ao ambiente e ajudam a purificar o ar. Escolha esp\u00e9cies <b>f\u00e1ceis de cuidar<\/b> que se encaixem no seu estilo de vida.<\/p>\n<h3>10. Mantenha a simplicidade<\/h3>\n<p>Evite excesso de itens decorativos. Um espa\u00e7o minimalista \u00e9 mais f\u00e1cil de gerir e traz uma sensa\u00e7\u00e3o de <b>tranquilidade<\/b>.<\/p>\n<table>\n<tr>\n<th>Dicas<\/th>\n<th>Benef\u00edcios<\/th>\n<\/tr>\n<tr>\n<td>Defina zonas funcionais<\/td>\n<td>Melhora a organiza\u00e7\u00e3o e a funcionalidade<\/td>\n<\/tr>\n<tr>\n<td>M\u00f3veis multifuncionais<\/td>\n<td>Maximiza o espa\u00e7o dispon\u00edvel<\/td>\n<\/tr>\n<tr>\n<td>Aproveite a verticalidade<\/td>\n<td>Libera o ch\u00e3o e traz leveza<\/td>\n<\/tr>\n<tr>\n<td>Use espelhos<\/td>\n<td>Criar a sensa\u00e7\u00e3o de amplitude<\/td>\n<\/tr>\n<tr>\n<td>Ilumina\u00e7\u00e3o natural<\/td>\n<td>Ambiente mais amplo e acolhedor<\/td>\n<\/tr>\n<tr>\n<td>Paleta de cores coesa<\/td>\n<td>Unidade e fluidez no espa\u00e7o<\/td>\n<\/tr>\n<tr>\n<td>Organiza\u00e7\u00e3o com estilo<\/td>\n<td>Ordem e estilo<\/td>\n<\/tr>\n<tr>\n<td>Papel de parede<\/td>\n<td>Ponto focal e personalidade<\/td>\n<\/tr>\n<tr>\n<td>Invista em plantas<\/td>\n<td>Vida e purifica\u00e7\u00e3o do ar<\/td>\n<\/tr>\n<tr>\n<td>Simples e minimalista<\/td>\n<td>Menos \u00e9 mais, tranquilidade<\/td>\n<\/tr>\n<\/table>\n<p>Com essas <b>dicas simples<\/b>, voc\u00ea pode transformar o seu loft em um espa\u00e7o incr\u00edvel e personalizado. N\u00e3o hesite em colocar em pr\u00e1tica o que aprendeu aqui! Que tal come\u00e7ar agora mesmo? Deixe seu coment\u00e1rio e compartilhe suas ideias de aproveitamento de espa\u00e7o! Vamos juntos otimizar a arte de viver bem!<\/p>\n","protected":false},"excerpt":{"rendered":"<p>10 Dicas para Aproveitar Espa\u00e7os em Loft<\/p>\n","protected":false},"author":102,"featured_media":154310,"comment_status":"open","ping_status":"","sticky":false,"template":"","format":"standard","meta":{"footnotes":""},"categories":[249,1484],"tags":[],"class_list":["post-154313","post","type-post","status-publish","format-standard","has-post-thumbnail","category-engenharia-e-construcao-civil","category-decoracao"],"_wp_attached_file":null,"_wp_attachment_metadata":null,"_wp_attachment_context":null,"_wp_attachment_is_custom_header":null,"geo_longitude":null,"geo_public":null,"geo_latitude":null,"_publicize_done_external":null,"_wpas_done_3897181":null,"publicize_twitter_user":null,"_wpas_done_3897175":null,"_wpas_skip_3897181":null,"_wpas_skip_3897175":null,"_wpas_skip_3924723":null,"_wpas_mess":null,"_wpas_done_3924723":null,"wps_subtitle":"","_links":{"self":[{"href":"https:\/\/www.aarquiteta.com.br\/blog\/wp-json\/wp\/v2\/posts\/154313","targetHints":{"allow":["GET"]}}],"collection":[{"href":"https:\/\/www.aarquiteta.com.br\/blog\/wp-json\/wp\/v2\/posts"}],"about":[{"href":"https:\/\/www.aarquiteta.com.br\/blog\/wp-json\/wp\/v2\/types\/post"}],"author":[{"embeddable":true,"href":"https:\/\/www.aarquiteta.com.br\/blog\/wp-json\/wp\/v2\/users\/102"}],"replies":[{"embeddable":true,"href":"https:\/\/www.aarquiteta.com.br\/blog\/wp-json\/wp\/v2\/comments?post=154313"}],"version-history":[{"count":0,"href":"https:\/\/www.aarquiteta.com.br\/blog\/wp-json\/wp\/v2\/posts\/154313\/revisions"}],"wp:featuredmedia":[{"embeddable":true,"href":"https:\/\/www.aarquiteta.com.br\/blog\/wp-json\/wp\/v2\/media\/154310"}],"wp:attachment":[{"href":"https:\/\/www.aarquiteta.com.br\/blog\/wp-json\/wp\/v2\/media?parent=154313"}],"wp:term":[{"taxonomy":"category","embeddable":true,"href":"https:\/\/www.aarquiteta.com.br\/blog\/wp-json\/wp\/v2\/categories?post=154313"},{"taxonomy":"post_tag","embeddable":true,"href":"https:\/\/www.aarquiteta.com.br\/blog\/wp-json\/wp\/v2\/tags?post=154313"}],"curies":[{"name":"wp","href":"https:\/\/api.w.org\/{rel}","templated":true}]}}