{"id":154289,"date":"2025-09-26T07:31:43","date_gmt":"2025-09-26T10:31:43","guid":{"rendered":"https:\/\/www.aarquiteta.com.br\/blog\/molduras-para-quadros\/"},"modified":"2025-09-26T07:31:43","modified_gmt":"2025-09-26T10:31:43","slug":"molduras-para-quadros","status":"publish","type":"post","link":"https:\/\/www.aarquiteta.com.br\/blog\/molduras-para-quadros\/","title":{"rendered":"10 Molduras Criativas que Transformam seus Quadros"},"content":{"rendered":"<p>As molduras criativas podem <b>transformar completamente a apar\u00eancia dos seus quadros<\/b> e trazer charme \u00e0 sua decora\u00e7\u00e3o. Confira como destacar suas recorda\u00e7\u00f5es com ideias \u00fanicas!<\/p>\n<figure style=\"width: 1024px\" class=\"wp-caption aligncenter\"><img decoding=\"async\" src=\"https:\/\/www.aarquiteta.com.br\/blog\/wp-content\/uploads\/2025\/09\/molduras-para-quadros01.jpg\" alt=\"https:\/\/www.tuacasa.com.br\/molduras-para-quadros\/\" width=\"1024\" height=\"1024\" title=\"\"><figcaption class=\"wp-caption-text\">https:\/\/www.tuacasa.com.br\/molduras-para-quadros\/<\/figcaption><\/figure>\n<h3>Por que molduras criativas importam?<\/h3>\n<p>Voc\u00ea j\u00e1 parou para pensar na diferen\u00e7a que uma <b>moldura criativa<\/b> pode fazer? Uma moldura bem escolhida n\u00e3o s\u00f3 emoldura a arte, mas tamb\u00e9m <b>completa a decora\u00e7\u00e3o<\/b> do ambiente. Se voc\u00ea quer um toque especial na sua casa, essa \u00e9 uma \u00f3tima maneira de come\u00e7ar.<\/p>\n<figure style=\"width: 1024px\" class=\"wp-caption aligncenter\"><img decoding=\"async\" src=\"https:\/\/www.aarquiteta.com.br\/blog\/wp-content\/uploads\/2025\/09\/molduras-para-quadros02.jpg\" alt=\"https:\/\/www.tuacasa.com.br\/molduras-para-quadros\/\" width=\"1024\" height=\"1024\" title=\"\"><figcaption class=\"wp-caption-text\">https:\/\/www.tuacasa.com.br\/molduras-para-quadros\/<\/figcaption><\/figure>\n<h3>1. Moldura de Pallet<\/h3>\n<p>Uma <b>op\u00e7\u00e3o r\u00fastica<\/b> e sustent\u00e1vel, que traz um toque natural. Perfeita para ambientes descontra\u00eddos!<\/p>\n<figure style=\"width: 1024px\" class=\"wp-caption aligncenter\"><img decoding=\"async\" src=\"https:\/\/www.aarquiteta.com.br\/blog\/wp-content\/uploads\/2025\/09\/molduras-para-quadros03.jpg\" alt=\"https:\/\/www.tuacasa.com.br\/molduras-para-quadros\/\" width=\"1024\" height=\"1024\" title=\"\"><figcaption class=\"wp-caption-text\">https:\/\/www.tuacasa.com.br\/molduras-para-quadros\/<\/figcaption><\/figure>\n<h3>2. Moldura de Papel\u00e3o<\/h3>\n<p>Um jeito super econ\u00f4mico e divertido de criar. Basta recortar, colar, e voil\u00e0! Sua pe\u00e7a ganha vida!<\/p>\n<h3>3. Moldura com Ilumina\u00e7\u00e3o de LED<\/h3>\n<p>Iluminar a pe\u00e7a traz um efeito m\u00e1gico. Sua arte brilhar\u00e1 como nunca antes!<\/p>\n<h3>4. Moldura Geom\u00e9trica<\/h3>\n<p>Formas modernas que criam um visual incr\u00edvel, perfeito para espa\u00e7os contempor\u00e2neos!<\/p>\n<h3>5. Moldura com Espelho<\/h3>\n<p>Al\u00e9m de emoldurar sua arte, um espelho traz uma <b>ilus\u00e3o de amplitude<\/b> ao ambiente. Funcional e est\u00e9tico!<\/p>\n<h3>6. Molduras de Materiais Recycl\u00e1veis<\/h3>\n<p>Usar garrafas ou tampinhas d\u00e1 um toque <b>divertido e sustent\u00e1vel<\/b>, perfeito para o quarto das crian\u00e7as ou \u00e1reas de lazer!<\/p>\n<p><div class=\"youtube-embed\" data-video_id=\"HqYLAWoC2KQ\"><iframe title=\"Moldura perfeita feita com canaleta #shorts #decora\u00e7\u00e3o #moldura  #quadrosdecorativos #decora\u00e7\u00e3ofacil\" width=\"696\" height=\"392\" src=\"https:\/\/www.youtube.com\/embed\/HqYLAWoC2KQ?feature=oembed&#038;enablejsapi=1\" frameborder=\"0\" allow=\"accelerometer; autoplay; clipboard-write; encrypted-media; gyroscope; picture-in-picture; web-share\" referrerpolicy=\"strict-origin-when-cross-origin\" allowfullscreen><\/iframe><\/div>\n<\/p>\n<h3>7. Moldura Pintada \u00e0 M\u00e3o<\/h3>\n<p>Exprima seu lado art\u00edstico com uma moldura exclusiva, que \u00e9 a cara do seu estilo.<\/p>\n<h3>8. Moldura Minimalista<\/h3>\n<p><b>Simplicidade \u00e9 sofistica\u00e7\u00e3o<\/b>. Uma moldura clean destaca a arte sem tirar o foco dela.<\/p>\n<h3>9. Moldura de Madeira Escura<\/h3>\n<p>Ideal para ambientes elegantes, uma moldura dessa cor <b>contrasta lindamente<\/b> com quadros claros.<\/p>\n<h3>10. Moldura de Acr\u00edlico<\/h3>\n<p>Moderna e inovadora, o acr\u00edlico d\u00e1 um toque <b>futurista<\/b> \u00e0 sua decora\u00e7\u00e3o.<\/p>\n<h3>Resumo das Molduras Criativas<\/h3>\n<table>\n<tr>\n<th>Tipo de Moldura<\/th>\n<th>Caracter\u00edsticas<\/th>\n<th>Ideal para<\/th>\n<\/tr>\n<tr>\n<td>Moldura de Pallet<\/td>\n<td>R\u00fastica e sustent\u00e1vel<\/td>\n<td>Espa\u00e7os descontra\u00eddos<\/td>\n<\/tr>\n<tr>\n<td>Moldura de Papel\u00e3o<\/td>\n<td>Econ\u00f4mica e divertida<\/td>\n<td>Pequenos projetos criativos<\/td>\n<\/tr>\n<tr>\n<td>Moldura com Ilumina\u00e7\u00e3o de LED<\/td>\n<td>Brilha e destaca<\/td>\n<td>Ambientes modernos<\/td>\n<\/tr>\n<tr>\n<td>Moldura Geom\u00e9trica<\/td>\n<td>Visual contempor\u00e2neo<\/td>\n<td>Espa\u00e7os de design<\/td>\n<\/tr>\n<tr>\n<td>Moldura com Espelho<\/td>\n<td>Funcional e est\u00e9tico<\/td>\n<td>Ambientes pequenos<\/td>\n<\/tr>\n<tr>\n<td>Molduras Recycl\u00e1veis<\/td>\n<td>Divertidas e sustent\u00e1veis<\/td>\n<td>Quartos infantis<\/td>\n<\/tr>\n<tr>\n<td>Moldura Minimalista<\/td>\n<td>Simplicidade elegante<\/td>\n<td>Ambientes sofisticados<\/td>\n<\/tr>\n<tr>\n<td>Moldura de Acr\u00edlico<\/td>\n<td>Inovadora<\/td>\n<td>Ambientes modernos<\/td>\n<\/tr>\n<\/table>\n<p>Agora que voc\u00ea j\u00e1 conheceu <b>10 molduras criativas<\/b> que podem transformar os seus quadros, \u00e9 hora de p\u00f4r a m\u00e3o na massa. Que tal escolher uma delas e come\u00e7ar a emoldurar suas recorda\u00e7\u00f5es? N\u00e3o esque\u00e7a de compartilhar suas experi\u00eancias e ideias nos coment\u00e1rios. Vamos trocar dicas e inspira\u00e7\u00f5es!<\/p>\n<h3>Explore mais!<\/h3>\n<p>Se voc\u00ea gostou das dicas, que tal conferir tamb\u00e9m sugest\u00f5es sobre <a href=\"https:\/\/www.tuacasa.com.br\/molduras-para-quadros\/\" target=\"_blank\" rel=\"noopener\">como fazer as pr\u00f3prias molduras<\/a> ou <a href=\"https:\/\/www.tuacasa.com.br\/decoracao-de-sala\/\" target=\"_blank\" rel=\"noopener\">como decorar sua sala com quadros?<\/a><\/p>\n","protected":false},"excerpt":{"rendered":"<p>10 Molduras Criativas que Transformam seus Quadros<\/p>\n","protected":false},"author":102,"featured_media":154286,"comment_status":"open","ping_status":"","sticky":false,"template":"","format":"standard","meta":{"footnotes":""},"categories":[1484],"tags":[],"class_list":["post-154289","post","type-post","status-publish","format-standard","has-post-thumbnail","category-decoracao"],"_wp_attached_file":null,"_wp_attachment_metadata":null,"_wp_attachment_context":null,"_wp_attachment_is_custom_header":null,"geo_longitude":null,"geo_public":null,"geo_latitude":null,"_publicize_done_external":null,"_wpas_done_3897181":null,"publicize_twitter_user":null,"_wpas_done_3897175":null,"_wpas_skip_3897181":null,"_wpas_skip_3897175":null,"_wpas_skip_3924723":null,"_wpas_mess":null,"_wpas_done_3924723":null,"wps_subtitle":"","_links":{"self":[{"href":"https:\/\/www.aarquiteta.com.br\/blog\/wp-json\/wp\/v2\/posts\/154289","targetHints":{"allow":["GET"]}}],"collection":[{"href":"https:\/\/www.aarquiteta.com.br\/blog\/wp-json\/wp\/v2\/posts"}],"about":[{"href":"https:\/\/www.aarquiteta.com.br\/blog\/wp-json\/wp\/v2\/types\/post"}],"author":[{"embeddable":true,"href":"https:\/\/www.aarquiteta.com.br\/blog\/wp-json\/wp\/v2\/users\/102"}],"replies":[{"embeddable":true,"href":"https:\/\/www.aarquiteta.com.br\/blog\/wp-json\/wp\/v2\/comments?post=154289"}],"version-history":[{"count":0,"href":"https:\/\/www.aarquiteta.com.br\/blog\/wp-json\/wp\/v2\/posts\/154289\/revisions"}],"wp:featuredmedia":[{"embeddable":true,"href":"https:\/\/www.aarquiteta.com.br\/blog\/wp-json\/wp\/v2\/media\/154286"}],"wp:attachment":[{"href":"https:\/\/www.aarquiteta.com.br\/blog\/wp-json\/wp\/v2\/media?parent=154289"}],"wp:term":[{"taxonomy":"category","embeddable":true,"href":"https:\/\/www.aarquiteta.com.br\/blog\/wp-json\/wp\/v2\/categories?post=154289"},{"taxonomy":"post_tag","embeddable":true,"href":"https:\/\/www.aarquiteta.com.br\/blog\/wp-json\/wp\/v2\/tags?post=154289"}],"curies":[{"name":"wp","href":"https:\/\/api.w.org\/{rel}","templated":true}]}}