{"id":154260,"date":"2025-09-24T17:31:21","date_gmt":"2025-09-24T20:31:21","guid":{"rendered":"https:\/\/www.aarquiteta.com.br\/blog\/escada-externa-2\/"},"modified":"2025-09-24T17:31:21","modified_gmt":"2025-09-24T20:31:21","slug":"escada-externa-2","status":"publish","type":"post","link":"https:\/\/www.aarquiteta.com.br\/blog\/escada-externa-2\/","title":{"rendered":"As 5 Melhores Dicas para Escadas Externas que Voc\u00ea Precisa Conhecer"},"content":{"rendered":"<p>Quer saber como deixar sua escada externa incr\u00edvel? Aqui est\u00e3o as <b>5 melhores dicas<\/b> que voc\u00ea precisa conhecer!<\/p>\n<figure style=\"width: 1024px\" class=\"wp-caption aligncenter\"><img decoding=\"async\" src=\"https:\/\/www.aarquiteta.com.br\/blog\/wp-content\/uploads\/2025\/09\/escada-externa01.jpg\" alt=\"https:\/\/www.tuacasa.com.br\/escada-externa\/\" width=\"1024\" height=\"1024\" title=\"\"><figcaption class=\"wp-caption-text\">https:\/\/www.tuacasa.com.br\/escada-externa\/<\/figcaption><\/figure>\n<h3>Import\u00e2ncia de uma Escada Externa<\/h3>\n<p>As escadas externas s\u00e3o elementos essenciais para conectar diferentes n\u00edveis na sua casa. Elas ajudam a criar <b>acessibilidade e estilo<\/b> ao ambiente. Por isso, escolher o projeto e o material certos \u00e9 fundamental. Vamos descobrir como trazer beleza e seguran\u00e7a a esse espa\u00e7o!<\/p>\n<figure style=\"width: 1024px\" class=\"wp-caption aligncenter\"><img decoding=\"async\" src=\"https:\/\/www.aarquiteta.com.br\/blog\/wp-content\/uploads\/2025\/09\/escada-externa02.jpg\" alt=\"https:\/\/www.tuacasa.com.br\/escada-externa\/\" width=\"1024\" height=\"1024\" title=\"\"><figcaption class=\"wp-caption-text\">https:\/\/www.tuacasa.com.br\/escada-externa\/<\/figcaption><\/figure>\n<h3>Dica 1: Escolha Materiais Resistentes<\/h3>\n<p>Para uma escada externa, o ideal \u00e9 usar materiais como <b>concreto<\/b>, metal ou madeira tratada.<\/p>\n<figure style=\"width: 1024px\" class=\"wp-caption aligncenter\"><img decoding=\"async\" src=\"https:\/\/www.aarquiteta.com.br\/blog\/wp-content\/uploads\/2025\/09\/escada-externa03.jpg\" alt=\"https:\/\/www.tuacasa.com.br\/escada-externa\/\" width=\"1024\" height=\"1024\" title=\"\"><figcaption class=\"wp-caption-text\">https:\/\/www.tuacasa.com.br\/escada-externa\/<\/figcaption><\/figure>\n<ul>\n<li>Concreto: Dur\u00e1vel e de f\u00e1cil manuten\u00e7\u00e3o.<\/li>\n<li>Metal: Ideal para um design moderno.<\/li>\n<li>Madeira: Perfeita para ambientes r\u00fasticos.<\/li>\n<\/ul>\n<h3>Dica 2: Considere a Seguran\u00e7a<\/h3>\n<p>Uma escada deve ser <b>segura<\/b> para evitar acidentes. Invista em corrim\u00e3os e degraus anti-derrapantes. Fa\u00e7a o projeto levando em conta as normas de seguran\u00e7a!<\/p>\n<h3>Dica 3: Integra\u00e7\u00e3o com o Jardim<\/h3>\n<p>Que tal fazer a escada se integrar ao <b>jardim<\/b>? Usar pedras naturais ou vegeta\u00e7\u00e3o ao redor pode real\u00e7ar a beleza do seu espa\u00e7o externo e criar um visualizar encantador!<\/p>\n<h3>Dica 4: Ilumina\u00e7\u00e3o Adequada<\/h3>\n<p>A ilumina\u00e7\u00e3o valoriza a escada durante a noite e traz mais <b>seguran\u00e7a<\/b>. Use lanternas ou balizadores nos degraus para assegurar que o caminho esteja sempre vis\u00edvel.<\/p>\n<h3>Dica 5: Estilo e Criatividade<\/h3>\n<p>Sua escada pode ser um elemento <b>protagonista<\/b> na fachada da casa. Explore diferentes formatos, cores e revestimentos que se destaquem e tragam personalidade ao seu lar.<\/p>\n<table>\n<tr>\n<th>Dica<\/th>\n<th>Detalhes<\/th>\n<\/tr>\n<tr>\n<td>Materiais<\/td>\n<td>Concreto, metal, madeira tratada<\/td>\n<\/tr>\n<tr>\n<td>Seguran\u00e7a<\/td>\n<td>Corrim\u00e3os, degraus anti-derrapantes<\/td>\n<\/tr>\n<tr>\n<td>Integra\u00e7\u00e3o<\/td>\n<td>Pedras naturais, vegeta\u00e7\u00e3o ao redor<\/td>\n<\/tr>\n<tr>\n<td>Ilumina\u00e7\u00e3o<\/td>\n<td>Lanternas, balizadores<\/td>\n<\/tr>\n<tr>\n<td>Estilo<\/td>\n<td>Cores vibrantes, formatos criativos<\/td>\n<\/tr>\n<\/table>\n<p>Seguindo essas dicas, sua escada externa pode ganhar um visual incr\u00edvel. Voc\u00ea se sente pronto para transformar esse espa\u00e7o? Comente suas ideias e n\u00e3o esque\u00e7a de buscar mais inspira\u00e7\u00f5es para continuar melhorando a sua casa!<\/p>\n<p><div class=\"youtube-embed\" data-video_id=\"-vwCFG5ZTZ0\"><iframe title=\"Melhor revestimento para escadas.  #reforma #reformando #constru\u00e7\u00e3o #obra\" width=\"696\" height=\"392\" src=\"https:\/\/www.youtube.com\/embed\/-vwCFG5ZTZ0?feature=oembed&#038;enablejsapi=1\" frameborder=\"0\" allow=\"accelerometer; autoplay; clipboard-write; encrypted-media; gyroscope; picture-in-picture; web-share\" referrerpolicy=\"strict-origin-when-cross-origin\" allowfullscreen><\/iframe><\/div><\/p>\n","protected":false},"excerpt":{"rendered":"<p>As 5 Melhores Dicas para Escadas Externas que Voc\u00ea Precisa Conhecer<\/p>\n","protected":false},"author":102,"featured_media":154257,"comment_status":"open","ping_status":"","sticky":false,"template":"","format":"standard","meta":{"footnotes":""},"categories":[249,1484],"tags":[],"class_list":["post-154260","post","type-post","status-publish","format-standard","has-post-thumbnail","category-engenharia-e-construcao-civil","category-decoracao"],"_wp_attached_file":null,"_wp_attachment_metadata":null,"_wp_attachment_context":null,"_wp_attachment_is_custom_header":null,"geo_longitude":null,"geo_public":null,"geo_latitude":null,"_publicize_done_external":null,"_wpas_done_3897181":null,"publicize_twitter_user":null,"_wpas_done_3897175":null,"_wpas_skip_3897181":null,"_wpas_skip_3897175":null,"_wpas_skip_3924723":null,"_wpas_mess":null,"_wpas_done_3924723":null,"wps_subtitle":"","_links":{"self":[{"href":"https:\/\/www.aarquiteta.com.br\/blog\/wp-json\/wp\/v2\/posts\/154260","targetHints":{"allow":["GET"]}}],"collection":[{"href":"https:\/\/www.aarquiteta.com.br\/blog\/wp-json\/wp\/v2\/posts"}],"about":[{"href":"https:\/\/www.aarquiteta.com.br\/blog\/wp-json\/wp\/v2\/types\/post"}],"author":[{"embeddable":true,"href":"https:\/\/www.aarquiteta.com.br\/blog\/wp-json\/wp\/v2\/users\/102"}],"replies":[{"embeddable":true,"href":"https:\/\/www.aarquiteta.com.br\/blog\/wp-json\/wp\/v2\/comments?post=154260"}],"version-history":[{"count":0,"href":"https:\/\/www.aarquiteta.com.br\/blog\/wp-json\/wp\/v2\/posts\/154260\/revisions"}],"wp:featuredmedia":[{"embeddable":true,"href":"https:\/\/www.aarquiteta.com.br\/blog\/wp-json\/wp\/v2\/media\/154257"}],"wp:attachment":[{"href":"https:\/\/www.aarquiteta.com.br\/blog\/wp-json\/wp\/v2\/media?parent=154260"}],"wp:term":[{"taxonomy":"category","embeddable":true,"href":"https:\/\/www.aarquiteta.com.br\/blog\/wp-json\/wp\/v2\/categories?post=154260"},{"taxonomy":"post_tag","embeddable":true,"href":"https:\/\/www.aarquiteta.com.br\/blog\/wp-json\/wp\/v2\/tags?post=154260"}],"curies":[{"name":"wp","href":"https:\/\/api.w.org\/{rel}","templated":true}]}}