{"id":154198,"date":"2025-09-21T12:01:39","date_gmt":"2025-09-21T15:01:39","guid":{"rendered":"https:\/\/www.aarquiteta.com.br\/blog\/almofada-laco-croche\/"},"modified":"2025-09-21T12:01:39","modified_gmt":"2025-09-21T15:01:39","slug":"almofada-laco-croche","status":"publish","type":"post","link":"https:\/\/www.aarquiteta.com.br\/blog\/almofada-laco-croche\/","title":{"rendered":"5 Tend\u00eancias e Ideias para Almofadas de La\u00e7o em Croch\u00ea"},"content":{"rendered":"<p><b>Voc\u00ea sabia que a almofada de la\u00e7o em croch\u00ea \u00e9 uma das grandes tend\u00eancias na decora\u00e7\u00e3o brasileira?<\/b> Al\u00e9m de charmosa e vers\u00e1til, essa pe\u00e7a traz aconchego e estilo aos ambientes. Neste artigo, vou compartilhar cinco tend\u00eancias e ideias incr\u00edveis para voc\u00ea se inspirar na cria\u00e7\u00e3o de almofadas de la\u00e7o em croch\u00ea e deix\u00e1-las ainda mais especiais!<\/p>\n<figure style=\"width: 1024px\" class=\"wp-caption aligncenter\"><img decoding=\"async\" src=\"https:\/\/www.aarquiteta.com.br\/blog\/wp-content\/uploads\/2025\/09\/almofada-laco-croche01.jpg\" alt=\"https:\/\/crocheonline.com.br\/2025\/08\/19\/aprenda-a-fazer-a-almofada-de-laco-em-croche-virou-tendencia-nas-casas-brasileiras\/\" width=\"1024\" height=\"1024\" title=\"\"><figcaption class=\"wp-caption-text\">https:\/\/crocheonline.com.br\/2025\/08\/19\/aprenda-a-fazer-a-almofada-de-laco-em-croche-virou-tendencia-nas-casas-brasileiras\/<\/figcaption><\/figure>\n<h3>1. Cores Vibrantes para Alegrar o Ambiente<\/h3>\n<p>Hoje em dia, cores vibrantes est\u00e3o em alta. <b>Combine tons como pink, amarelo e azul para dar vida<\/b> a sua almofada. Essas op\u00e7\u00f5es s\u00e3o ideais para composi\u00e7\u00f5es modernas e criativas, e podem iluminar at\u00e9 os espa\u00e7os mais s\u00f3brios.<\/p>\n<figure style=\"width: 1024px\" class=\"wp-caption aligncenter\"><img decoding=\"async\" src=\"https:\/\/www.aarquiteta.com.br\/blog\/wp-content\/uploads\/2025\/09\/almofada-laco-croche02.jpg\" alt=\"https:\/\/crocheonline.com.br\/2025\/08\/19\/aprenda-a-fazer-a-almofada-de-laco-em-croche-virou-tendencia-nas-casas-brasileiras\/\" width=\"1024\" height=\"1024\" title=\"\"><figcaption class=\"wp-caption-text\">https:\/\/crocheonline.com.br\/2025\/08\/19\/aprenda-a-fazer-a-almofada-de-laco-em-croche-virou-tendencia-nas-casas-brasileiras\/<\/figcaption><\/figure>\n<h3>2. Fios Naturais para Conforto e Estilo<\/h3>\n<p>Utilizar <b>fios de algod\u00e3o ou l\u00e3<\/b> \u00e9 a chave para adquirir uma almofada macia e confort\u00e1vel. Essas op\u00e7\u00f5es trazem aconchego, al\u00e9m de serem dur\u00e1veis e f\u00e1ceis de lavar. Com essas texturas, sua almofada ser\u00e1 um verdadeiro charme e conforto em qualquer ambiente.<\/p>\n<figure style=\"width: 1024px\" class=\"wp-caption aligncenter\"><img decoding=\"async\" src=\"https:\/\/www.aarquiteta.com.br\/blog\/wp-content\/uploads\/2025\/09\/almofada-laco-croche03.jpg\" alt=\"https:\/\/crocheonline.com.br\/2025\/08\/19\/aprenda-a-fazer-a-almofada-de-laco-em-croche-virou-tendencia-nas-casas-brasileiras\/\" width=\"1024\" height=\"1024\" title=\"\"><figcaption class=\"wp-caption-text\">https:\/\/crocheonline.com.br\/2025\/08\/19\/aprenda-a-fazer-a-almofada-de-laco-em-croche-virou-tendencia-nas-casas-brasileiras\/<\/figcaption><\/figure>\n<h3>3. Estampas e Texturas Variadas<\/h3>\n<p>Adicionar <b>estampas e diferentes texturas<\/b> \u00e0s almofadas \u00e9 uma \u00f3tima forma de criar um visual \u00fanico. Misturar croch\u00ea com tecidos aveludados ou estampados traz um ar de sofistica\u00e7\u00e3o e personalidade. Essa combina\u00e7\u00e3o proporciona um toque especial e super convidativo aos espa\u00e7os.<\/p>\n<h3>4. Personaliza\u00e7\u00e3o para Presentes Especiais<\/h3>\n<p>Outra tend\u00eancia que n\u00e3o pode faltar \u00e9 a <b>personaliza\u00e7\u00e3o das almofadas<\/b>. Adicionar nomes, mensagens ou cores da prefer\u00eancia de quem voc\u00ea quer presentear \u00e9 uma \u00f3tima forma de criar um carinho especial. Assim, sua almofada se transforma em um presente \u00fanico e inesquec\u00edvel!<\/p>\n<h3>5. Combina\u00e7\u00f5es de Tamanhos e Formatos<\/h3>\n<p>Brincar com tamanhos e formatos de almofadas \u00e9 uma tend\u00eancia que veio para ficar! <b>Combine almofadas grandes com menores e diferentes formatos<\/b> para dar movimento \u00e0 decora\u00e7\u00e3o da sua sala ou quarto. Isso cria um ambiente mais din\u00e2mico e alegre.<\/p>\n<table>\n<tr>\n<th>Tend\u00eancia<\/th>\n<th>Descri\u00e7\u00e3o<\/th>\n<\/tr>\n<tr>\n<td>Cores Vibrantes<\/td>\n<td>Tons alegres como pink, amarelo e azul.<\/td>\n<\/tr>\n<tr>\n<td>Fios Naturais<\/td>\n<td>Algod\u00e3o ou l\u00e3 para maior conforto e durabilidade.<\/td>\n<\/tr>\n<tr>\n<td>Estampas e Texturas<\/td>\n<td>Mix de croch\u00ea com tecidos diversificados.<\/td>\n<\/tr>\n<tr>\n<td>Personaliza\u00e7\u00e3o<\/td>\n<td>Adi\u00e7\u00e3o de nomes e cores pessoais em presentes.<\/td>\n<\/tr>\n<tr>\n<td>Combina\u00e7\u00f5es de Tamanhos<\/td>\n<td>Altern\u00e2ncia entre almofadas de diversos tamanhos.<\/td>\n<\/tr>\n<\/table>\n<p>Agora que voc\u00ea conheceu essas <b>cinco tend\u00eancias<\/b> e ideias para almofadas de la\u00e7o em croch\u00ea, que tal colocar a m\u00e3o na massa? Explore sua criatividade e fa\u00e7a pe\u00e7as \u00fanicas que transformar\u00e3o a decora\u00e7\u00e3o da sua casa. Se voc\u00ea gostou das dicas, compartilhe com amigos que adoram croch\u00ea e deixe seus coment\u00e1rios abaixo! Vamos juntas criar ambientes ainda mais aconchegantes e cheios de estilo!<\/p>\n<p><div class=\"youtube-embed\" data-video_id=\"9T50Mqfnd-s\"><iframe title=\"PAP Almofada La\u00e7o | Fa\u00e7a voc\u00ea mesmo com J\u00f4 Tonezer | #CosturaCriativa #AlmofadaLa\u00e7o\" width=\"696\" height=\"392\" src=\"https:\/\/www.youtube.com\/embed\/9T50Mqfnd-s?feature=oembed&#038;enablejsapi=1\" frameborder=\"0\" allow=\"accelerometer; autoplay; clipboard-write; encrypted-media; gyroscope; picture-in-picture; web-share\" referrerpolicy=\"strict-origin-when-cross-origin\" allowfullscreen><\/iframe><\/div><\/p>\n","protected":false},"excerpt":{"rendered":"<p>5 Tend\u00eancias e Ideias para Almofadas de La\u00e7o em Croch\u00ea<\/p>\n","protected":false},"author":102,"featured_media":154195,"comment_status":"open","ping_status":"","sticky":false,"template":"","format":"standard","meta":{"footnotes":""},"categories":[10005,1484],"tags":[],"class_list":["post-154198","post","type-post","status-publish","format-standard","has-post-thumbnail","category-casa-e-jardim","category-decoracao"],"_wp_attached_file":null,"_wp_attachment_metadata":null,"_wp_attachment_context":null,"_wp_attachment_is_custom_header":null,"geo_longitude":null,"geo_public":null,"geo_latitude":null,"_publicize_done_external":null,"_wpas_done_3897181":null,"publicize_twitter_user":null,"_wpas_done_3897175":null,"_wpas_skip_3897181":null,"_wpas_skip_3897175":null,"_wpas_skip_3924723":null,"_wpas_mess":null,"_wpas_done_3924723":null,"wps_subtitle":"","_links":{"self":[{"href":"https:\/\/www.aarquiteta.com.br\/blog\/wp-json\/wp\/v2\/posts\/154198","targetHints":{"allow":["GET"]}}],"collection":[{"href":"https:\/\/www.aarquiteta.com.br\/blog\/wp-json\/wp\/v2\/posts"}],"about":[{"href":"https:\/\/www.aarquiteta.com.br\/blog\/wp-json\/wp\/v2\/types\/post"}],"author":[{"embeddable":true,"href":"https:\/\/www.aarquiteta.com.br\/blog\/wp-json\/wp\/v2\/users\/102"}],"replies":[{"embeddable":true,"href":"https:\/\/www.aarquiteta.com.br\/blog\/wp-json\/wp\/v2\/comments?post=154198"}],"version-history":[{"count":0,"href":"https:\/\/www.aarquiteta.com.br\/blog\/wp-json\/wp\/v2\/posts\/154198\/revisions"}],"wp:featuredmedia":[{"embeddable":true,"href":"https:\/\/www.aarquiteta.com.br\/blog\/wp-json\/wp\/v2\/media\/154195"}],"wp:attachment":[{"href":"https:\/\/www.aarquiteta.com.br\/blog\/wp-json\/wp\/v2\/media?parent=154198"}],"wp:term":[{"taxonomy":"category","embeddable":true,"href":"https:\/\/www.aarquiteta.com.br\/blog\/wp-json\/wp\/v2\/categories?post=154198"},{"taxonomy":"post_tag","embeddable":true,"href":"https:\/\/www.aarquiteta.com.br\/blog\/wp-json\/wp\/v2\/tags?post=154198"}],"curies":[{"name":"wp","href":"https:\/\/api.w.org\/{rel}","templated":true}]}}