{"id":154183,"date":"2025-09-20T17:31:40","date_gmt":"2025-09-20T20:31:40","guid":{"rendered":"https:\/\/www.aarquiteta.com.br\/blog\/fachadas-de-casas-simples-com-varanda-2\/"},"modified":"2025-09-20T17:31:40","modified_gmt":"2025-09-20T20:31:40","slug":"fachadas-de-casas-simples-com-varanda-2","status":"publish","type":"post","link":"https:\/\/www.aarquiteta.com.br\/blog\/fachadas-de-casas-simples-com-varanda-2\/","title":{"rendered":"As 10 Melhores Fachadas Simples com Varanda"},"content":{"rendered":"<p>Voc\u00ea j\u00e1 imaginou como uma boa varanda pode transformar a fachada da sua casa? Neste artigo, vou compartilhar as 10 melhores fachadas simples com varanda que s\u00e3o perfeitas para quem busca aconchego e estilo.<\/p>\n<figure style=\"width: 1024px\" class=\"wp-caption aligncenter\"><img decoding=\"async\" src=\"https:\/\/www.aarquiteta.com.br\/blog\/wp-content\/uploads\/2025\/09\/fachadas-de-casas-simples-com-varanda01.jpg\" alt=\"https:\/\/www.tuacasa.com.br\/fachadas-de-casas-simples-com-varanda\/\" width=\"1024\" height=\"1024\" title=\"\"><figcaption class=\"wp-caption-text\">https:\/\/www.tuacasa.com.br\/fachadas-de-casas-simples-com-varanda\/<\/figcaption><\/figure>\n<h3>Conhe\u00e7a as 10 melhores fachadas simples com varanda<\/h3>\n<p>As <b>fachadas simples com varanda<\/b> s\u00e3o uma excelente escolha para quem valoriza a est\u00e9tica e o conforto. Elas trazem um toque especial \u00e0 casa, permitindo que momentos de lazer sejam apreciados ao ar livre. Vamos explorar op\u00e7\u00f5es que unem beleza e funcionalidade.<\/p>\n<figure style=\"width: 1024px\" class=\"wp-caption aligncenter\"><img decoding=\"async\" src=\"https:\/\/www.aarquiteta.com.br\/blog\/wp-content\/uploads\/2025\/09\/fachadas-de-casas-simples-com-varanda02.jpg\" alt=\"https:\/\/www.tuacasa.com.br\/fachadas-de-casas-simples-com-varanda\/\" width=\"1024\" height=\"1024\" title=\"\"><figcaption class=\"wp-caption-text\">https:\/\/www.tuacasa.com.br\/fachadas-de-casas-simples-com-varanda\/<\/figcaption><\/figure>\n<h3>1. A fachada cl\u00e1ssica com varandas discretas<\/h3>\n<p>Uma fachada simples, mas <b>atual<\/b>, pode combinar varandas pequenas e elegantes. Pe\u00e7as de madeira e um toque de verde fazem toda a diferen\u00e7a.<\/p>\n<figure style=\"width: 1024px\" class=\"wp-caption aligncenter\"><img decoding=\"async\" src=\"https:\/\/www.aarquiteta.com.br\/blog\/wp-content\/uploads\/2025\/09\/fachadas-de-casas-simples-com-varanda03.jpg\" alt=\"https:\/\/www.tuacasa.com.br\/fachadas-de-casas-simples-com-varanda\/\" width=\"1024\" height=\"1024\" title=\"\"><figcaption class=\"wp-caption-text\">https:\/\/www.tuacasa.com.br\/fachadas-de-casas-simples-com-varanda\/<\/figcaption><\/figure>\n<h3>2. Design minimalista<\/h3>\n<p>A varanda minimalista real\u00e7a o espa\u00e7o sem exageros. Algumas linhas retas e materiais claros criam um ambiente <b>clean<\/b> e acolhedor.<\/p>\n<h3>3. Ampla varanda em destaque<\/h3>\n<p>Uma fachada com uma grande varanda se torna o <b>centro das aten\u00e7\u00f5es<\/b>. Ideal para apoiar m\u00f3veis de exterior e relaxar com amigos.<\/p>\n<h3>4. Telhado embutido para charme extra<\/h3>\n<p>Varandas com telhados embutidos oferecem um visual que \u00e9 ao mesmo tempo <b>moderno<\/b> e aconchegante, protegendo do sol e da chuva.<\/p>\n<h3>5. Uso de pedras e tijolinhos<\/h3>\n<p>Fachadas que misturam pedras ou tijolos oferecem um aspecto r\u00fastico e <b>elegante<\/b>. Essa combina\u00e7\u00e3o \u00e9 muito apreciada em \u00e1reas urbanas.<\/p>\n<h3>6. Varanda no andar superior<\/h3>\n<p>Uma varanda no segundo andar permite vistas mais amplas e \u00e9 perfeita para relaxar ao ar livre. \u00c9 uma forma sofisticada de <b>potencializar o espa\u00e7o.<\/b><\/p>\n<p><div class=\"youtube-embed\" data-video_id=\"i4StTHA3Bas\"><iframe title=\"Fachada de Casas Simples - 50 Melhores Ideias de Fachadas de Casas Simples\" width=\"696\" height=\"392\" src=\"https:\/\/www.youtube.com\/embed\/i4StTHA3Bas?feature=oembed&#038;enablejsapi=1\" frameborder=\"0\" allow=\"accelerometer; autoplay; clipboard-write; encrypted-media; gyroscope; picture-in-picture; web-share\" referrerpolicy=\"strict-origin-when-cross-origin\" allowfullscreen><\/iframe><\/div>\n<\/p>\n<h3>7. Varanda integrada com a sala<\/h3>\n<p>Ao deixar a varanda pr\u00f3xima \u00e0 sala, voc\u00ea amplia a sensa\u00e7\u00e3o de espa\u00e7o e favorece o contato com a <b>natureza<\/b>.<\/p>\n<h3>8. Varandas com grades de vidro<\/h3>\n<p>Os pain\u00e9is de vidro oferecem seguran\u00e7a e <b>visibilidade<\/b>. Assim, a vista externa se torna parte do interior da casa.<\/p>\n<h3>9. Plantas como complemento visual<\/h3>\n<p>Pense em usar plantas na varanda para deixar o ambiente mais <b>vibrante<\/b>. Al\u00e9m do est\u00e9tico, ainda traz frescor ao ar.<\/p>\n<h3>10. Duas varandas distintas<\/h3>\n<p>Se o espa\u00e7o permitir, ter duas varandas pode oferecer \u00e1reas exclusivas para diferentes usos, seja para <b>relaxar<\/b> ou receber amigos.<\/p>\n<table>\n<tr>\n<th>Fachada<\/th>\n<th>Caracter\u00edsticas Principais<\/th>\n<th>Estilo<\/th>\n<\/tr>\n<tr>\n<td>Fachada Cl\u00e1ssica<\/td>\n<td>Varandas discretas de madeira e plantas<\/td>\n<td>Cl\u00e1ssico<\/td>\n<\/tr>\n<tr>\n<td>Design Minimalista<\/td>\n<td>Linhas retas e materiais claros<\/td>\n<td>Minimalista<\/td>\n<\/tr>\n<tr>\n<td>Grande Varanda<\/td>\n<td>Centro das aten\u00e7\u00f5es, ideal para receber<\/td>\n<td>Moderno<\/td>\n<\/tr>\n<tr>\n<td>Telhado Embutido<\/td>\n<td>Prote\u00e7\u00e3o e charme<\/td>\n<td>Moderno+Aconchegante<\/td>\n<\/tr>\n<tr>\n<td>Tijolos e Pedras<\/td>\n<td>R\u00fastico e elegante<\/td>\n<td>R\u00fastico<\/td>\n<\/tr>\n<\/table>\n<p>Em resumo, as fachadas simples com varanda s\u00e3o vers\u00e1teis e podem se encaixar em diversos estilos. Cada op\u00e7\u00e3o traz seu charme \u00fanico e enriquece o ambiente, tornando a casa um verdadeiro <b>lar<\/b>.<\/p>\n<p>Gostou das ideias? Deixe seu coment\u00e1rio e compartilhe suas prefer\u00eancias! N\u00e3o se esque\u00e7a de conferir nossos outros artigos para mais inspira\u00e7\u00f5es sobre decora\u00e7\u00e3o e arquitetura.<\/p>\n","protected":false},"excerpt":{"rendered":"<p>As 10 Melhores Fachadas Simples com Varanda<\/p>\n","protected":false},"author":102,"featured_media":154180,"comment_status":"open","ping_status":"","sticky":false,"template":"","format":"standard","meta":{"footnotes":""},"categories":[249,1484],"tags":[],"class_list":["post-154183","post","type-post","status-publish","format-standard","has-post-thumbnail","category-engenharia-e-construcao-civil","category-decoracao"],"_wp_attached_file":null,"_wp_attachment_metadata":null,"_wp_attachment_context":null,"_wp_attachment_is_custom_header":null,"geo_longitude":null,"geo_public":null,"geo_latitude":null,"_publicize_done_external":null,"_wpas_done_3897181":null,"publicize_twitter_user":null,"_wpas_done_3897175":null,"_wpas_skip_3897181":null,"_wpas_skip_3897175":null,"_wpas_skip_3924723":null,"_wpas_mess":null,"_wpas_done_3924723":null,"wps_subtitle":"","_links":{"self":[{"href":"https:\/\/www.aarquiteta.com.br\/blog\/wp-json\/wp\/v2\/posts\/154183","targetHints":{"allow":["GET"]}}],"collection":[{"href":"https:\/\/www.aarquiteta.com.br\/blog\/wp-json\/wp\/v2\/posts"}],"about":[{"href":"https:\/\/www.aarquiteta.com.br\/blog\/wp-json\/wp\/v2\/types\/post"}],"author":[{"embeddable":true,"href":"https:\/\/www.aarquiteta.com.br\/blog\/wp-json\/wp\/v2\/users\/102"}],"replies":[{"embeddable":true,"href":"https:\/\/www.aarquiteta.com.br\/blog\/wp-json\/wp\/v2\/comments?post=154183"}],"version-history":[{"count":0,"href":"https:\/\/www.aarquiteta.com.br\/blog\/wp-json\/wp\/v2\/posts\/154183\/revisions"}],"wp:featuredmedia":[{"embeddable":true,"href":"https:\/\/www.aarquiteta.com.br\/blog\/wp-json\/wp\/v2\/media\/154180"}],"wp:attachment":[{"href":"https:\/\/www.aarquiteta.com.br\/blog\/wp-json\/wp\/v2\/media?parent=154183"}],"wp:term":[{"taxonomy":"category","embeddable":true,"href":"https:\/\/www.aarquiteta.com.br\/blog\/wp-json\/wp\/v2\/categories?post=154183"},{"taxonomy":"post_tag","embeddable":true,"href":"https:\/\/www.aarquiteta.com.br\/blog\/wp-json\/wp\/v2\/tags?post=154183"}],"curies":[{"name":"wp","href":"https:\/\/api.w.org\/{rel}","templated":true}]}}