{"id":154150,"date":"2025-09-19T07:31:39","date_gmt":"2025-09-19T10:31:39","guid":{"rendered":"https:\/\/www.aarquiteta.com.br\/blog\/arandela-rustica\/"},"modified":"2025-09-19T07:31:39","modified_gmt":"2025-09-19T10:31:39","slug":"arandela-rustica","status":"publish","type":"post","link":"https:\/\/www.aarquiteta.com.br\/blog\/arandela-rustica\/","title":{"rendered":"As 10 Melhores Inspira\u00e7\u00f5es de Arandelas R\u00fasticas para a Sua Casa"},"content":{"rendered":"<p>Decorar com arandelas r\u00fasticas traz um toque especial e aconchegante para qualquer ambiente. Venha conferir as melhores inspira\u00e7\u00f5es para a sua casa!<\/p>\n<figure style=\"width: 1024px\" class=\"wp-caption aligncenter\"><img decoding=\"async\" src=\"https:\/\/www.aarquiteta.com.br\/blog\/wp-content\/uploads\/2025\/09\/arandela-rustica01.jpg\" alt=\"https:\/\/www.tuacasa.com.br\/arandela-rustica\/\" width=\"1024\" height=\"1024\" title=\"\"><figcaption class=\"wp-caption-text\">https:\/\/www.tuacasa.com.br\/arandela-rustica\/<\/figcaption><\/figure>\n<h2>As 10 Melhores Inspira\u00e7\u00f5es de Arandelas R\u00fasticas para a Sua Casa<\/h2>\n<p>Voc\u00ea j\u00e1 percebeu como <b>detalhes simples<\/b> podem transformar completamente a decora\u00e7\u00e3o da sua casa? As arandelas r\u00fasticas s\u00e3o uma excelente op\u00e7\u00e3o para quem deseja trazer um charme extra para os ambientes. Com diversas op\u00e7\u00f5es de materiais, como ferro e madeira, essas lumin\u00e1rias n\u00e3o s\u00f3 iluminam, mas tamb\u00e9m embelezam espa\u00e7os.<\/p>\n<figure style=\"width: 1024px\" class=\"wp-caption aligncenter\"><img decoding=\"async\" src=\"https:\/\/www.aarquiteta.com.br\/blog\/wp-content\/uploads\/2025\/09\/arandela-rustica02.jpg\" alt=\"https:\/\/www.tuacasa.com.br\/arandela-rustica\/\" width=\"1024\" height=\"1024\" title=\"\"><figcaption class=\"wp-caption-text\">https:\/\/www.tuacasa.com.br\/arandela-rustica\/<\/figcaption><\/figure>\n<h3>1. Arandela de Madeira com Corda<\/h3>\n<p>Esse modelo \u00e9 perfeito para quem busca um toque natural. A combina\u00e7\u00e3o de <b>madeira e corda<\/b> traz um ar campestre e acolhedor, ideal para salas e varandas.<\/p>\n<figure style=\"width: 1024px\" class=\"wp-caption aligncenter\"><img decoding=\"async\" src=\"https:\/\/www.aarquiteta.com.br\/blog\/wp-content\/uploads\/2025\/09\/arandela-rustica03.jpg\" alt=\"https:\/\/www.tuacasa.com.br\/arandela-rustica\/\" width=\"1024\" height=\"1024\" title=\"\"><figcaption class=\"wp-caption-text\">https:\/\/www.tuacasa.com.br\/arandela-rustica\/<\/figcaption><\/figure>\n<h3>2. Arandela de Ferro Estilizada<\/h3>\n<p>As arandelas de ferro t\u00eam um charme industrial. Al\u00e9m disso, op\u00e7\u00f5es com designs <b>modernos<\/b> podem se adequar facilmente a ambientes contempor\u00e2neos.<\/p>\n<h3>3. Arandela Vintage para Banheiro<\/h3>\n<p>D\u00ea um toque vintage e r\u00fastico ao seu banheiro com uma arandela bem posicionada. A ilumina\u00e7\u00e3o suave ajudar\u00e1 a criar um <b>clima relaxante<\/b>.<\/p>\n<h3>4. Arandela com L\u00e2mpadas Expostas<\/h3>\n<p>As l\u00e2mpadas expostas em arandelas de estilo r\u00fastico s\u00e3o uma tend\u00eancia marcante. Elas oferecem um <b>visual despojado<\/b> e descontra\u00eddo, perfeito para espa\u00e7os abertos.<\/p>\n<h3>5. Arandela em Estilo Colonial<\/h3>\n<p>Assim como os chal\u00e9s, esse estilo proporciona um toque <b>cl\u00e1ssico e elegante<\/b>. Ideal para espa\u00e7os que prezam pela tradi\u00e7\u00e3o e pelo conforto.<\/p>\n<h3>6. Arandela Integrada \u00e0 \u00c1rea Gourmet<\/h3>\n<p>If voc\u00ea ama receber amigos, a arandela pode ser um elemento decorativo e funcional, oferecendo uma ilumina\u00e7\u00e3o aconchegante para sua <b>\u00e1rea gourmet<\/b>.<\/p>\n<p>https:\/\/www.youtube.com\/watch?v=<\/p>\n<h3>7. Arandelas Pr\u00f3ximas \u00e0 Sauna<\/h3>\n<p>Colocar arandelas perto da sauna n\u00e3o s\u00f3 ilumina, mas tamb\u00e9m contribui para um <b>ambiente relaxante<\/b> e calmo.<\/p>\n<h3>8. Arandela em Ambientes Externos<\/h3>\n<p>As arandelas s\u00e3o \u00f3timas para \u00e1reas externas. Com esta op\u00e7\u00e3o, o jardim ganha um <b>toque especial<\/b> \u00e0 noite, criando uma atmosfera convidativa.<\/p>\n<h3>9. Arandela sobre a Cabeceira da Cama<\/h3>\n<p>Uma \u00f3tima ideia para quartos pequenos! Instalar arandelas <b>pr\u00f3ximas \u00e0 cama<\/b> facilita a leitura e ainda decora o espa\u00e7o de forma elegante.<\/p>\n<h3>10. Arandela Combinando com Elementos em Madeira<\/h3>\n<p>Esse modelo harmoniza perfeitamente com decora\u00e7\u00f5es que incluem madeira, trazendo uma <b>sensa\u00e7\u00e3o de unidade<\/b> ao ambiente.<\/p>\n<table>\n<tr>\n<th>Modelo de Arandela<\/th>\n<th>Ambiente Sugerido<\/th>\n<\/tr>\n<tr>\n<td>Madeira com Corda<\/td>\n<td>Sala e Varanda<\/td>\n<\/tr>\n<tr>\n<td>Ferro Estilizado<\/td>\n<td>Ambientes Modernos<\/td>\n<\/tr>\n<tr>\n<td>Vintage<\/td>\n<td>Banheiro<\/td>\n<\/tr>\n<tr>\n<td>L\u00e2mpadas Expostas<\/td>\n<td>Espa\u00e7os Abertos<\/td>\n<\/tr>\n<tr>\n<td>Estilo Colonial<\/td>\n<td>Varandas e Chal\u00e9s<\/td>\n<\/tr>\n<tr>\n<td>\u00c1rea Gourmet<\/td>\n<td>Receber Amigos<\/td>\n<\/tr>\n<tr>\n<td>Perto da Sauna<\/td>\n<td>Saunas e Spa<\/td>\n<\/tr>\n<tr>\n<td>Externas<\/td>\n<td>Jardins e Varandas<\/td>\n<\/tr>\n<tr>\n<td>Sob Cabeceira<\/td>\n<td>Quartos<\/td>\n<\/tr>\n<tr>\n<td>Com Elementos em Madeira<\/td>\n<td>V\u00e1rios Ambientes<\/td>\n<\/tr>\n<\/table>\n<p>Agora que voc\u00ea conhece as <b>melhores inspira\u00e7\u00f5es<\/b> de arandelas r\u00fasticas, que tal pensar em como aplicar essas ideias na sua casa? Afinal, a decora\u00e7\u00e3o pode ser divertida e cheia de estilo! Comenta aqui o que voc\u00ea achou e n\u00e3o esquece de explorar mais dicas no blog!<\/p>\n","protected":false},"excerpt":{"rendered":"<p>As 10 Melhores Inspira\u00e7\u00f5es de Arandelas R\u00fasticas para a Sua Casa<\/p>\n","protected":false},"author":102,"featured_media":154147,"comment_status":"open","ping_status":"","sticky":false,"template":"","format":"standard","meta":{"footnotes":""},"categories":[1484],"tags":[],"class_list":["post-154150","post","type-post","status-publish","format-standard","has-post-thumbnail","category-decoracao"],"_wp_attached_file":null,"_wp_attachment_metadata":null,"_wp_attachment_context":null,"_wp_attachment_is_custom_header":null,"geo_longitude":null,"geo_public":null,"geo_latitude":null,"_publicize_done_external":null,"_wpas_done_3897181":null,"publicize_twitter_user":null,"_wpas_done_3897175":null,"_wpas_skip_3897181":null,"_wpas_skip_3897175":null,"_wpas_skip_3924723":null,"_wpas_mess":null,"_wpas_done_3924723":null,"wps_subtitle":"","_links":{"self":[{"href":"https:\/\/www.aarquiteta.com.br\/blog\/wp-json\/wp\/v2\/posts\/154150","targetHints":{"allow":["GET"]}}],"collection":[{"href":"https:\/\/www.aarquiteta.com.br\/blog\/wp-json\/wp\/v2\/posts"}],"about":[{"href":"https:\/\/www.aarquiteta.com.br\/blog\/wp-json\/wp\/v2\/types\/post"}],"author":[{"embeddable":true,"href":"https:\/\/www.aarquiteta.com.br\/blog\/wp-json\/wp\/v2\/users\/102"}],"replies":[{"embeddable":true,"href":"https:\/\/www.aarquiteta.com.br\/blog\/wp-json\/wp\/v2\/comments?post=154150"}],"version-history":[{"count":0,"href":"https:\/\/www.aarquiteta.com.br\/blog\/wp-json\/wp\/v2\/posts\/154150\/revisions"}],"wp:featuredmedia":[{"embeddable":true,"href":"https:\/\/www.aarquiteta.com.br\/blog\/wp-json\/wp\/v2\/media\/154147"}],"wp:attachment":[{"href":"https:\/\/www.aarquiteta.com.br\/blog\/wp-json\/wp\/v2\/media?parent=154150"}],"wp:term":[{"taxonomy":"category","embeddable":true,"href":"https:\/\/www.aarquiteta.com.br\/blog\/wp-json\/wp\/v2\/categories?post=154150"},{"taxonomy":"post_tag","embeddable":true,"href":"https:\/\/www.aarquiteta.com.br\/blog\/wp-json\/wp\/v2\/tags?post=154150"}],"curies":[{"name":"wp","href":"https:\/\/api.w.org\/{rel}","templated":true}]}}