{"id":154113,"date":"2025-09-17T07:32:02","date_gmt":"2025-09-17T10:32:02","guid":{"rendered":"https:\/\/www.aarquiteta.com.br\/blog\/granito-preto-3\/"},"modified":"2025-09-17T07:32:02","modified_gmt":"2025-09-17T10:32:02","slug":"granito-preto-3","status":"publish","type":"post","link":"https:\/\/www.aarquiteta.com.br\/blog\/granito-preto-3\/","title":{"rendered":"Descubra 10 Formas de Usar o Granito Preto na Decora\u00e7\u00e3o"},"content":{"rendered":"<p>O granito preto \u00e9 a escolha perfeita para quem deseja dar um toque sofisticado na decora\u00e7\u00e3o. Ele combina resist\u00eancia e beleza, ideal em diferentes ambientes.<\/p>\n<figure style=\"width: 1024px\" class=\"wp-caption aligncenter\"><img decoding=\"async\" src=\"https:\/\/www.aarquiteta.com.br\/blog\/wp-content\/uploads\/2025\/09\/granito-preto01.jpg\" alt=\"https:\/\/www.tuacasa.com.br\/granito-preto\/\" width=\"1024\" height=\"1024\" title=\"\"><figcaption class=\"wp-caption-text\">https:\/\/www.tuacasa.com.br\/granito-preto\/<\/figcaption><\/figure>\n<h3>Descubra 10 Formas de Usar o Granito Preto na Decora\u00e7\u00e3o<\/h3>\n<p>Voc\u00ea j\u00e1 percebeu como o <b>granito preto<\/b> pode transformar a sua casa? Al\u00e9m de ser um material resistente, ele traz um estilo \u00fanico e contempor\u00e2neo para qualquer ambiente. Neste artigo, vou mostrar 10 maneiras incr\u00edveis de usar o granito preto na decora\u00e7\u00e3o da sua casa. Vamos l\u00e1?<\/p>\n<figure style=\"width: 1024px\" class=\"wp-caption aligncenter\"><img decoding=\"async\" src=\"https:\/\/www.aarquiteta.com.br\/blog\/wp-content\/uploads\/2025\/09\/granito-preto02.jpg\" alt=\"https:\/\/www.tuacasa.com.br\/granito-preto\/\" width=\"1024\" height=\"1024\" title=\"\"><figcaption class=\"wp-caption-text\">https:\/\/www.tuacasa.com.br\/granito-preto\/<\/figcaption><\/figure>\n<h3>1. Bancadas Modernas<\/h3>\n<p>Uma <b>bancada de granito preto<\/b> na cozinha n\u00e3o s\u00f3 \u00e9 funcional, mas tamb\u00e9m traz um visual requintado. Perfeito para preparar refei\u00e7\u00f5es e receber amigos!<\/p>\n<figure style=\"width: 1024px\" class=\"wp-caption aligncenter\"><img decoding=\"async\" src=\"https:\/\/www.aarquiteta.com.br\/blog\/wp-content\/uploads\/2025\/09\/granito-preto03.jpg\" alt=\"https:\/\/www.tuacasa.com.br\/granito-preto\/\" width=\"1024\" height=\"1024\" title=\"\"><figcaption class=\"wp-caption-text\">https:\/\/www.tuacasa.com.br\/granito-preto\/<\/figcaption><\/figure>\n<h3>2. Piso Sofisticado<\/h3>\n<p>Usar o granito preto como <b>revestimento de piso<\/b> \u00e9 uma \u00f3tima forma de garantir um espa\u00e7o elegante e f\u00e1cil de limpar.<\/p>\n<h3>3. Escadas Elegantes<\/h3>\n<p>Uma escada de <b>granito preto<\/b> d\u00e1 um charme todo especial ao ambiente, criando um ponto focal interessante em sua casa.<\/p>\n<h3>4. Pain\u00e9is Decorativos<\/h3>\n<p>Imagine um painel de TV revestido com <b>granito preto<\/b>. \u00c9 uma tend\u00eancia que acrescenta personalidade \u00e0 sala de estar!<\/p>\n<h3>5. Churrasqueiras Charme<\/h3>\n<p>O granito \u00e9 uma forma sofisticada de revestir sua <b>churrasqueira<\/b>. Al\u00e9m de lindo, \u00e9 extremamente resistente ao calor.<\/p>\n<h3>6. Lavabos Modernos<\/h3>\n<p>Adicione uma bancada em granito preto no lavabo. Isso transforma um espa\u00e7o simples em algo muito mais <b>chique<\/b>.<\/p>\n<p><div class=\"youtube-embed\" data-video_id=\"VB7kRUuNZFo\"><iframe title=\"Combina\u00e7\u00f5es com bancada de granito preto S\u00e3o Gabriel \u2728 #arquitetura  #interiores #cozinhadecorada\" width=\"696\" height=\"392\" src=\"https:\/\/www.youtube.com\/embed\/VB7kRUuNZFo?feature=oembed&#038;enablejsapi=1\" frameborder=\"0\" allow=\"accelerometer; autoplay; clipboard-write; encrypted-media; gyroscope; picture-in-picture; web-share\" referrerpolicy=\"strict-origin-when-cross-origin\" allowfullscreen><\/iframe><\/div>\n<\/p>\n<h3>7. Mesa de Jantar<\/h3>\n<p>Uma mesa de jantar em granito preto fica super atraente e \u00e9 ideal para jantares em fam\u00edlia. O contraste com cadeiras brancas, por exemplo, fica maravilhoso!<\/p>\n<h3>8. Rodabanca Criativa<\/h3>\n<p>Extender o granito para a <b>rodabanca<\/b> \u00e9 uma forma de criar um visual harmonioso e funcional em sua cozinha.<\/p>\n<h3>9. Detalhes Decorativos<\/h3>\n<p>Use pe\u00e7as de decora\u00e7\u00e3o, como vasos e prateleiras em granito preto, para dar um toque especial ao ambiente.<\/p>\n<h3>10. Combinando Elementos<\/h3>\n<p><b>Granito preto<\/b> combina incrivelmente bem com madeira e triagem de cores claras, criando contrastes que tornam o ambiente ainda mais interessante.<\/p>\n<table>\n<tr>\n<th>M\u00e9todo de Uso<\/th>\n<th>Vantagem<\/th>\n<\/tr>\n<tr>\n<td>Bancadas Modernas<\/td>\n<td>Funcional e est\u00e9tica de requinte<\/td>\n<\/tr>\n<tr>\n<td>Piso Sofisticado<\/td>\n<td>Eleg\u00e2ncia e f\u00e1cil limpeza<\/td>\n<\/tr>\n<tr>\n<td>Escadas Elegantes<\/td>\n<td>Ponto focal interessante<\/td>\n<\/tr>\n<tr>\n<td>Pain\u00e9is Decorativos<\/td>\n<td>Acrescenta personalidade<\/td>\n<\/tr>\n<tr>\n<td>Churrasqueiras Charme<\/td>\n<td>Resistente ao calor<\/td>\n<\/tr>\n<\/table>\n<p>Essas s\u00e3o apenas algumas formas de usar o <b>granito preto<\/b> na decora\u00e7\u00e3o. Existe espa\u00e7o para criatividade! Experimente e veja a transforma\u00e7\u00e3o na sua casa.<\/p>\n<p>Se voc\u00ea gostou desse conte\u00fado, compartilhe suas ideias e experi\u00eancias nos coment\u00e1rios. Vamos juntos explorar mais sobre decora\u00e7\u00e3o!<\/p>\n","protected":false},"excerpt":{"rendered":"<p>Descubra 10 Formas de Usar o Granito Preto na Decora\u00e7\u00e3o<\/p>\n","protected":false},"author":102,"featured_media":154110,"comment_status":"open","ping_status":"","sticky":false,"template":"","format":"standard","meta":{"footnotes":""},"categories":[1484],"tags":[],"class_list":["post-154113","post","type-post","status-publish","format-standard","has-post-thumbnail","category-decoracao"],"_wp_attached_file":null,"_wp_attachment_metadata":null,"_wp_attachment_context":null,"_wp_attachment_is_custom_header":null,"geo_longitude":null,"geo_public":null,"geo_latitude":null,"_publicize_done_external":null,"_wpas_done_3897181":null,"publicize_twitter_user":null,"_wpas_done_3897175":null,"_wpas_skip_3897181":null,"_wpas_skip_3897175":null,"_wpas_skip_3924723":null,"_wpas_mess":null,"_wpas_done_3924723":null,"wps_subtitle":"","_links":{"self":[{"href":"https:\/\/www.aarquiteta.com.br\/blog\/wp-json\/wp\/v2\/posts\/154113","targetHints":{"allow":["GET"]}}],"collection":[{"href":"https:\/\/www.aarquiteta.com.br\/blog\/wp-json\/wp\/v2\/posts"}],"about":[{"href":"https:\/\/www.aarquiteta.com.br\/blog\/wp-json\/wp\/v2\/types\/post"}],"author":[{"embeddable":true,"href":"https:\/\/www.aarquiteta.com.br\/blog\/wp-json\/wp\/v2\/users\/102"}],"replies":[{"embeddable":true,"href":"https:\/\/www.aarquiteta.com.br\/blog\/wp-json\/wp\/v2\/comments?post=154113"}],"version-history":[{"count":0,"href":"https:\/\/www.aarquiteta.com.br\/blog\/wp-json\/wp\/v2\/posts\/154113\/revisions"}],"wp:featuredmedia":[{"embeddable":true,"href":"https:\/\/www.aarquiteta.com.br\/blog\/wp-json\/wp\/v2\/media\/154110"}],"wp:attachment":[{"href":"https:\/\/www.aarquiteta.com.br\/blog\/wp-json\/wp\/v2\/media?parent=154113"}],"wp:term":[{"taxonomy":"category","embeddable":true,"href":"https:\/\/www.aarquiteta.com.br\/blog\/wp-json\/wp\/v2\/categories?post=154113"},{"taxonomy":"post_tag","embeddable":true,"href":"https:\/\/www.aarquiteta.com.br\/blog\/wp-json\/wp\/v2\/tags?post=154113"}],"curies":[{"name":"wp","href":"https:\/\/api.w.org\/{rel}","templated":true}]}}