{"id":154103,"date":"2025-09-16T17:31:26","date_gmt":"2025-09-16T20:31:26","guid":{"rendered":"https:\/\/www.aarquiteta.com.br\/blog\/porcelanato-polido-3\/"},"modified":"2025-09-16T17:31:26","modified_gmt":"2025-09-16T20:31:26","slug":"porcelanato-polido-3","status":"publish","type":"post","link":"https:\/\/www.aarquiteta.com.br\/blog\/porcelanato-polido-3\/","title":{"rendered":"7 Ideias Incr\u00edveis para Transformar seu Ambiente com Porcelanato Polido"},"content":{"rendered":"<p>O porcelanato polido \u00e9 uma op\u00e7\u00e3o elegante para transformar ambientes. Neste artigo, vou compartilhar 7 ideias incr\u00edveis para usar esse revestimento.<\/p>\n<figure style=\"width: 1024px\" class=\"wp-caption aligncenter\"><img decoding=\"async\" src=\"https:\/\/www.aarquiteta.com.br\/blog\/wp-content\/uploads\/2025\/09\/porcelanato-polido01.jpg\" alt=\"https:\/\/www.tuacasa.com.br\/porcelanato-polido\/\" width=\"1024\" height=\"1024\" title=\"\"><figcaption class=\"wp-caption-text\">https:\/\/www.tuacasa.com.br\/porcelanato-polido\/<\/figcaption><\/figure>\n<h3>1. Revitalizando a Sala de Estar<\/h3>\n<p>Voc\u00ea sabia que a sala de estar pode ganhar um toque sofisticado com porcelanato polido? <b>Escolhendo tons claros<\/b>, como branco ou bege, podemos criar uma sensa\u00e7\u00e3o de amplitude e eleg\u00e2ncia.<\/p>\n<figure style=\"width: 1024px\" class=\"wp-caption aligncenter\"><img decoding=\"async\" src=\"https:\/\/www.aarquiteta.com.br\/blog\/wp-content\/uploads\/2025\/09\/porcelanato-polido02.jpg\" alt=\"https:\/\/www.tuacasa.com.br\/porcelanato-polido\/\" width=\"1024\" height=\"1024\" title=\"\"><figcaption class=\"wp-caption-text\">https:\/\/www.tuacasa.com.br\/porcelanato-polido\/<\/figcaption><\/figure>\n<h3>2. Cozinha Brilhante e Funcional<\/h3>\n<p>Na cozinha, o porcelanato polido se destaca. A <b>imita\u00e7\u00e3o de m\u00e1rmore<\/b> traz requinte e praticidade. \u00c9 f\u00e1cil de limpar e ainda adiciona um brilho incr\u00edvel ao espa\u00e7o.<\/p>\n<figure style=\"width: 1024px\" class=\"wp-caption aligncenter\"><img decoding=\"async\" src=\"https:\/\/www.aarquiteta.com.br\/blog\/wp-content\/uploads\/2025\/09\/porcelanato-polido03.jpg\" alt=\"https:\/\/www.tuacasa.com.br\/porcelanato-polido\/\" width=\"1024\" height=\"1024\" title=\"\"><figcaption class=\"wp-caption-text\">https:\/\/www.tuacasa.com.br\/porcelanato-polido\/<\/figcaption><\/figure>\n<h3>3. Banheiro de Luxo<\/h3>\n<p>Quer deixar seu banheiro mais refinado? Opte por porcelanato polido nas paredes e pisos. Ele <b>reflete a luz<\/b>, fazendo o ambiente parecer maior e mais iluminado, mas evite \u00e1reas molhadas.<\/p>\n<h3>4. Varanda com Charme<\/h3>\n<p>No espa\u00e7o externo, o porcelanato polido pode trazer um toque de charme. Ao escolher um piso que |<b>combate a umidade<\/b>, \u00e9 poss\u00edvel criar uma varanda convidativa e elegante.<\/p>\n<h3>5. Quarto Aconchegante<\/h3>\n<p>Adicione um tapete antiderrapante e use porcelanato polido para um quarto. A superf\u00edcie lisa e brilhante faz do ambiente um lugar aconchegante e acolhedor.<\/p>\n<h3>6. Ambientes Comerciais<\/h3>\n<p>Para lojas e escrit\u00f3rios, o porcelanato polido \u00e9 uma interven\u00e7\u00e3o de estilo. Ele <b>transmite sofistica\u00e7\u00e3o<\/b> e \u00e9 f\u00e1cil de manter, otimizando o espa\u00e7o para clientes e colaboradores.<\/p>\n<h3>7. Generosidade nas Escadas<\/h3>\n<p>Imagine escadas de porcelanato polido. Elas criam um ar de eleg\u00e2ncia e estilo. <b>Combine diferentes formatos<\/b> e cores para um efeito visual surpreendente!<\/p>\n<p><div class=\"youtube-embed\" data-video_id=\"HmdRFNDejTw\"><iframe title=\"PORCELANATO - PORCELANATO POLIDO, PORCELANATO ACETINADO QUAL ESCOLHER PARA SUA CASA ?\" width=\"696\" height=\"392\" src=\"https:\/\/www.youtube.com\/embed\/HmdRFNDejTw?feature=oembed&#038;enablejsapi=1\" frameborder=\"0\" allow=\"accelerometer; autoplay; clipboard-write; encrypted-media; gyroscope; picture-in-picture; web-share\" referrerpolicy=\"strict-origin-when-cross-origin\" allowfullscreen><\/iframe><\/div>\n<\/p>\n<table>\n<tr>\n<th>Ambiente<\/th>\n<th>Benef\u00edcio<\/th>\n<\/tr>\n<tr>\n<td>Sala de Estar<\/td>\n<td>Amplitude e Eleg\u00e2ncia<\/td>\n<\/tr>\n<tr>\n<td>Cozinha<\/td>\n<td>Praticidade e Brilho<\/td>\n<\/tr>\n<tr>\n<td>Banheiro<\/td>\n<td>Luxo e Ilumina\u00e7\u00e3o<\/td>\n<\/tr>\n<tr>\n<td>Varanda<\/td>\n<td>Charme e Convidativa<\/td>\n<\/tr>\n<tr>\n<td>Quarto<\/td>\n<td>Aconchego e Estilo<\/td>\n<\/tr>\n<tr>\n<td>Ambientes Comerciais<\/td>\n<td>Sofistica\u00e7\u00e3o e Manuten\u00e7\u00e3o<\/td>\n<\/tr>\n<tr>\n<td>Escadas<\/td>\n<td>Eleg\u00e2ncia e Surpresa<\/td>\n<\/tr>\n<\/table>\n<p>Agora que voc\u00ea tem 7 ideias incr\u00edveis, que tal <b>dar uma nova cara<\/b> ao seu lar com porcelanato polido? Inspire-se e n\u00e3o hesite em explorar essas op\u00e7\u00f5es!<\/p>\n","protected":false},"excerpt":{"rendered":"<p>7 Ideias Incr\u00edveis para Transformar seu Ambiente com Porcelanato Polido<\/p>\n","protected":false},"author":102,"featured_media":154100,"comment_status":"open","ping_status":"","sticky":false,"template":"","format":"standard","meta":{"footnotes":""},"categories":[249,1484],"tags":[],"class_list":["post-154103","post","type-post","status-publish","format-standard","has-post-thumbnail","category-engenharia-e-construcao-civil","category-decoracao"],"_wp_attached_file":null,"_wp_attachment_metadata":null,"_wp_attachment_context":null,"_wp_attachment_is_custom_header":null,"geo_longitude":null,"geo_public":null,"geo_latitude":null,"_publicize_done_external":null,"_wpas_done_3897181":null,"publicize_twitter_user":null,"_wpas_done_3897175":null,"_wpas_skip_3897181":null,"_wpas_skip_3897175":null,"_wpas_skip_3924723":null,"_wpas_mess":null,"_wpas_done_3924723":null,"wps_subtitle":"","_links":{"self":[{"href":"https:\/\/www.aarquiteta.com.br\/blog\/wp-json\/wp\/v2\/posts\/154103","targetHints":{"allow":["GET"]}}],"collection":[{"href":"https:\/\/www.aarquiteta.com.br\/blog\/wp-json\/wp\/v2\/posts"}],"about":[{"href":"https:\/\/www.aarquiteta.com.br\/blog\/wp-json\/wp\/v2\/types\/post"}],"author":[{"embeddable":true,"href":"https:\/\/www.aarquiteta.com.br\/blog\/wp-json\/wp\/v2\/users\/102"}],"replies":[{"embeddable":true,"href":"https:\/\/www.aarquiteta.com.br\/blog\/wp-json\/wp\/v2\/comments?post=154103"}],"version-history":[{"count":0,"href":"https:\/\/www.aarquiteta.com.br\/blog\/wp-json\/wp\/v2\/posts\/154103\/revisions"}],"wp:featuredmedia":[{"embeddable":true,"href":"https:\/\/www.aarquiteta.com.br\/blog\/wp-json\/wp\/v2\/media\/154100"}],"wp:attachment":[{"href":"https:\/\/www.aarquiteta.com.br\/blog\/wp-json\/wp\/v2\/media?parent=154103"}],"wp:term":[{"taxonomy":"category","embeddable":true,"href":"https:\/\/www.aarquiteta.com.br\/blog\/wp-json\/wp\/v2\/categories?post=154103"},{"taxonomy":"post_tag","embeddable":true,"href":"https:\/\/www.aarquiteta.com.br\/blog\/wp-json\/wp\/v2\/tags?post=154103"}],"curies":[{"name":"wp","href":"https:\/\/api.w.org\/{rel}","templated":true}]}}