{"id":154086,"date":"2025-09-15T17:31:26","date_gmt":"2025-09-15T20:31:26","guid":{"rendered":"https:\/\/www.aarquiteta.com.br\/blog\/azul-indigo-2\/"},"modified":"2025-09-15T17:31:26","modified_gmt":"2025-09-15T20:31:26","slug":"azul-indigo-2","status":"publish","type":"post","link":"https:\/\/www.aarquiteta.com.br\/blog\/azul-indigo-2\/","title":{"rendered":"Descubra as 10 Melhores Formas de Usar Azul \u00cdndigo na Decora\u00e7\u00e3o"},"content":{"rendered":"<p>Voc\u00ea sabia que o <b>azul-\u00edndigo<\/b> pode transformar sua casa de maneira impressionante? Essa cor marcante traz sofistica\u00e7\u00e3o e tranquilidade. Confira abaixo as 10 melhores formas de us\u00e1-la na decora\u00e7\u00e3o!<\/p>\n<figure style=\"width: 1024px\" class=\"wp-caption aligncenter\"><img decoding=\"async\" src=\"https:\/\/www.aarquiteta.com.br\/blog\/wp-content\/uploads\/2025\/09\/azul-indigo01.jpg\" alt=\"https:\/\/www.tuacasa.com.br\/azul-indigo\/\" width=\"1024\" height=\"1024\" title=\"\"><figcaption class=\"wp-caption-text\">https:\/\/www.tuacasa.com.br\/azul-indigo\/<\/figcaption><\/figure>\n<h3>1. Azul-\u00edndigo na Cozinha: Beleza e Funcionalidade<\/h3>\n<p>O azul-\u00edndigo \u00e9 perfeito para <b>pintar arm\u00e1rios<\/b> ou adicionar detalhes em utens\u00edlios. Ele traz um toque elegante e moderno ao espa\u00e7o, tornando a cozinha mais acolhedora.<\/p>\n<figure style=\"width: 1024px\" class=\"wp-caption aligncenter\"><img decoding=\"async\" src=\"https:\/\/www.aarquiteta.com.br\/blog\/wp-content\/uploads\/2025\/09\/azul-indigo02.jpg\" alt=\"https:\/\/www.tuacasa.com.br\/azul-indigo\/\" width=\"1024\" height=\"1024\" title=\"\"><figcaption class=\"wp-caption-text\">https:\/\/www.tuacasa.com.br\/azul-indigo\/<\/figcaption><\/figure>\n<h3>2. Tapetes: Toque de Cor na Sala<\/h3>\n<p>Um <b>tapete azul-\u00edndigo<\/b> pode ser o detalhe que faltava na sua sala. Ele combina super bem com sof\u00e1s neutros e cria um ambiente charmoso.<\/p>\n<figure style=\"width: 1024px\" class=\"wp-caption aligncenter\"><img decoding=\"async\" src=\"https:\/\/www.aarquiteta.com.br\/blog\/wp-content\/uploads\/2025\/09\/azul-indigo03.jpg\" alt=\"https:\/\/www.tuacasa.com.br\/azul-indigo\/\" width=\"1024\" height=\"1024\" title=\"\"><figcaption class=\"wp-caption-text\">https:\/\/www.tuacasa.com.br\/azul-indigo\/<\/figcaption><\/figure>\n<h3>3. Lavabo com Estilo<\/h3>\n<p>Surpreenda seus visitantes ao usar o azul-\u00edndigo nas paredes do <b>lavabo<\/b>. Essa escolha traz modernidade e um toque de sofistica\u00e7\u00e3o ao pequeno espa\u00e7o.<\/p>\n<h3>4. Cadeiras Coloridas na Sala de Jantar<\/h3>\n<p>As <b>cadeiras azuis-\u00edndigo<\/b> na mesa de jantar v\u00e3o deixar o ambiente muito mais divertido e estiloso. Um detalhe que faz toda a diferen\u00e7a!<\/p>\n<h3>5. Quartos Relaxantes<\/h3>\n<p>No quarto, optar por roupas de cama nessa cor pode criar um espa\u00e7o de <b>tranquilidade<\/b> e descanso. Combina tamb\u00e9m com elementos brancos para suavizar o ambiente.<\/p>\n<h3>6. Harmonia com Cores Neutras<\/h3>\n<p>Uma boa dica \u00e9 combinar o azul-\u00edndigo com <b>cores neutras<\/b> como bege ou branco. Isso garantir\u00e1 um equil\u00edbrio e evita exageros visuais.<\/p>\n<h3>7. Atmosfera Relaxante no Sof\u00e1<\/h3>\n<p>Adicione almofadas ou um sof\u00e1 azul-\u00edndigo na sala. Isso cria uma <b>atmosfera relaxante<\/b> e convidativa, ideal para momentos de descanso.<\/p>\n<p><div class=\"youtube-embed\" data-video_id=\"Kd2fA2MltEY\"><iframe title=\"Azul \u00cdndigo | Ho&#039; oponopono para Sanar Cuerpo y Mente | Mantra Poderoso en Espa\u00f1ol \ud83d\udc99\u2728\" width=\"696\" height=\"392\" src=\"https:\/\/www.youtube.com\/embed\/Kd2fA2MltEY?feature=oembed&#038;enablejsapi=1\" frameborder=\"0\" allow=\"accelerometer; autoplay; clipboard-write; encrypted-media; gyroscope; picture-in-picture; web-share\" referrerpolicy=\"strict-origin-when-cross-origin\" allowfullscreen><\/iframe><\/div>\n<\/p>\n<h3>8. Varanda Aconchegante<\/h3>\n<p>Use o azul-\u00edndigo em m\u00f3veis ou acess\u00f3rios na varanda. Essa cor traz eleg\u00e2ncia e um clima <b>tranquilo<\/b> para os momentos ao ar livre.<\/p>\n<h3>9. Destaque um M\u00f3vel<\/h3>\n<p>Um m\u00f3vel azul-\u00edndigo, como uma poltrona ou mesa de centro, pode <b>chamar a aten\u00e7\u00e3o<\/b> e se tornar o centro das aten\u00e7\u00f5es da decora\u00e7\u00e3o.<\/p>\n<h3>10. Tinta Azul-\u00edndigo nas Paredes<\/h3>\n<p>Se voc\u00ea quer ousar, a tinta azul-\u00edndigo nas paredes \u00e9 uma excelente escolha. Ela transmite <b>calma<\/b> e sofistica\u00e7\u00e3o a qualquer ambiente.<\/p>\n<table>\n<tr>\n<th>Forma de Uso<\/th>\n<th>Benef\u00edcio<\/th>\n<\/tr>\n<tr>\n<td>Cozinha<\/td>\n<td>Estilo moderno e elegante<\/td>\n<\/tr>\n<tr>\n<td>Tapete na Sala<\/td>\n<td>Detalhe que destaca o ambiente<\/td>\n<\/tr>\n<tr>\n<td>Lavabo<\/td>\n<td>Toque sofisticado<\/td>\n<\/tr>\n<tr>\n<td>Cadeiras Azuis<\/td>\n<td>Ambiente divertido<\/td>\n<\/tr>\n<tr>\n<td>Quartos<\/td>\n<td>Sentimento de tranquilidade<\/td>\n<\/tr>\n<tr>\n<td>Sof\u00e1<\/td>\n<td>Atmosfera relaxante<\/td>\n<\/tr>\n<tr>\n<td>Varanda<\/td>\n<td>Cora\u00e7\u00e3o do espa\u00e7o externo<\/td>\n<\/tr>\n<\/table>\n<p>Agora que voc\u00ea conheceu as <b>melhores formas de usar o azul-\u00edndigo<\/b> na decora\u00e7\u00e3o, que tal experimentar? Essa cor tem o poder de transformar seu espa\u00e7o de maneira elegante e pr\u00e1tica. N\u00e3o hesite em deixar sua casa mais bonita e convidativa. Voc\u00ea j\u00e1 pensou em como essa tonalidade pode mudar seu lar?<\/p>\n","protected":false},"excerpt":{"rendered":"<p>Descubra as 10 Melhores Formas de Usar Azul \u00cdndigo na Decora\u00e7\u00e3o<\/p>\n","protected":false},"author":102,"featured_media":154083,"comment_status":"open","ping_status":"","sticky":false,"template":"","format":"standard","meta":{"footnotes":""},"categories":[249,1484],"tags":[],"class_list":["post-154086","post","type-post","status-publish","format-standard","has-post-thumbnail","category-engenharia-e-construcao-civil","category-decoracao"],"_wp_attached_file":null,"_wp_attachment_metadata":null,"_wp_attachment_context":null,"_wp_attachment_is_custom_header":null,"geo_longitude":null,"geo_public":null,"geo_latitude":null,"_publicize_done_external":null,"_wpas_done_3897181":null,"publicize_twitter_user":null,"_wpas_done_3897175":null,"_wpas_skip_3897181":null,"_wpas_skip_3897175":null,"_wpas_skip_3924723":null,"_wpas_mess":null,"_wpas_done_3924723":null,"wps_subtitle":"","_links":{"self":[{"href":"https:\/\/www.aarquiteta.com.br\/blog\/wp-json\/wp\/v2\/posts\/154086","targetHints":{"allow":["GET"]}}],"collection":[{"href":"https:\/\/www.aarquiteta.com.br\/blog\/wp-json\/wp\/v2\/posts"}],"about":[{"href":"https:\/\/www.aarquiteta.com.br\/blog\/wp-json\/wp\/v2\/types\/post"}],"author":[{"embeddable":true,"href":"https:\/\/www.aarquiteta.com.br\/blog\/wp-json\/wp\/v2\/users\/102"}],"replies":[{"embeddable":true,"href":"https:\/\/www.aarquiteta.com.br\/blog\/wp-json\/wp\/v2\/comments?post=154086"}],"version-history":[{"count":0,"href":"https:\/\/www.aarquiteta.com.br\/blog\/wp-json\/wp\/v2\/posts\/154086\/revisions"}],"wp:featuredmedia":[{"embeddable":true,"href":"https:\/\/www.aarquiteta.com.br\/blog\/wp-json\/wp\/v2\/media\/154083"}],"wp:attachment":[{"href":"https:\/\/www.aarquiteta.com.br\/blog\/wp-json\/wp\/v2\/media?parent=154086"}],"wp:term":[{"taxonomy":"category","embeddable":true,"href":"https:\/\/www.aarquiteta.com.br\/blog\/wp-json\/wp\/v2\/categories?post=154086"},{"taxonomy":"post_tag","embeddable":true,"href":"https:\/\/www.aarquiteta.com.br\/blog\/wp-json\/wp\/v2\/tags?post=154086"}],"curies":[{"name":"wp","href":"https:\/\/api.w.org\/{rel}","templated":true}]}}