{"id":154082,"date":"2025-09-15T12:01:57","date_gmt":"2025-09-15T15:01:57","guid":{"rendered":"https:\/\/www.aarquiteta.com.br\/blog\/casaco-infantil-croche\/"},"modified":"2025-09-15T12:01:57","modified_gmt":"2025-09-15T15:01:57","slug":"casaco-infantil-croche","status":"publish","type":"post","link":"https:\/\/www.aarquiteta.com.br\/blog\/casaco-infantil-croche\/","title":{"rendered":"As 10 Melhores Inspira\u00e7\u00f5es de Casacos Infantis em Croch\u00ea para Aumentar a Fofura do Look"},"content":{"rendered":"<p>Voc\u00ea sabia que um <b>casaco infantil em croch\u00ea<\/b> pode transformar o look do seu pequeno? A fofura e o estilo de cada pe\u00e7a feita \u00e0 m\u00e3o trazem um toque \u00fanico. Al\u00e9m disso, essa pe\u00e7a \u00e9 confort\u00e1vel e pr\u00e1tica, perfeita para qualquer ocasi\u00e3o!<\/p>\n<figure style=\"width: 1024px\" class=\"wp-caption aligncenter\"><img decoding=\"async\" src=\"https:\/\/www.aarquiteta.com.br\/blog\/wp-content\/uploads\/2025\/09\/casaco-infantil-croche01.jpg\" alt=\"https:\/\/crocheonline.com.br\/2025\/08\/20\/casaco-infantil-em-croche-transforma-qualquer-look-em-fofura\/\" width=\"1024\" height=\"1024\" title=\"\"><figcaption class=\"wp-caption-text\">https:\/\/crocheonline.com.br\/2025\/08\/20\/casaco-infantil-em-croche-transforma-qualquer-look-em-fofura\/<\/figcaption><\/figure>\n<p>Vamos explorar as <b>10 melhores inspira\u00e7\u00f5es de casacos infantis em croch\u00ea<\/b> que v\u00e3o fazer seu cora\u00e7\u00e3o derreter. Desde op\u00e7\u00f5es para rec\u00e9m-nascidos at\u00e9 crian\u00e7as maiores, cada modelo pode ser adaptado para diferentes ambientes. Ent\u00e3o, por que n\u00e3o dar uma olhadinha? Voc\u00ea vai se apaixonar!<\/p>\n<figure style=\"width: 1024px\" class=\"wp-caption aligncenter\"><img decoding=\"async\" src=\"https:\/\/www.aarquiteta.com.br\/blog\/wp-content\/uploads\/2025\/09\/casaco-infantil-croche02.jpg\" alt=\"https:\/\/crocheonline.com.br\/2025\/08\/20\/casaco-infantil-em-croche-transforma-qualquer-look-em-fofura\/\" width=\"1024\" height=\"1024\" title=\"\"><figcaption class=\"wp-caption-text\">https:\/\/crocheonline.com.br\/2025\/08\/20\/casaco-infantil-em-croche-transforma-qualquer-look-em-fofura\/<\/figcaption><\/figure>\n<h3>1. Casaco de Pompom<\/h3>\n<p>Uma op\u00e7\u00e3o cheia de estilo. Os pompons fazem toda a diferen\u00e7a e criam um toque divertido!<\/p>\n<figure style=\"width: 1024px\" class=\"wp-caption aligncenter\"><img decoding=\"async\" src=\"https:\/\/www.aarquiteta.com.br\/blog\/wp-content\/uploads\/2025\/09\/casaco-infantil-croche03.jpg\" alt=\"https:\/\/crocheonline.com.br\/2025\/08\/20\/casaco-infantil-em-croche-transforma-qualquer-look-em-fofura\/\" width=\"1024\" height=\"1024\" title=\"\"><figcaption class=\"wp-caption-text\">https:\/\/crocheonline.com.br\/2025\/08\/20\/casaco-infantil-em-croche-transforma-qualquer-look-em-fofura\/<\/figcaption><\/figure>\n<h3>2. Casaco Claro com Bot\u00f5es Coloridos<\/h3>\n<p>Esse modelo traz a <b>frescor<\/b> dos tons claros, enquanto os bot\u00f5es coloridos geram um charme irresist\u00edvel.<\/p>\n<h3>3. Casaco Estilo Capa<\/h3>\n<p>Ideal para os dias mais frios. Esse tipo \u00e9 pr\u00e1tico e permite liberdade de movimento.<\/p>\n<h3>4. Casaco com Listras<\/h3>\n<p>Listras est\u00e3o sempre na moda! Uma combina\u00e7\u00e3o de cores neutras e vibrantes pode criar um visual incr\u00edvel.<\/p>\n<h3>5. Casaco Combinando com a Mam\u00e3e<\/h3>\n<p>Que tal um estilo m\u00e3e e filha? Nafabricar um casaco que combine com o seu pode ser uma divers\u00e3o!<\/p>\n<h3>6. Casaco com Apliques de Croch\u00ea<\/h3>\n<p>Adicione um pouco de personalidade. Os apliques em forma de animais ou flores s\u00e3o encantadores!<\/p>\n<p>https:\/\/www.youtube.com\/watch?v=<\/p>\n<h3>7. Casaco Longo<\/h3>\n<p>Uma escolha elegante e pr\u00e1tica, perfeita para eventos especiais!<\/p>\n<h3>8. Casaco com Capuz<\/h3>\n<p>Al\u00e9m de estilosos, os casacos com capuz garantem <b>conforto<\/b> e aquecimento aos pequenos durante as sa\u00eddas.<\/p>\n<h3>9. Casaco com Manga Longa<\/h3>\n<p>Essencial para o inverno, este modelo combina conforto e prote\u00e7\u00e3o.<\/p>\n<h3>10. Casaco de Croch\u00ea em Cores S\u00f3lidas<\/h3>\n<p>Um cl\u00e1ssico atemporal que combina com tudo e \u00e9 f\u00e1cil de coordenar.<\/p>\n<table>\n<tr>\n<th>Modelo<\/th>\n<th>Caracter\u00edsticas<\/th>\n<th>Ocasi\u00f5es<\/th>\n<\/tr>\n<tr>\n<td>Casaco de Pompom<\/td>\n<td>Estiloso e divertido<\/td>\n<td>Ado\u00e7\u00e3o di\u00e1ria<\/td>\n<\/tr>\n<tr>\n<td>Casaco Claro com Bot\u00f5es Coloridos<\/td>\n<td>Frescor e charme<\/td>\n<td>Eventos especiais<\/td>\n<\/tr>\n<tr>\n<td>Casaco Estilo Capa<\/td>\n<td>Pr\u00e1tico e arejado<\/td>\n<td>Passeios<\/td>\n<\/tr>\n<tr>\n<td>Casaco com Listras<\/td>\n<td>Moda atual<\/td>\n<td>Dia a dia<\/td>\n<\/tr>\n<\/table>\n<p>A fofura e funcionalidade dos <b>casacos infantis em croch\u00ea<\/b> tornam qualquer look encantador. Cada pe\u00e7a \u00e9 \u00fanica, fazendo seu pequeno se destacar de maneira especial. Ent\u00e3o, n\u00e3o perca tempo!<\/p>\n<p>Que tal come\u00e7ar agora mesmo a confeccionar ou escolher um casaco incr\u00edvel? Compartilhe suas cria\u00e7\u00f5es ou suas inspira\u00e7\u00f5es nos coment\u00e1rios, e vamos juntas aumentar a fofura do look do seu pequeno!<\/p>\n","protected":false},"excerpt":{"rendered":"<p>As 10 Melhores Inspira\u00e7\u00f5es de Casacos Infantis em Croch\u00ea para Aumentar a Fofura do Look<\/p>\n","protected":false},"author":102,"featured_media":154079,"comment_status":"open","ping_status":"","sticky":false,"template":"","format":"standard","meta":{"footnotes":""},"categories":[10005,1484],"tags":[],"class_list":["post-154082","post","type-post","status-publish","format-standard","has-post-thumbnail","category-casa-e-jardim","category-decoracao"],"_wp_attached_file":null,"_wp_attachment_metadata":null,"_wp_attachment_context":null,"_wp_attachment_is_custom_header":null,"geo_longitude":null,"geo_public":null,"geo_latitude":null,"_publicize_done_external":null,"_wpas_done_3897181":null,"publicize_twitter_user":null,"_wpas_done_3897175":null,"_wpas_skip_3897181":null,"_wpas_skip_3897175":null,"_wpas_skip_3924723":null,"_wpas_mess":null,"_wpas_done_3924723":null,"wps_subtitle":"","_links":{"self":[{"href":"https:\/\/www.aarquiteta.com.br\/blog\/wp-json\/wp\/v2\/posts\/154082","targetHints":{"allow":["GET"]}}],"collection":[{"href":"https:\/\/www.aarquiteta.com.br\/blog\/wp-json\/wp\/v2\/posts"}],"about":[{"href":"https:\/\/www.aarquiteta.com.br\/blog\/wp-json\/wp\/v2\/types\/post"}],"author":[{"embeddable":true,"href":"https:\/\/www.aarquiteta.com.br\/blog\/wp-json\/wp\/v2\/users\/102"}],"replies":[{"embeddable":true,"href":"https:\/\/www.aarquiteta.com.br\/blog\/wp-json\/wp\/v2\/comments?post=154082"}],"version-history":[{"count":0,"href":"https:\/\/www.aarquiteta.com.br\/blog\/wp-json\/wp\/v2\/posts\/154082\/revisions"}],"wp:featuredmedia":[{"embeddable":true,"href":"https:\/\/www.aarquiteta.com.br\/blog\/wp-json\/wp\/v2\/media\/154079"}],"wp:attachment":[{"href":"https:\/\/www.aarquiteta.com.br\/blog\/wp-json\/wp\/v2\/media?parent=154082"}],"wp:term":[{"taxonomy":"category","embeddable":true,"href":"https:\/\/www.aarquiteta.com.br\/blog\/wp-json\/wp\/v2\/categories?post=154082"},{"taxonomy":"post_tag","embeddable":true,"href":"https:\/\/www.aarquiteta.com.br\/blog\/wp-json\/wp\/v2\/tags?post=154082"}],"curies":[{"name":"wp","href":"https:\/\/api.w.org\/{rel}","templated":true}]}}