{"id":154033,"date":"2025-09-12T17:31:41","date_gmt":"2025-09-12T20:31:41","guid":{"rendered":"https:\/\/www.aarquiteta.com.br\/blog\/casa-de-praia-2\/"},"modified":"2025-09-12T17:31:41","modified_gmt":"2025-09-12T20:31:41","slug":"casa-de-praia-2","status":"publish","type":"post","link":"https:\/\/www.aarquiteta.com.br\/blog\/casa-de-praia-2\/","title":{"rendered":"As 5 Melhores Dicas para Montar a Casa de Praia dos Seus Sonhos"},"content":{"rendered":"<p>Est\u00e1 sonhando com a <b>casa de praia perfeita<\/b>? Venha comigo e descubra as 5 melhores dicas para voc\u00ea montar seu ref\u00fagio dos sonhos no litoral.<\/p>\n<figure style=\"width: 1024px\" class=\"wp-caption aligncenter\"><img decoding=\"async\" src=\"https:\/\/www.aarquiteta.com.br\/blog\/wp-content\/uploads\/2025\/09\/casa-de-praia01.jpg\" alt=\"https:\/\/www.tuacasa.com.br\/casa-de-praia\/\" width=\"1024\" height=\"1024\" title=\"\"><figcaption class=\"wp-caption-text\">https:\/\/www.tuacasa.com.br\/casa-de-praia\/<\/figcaption><\/figure>\n<h2>As 5 Melhores Dicas para Montar a Casa de Praia dos Seus Sonhos<\/h2>\n<p>Montar uma casa de praia n\u00e3o \u00e9 apenas uma quest\u00e3o de <b>decora\u00e7\u00e3o<\/b>, mas sim, de criar um verdadeiro <b>ref\u00fagio<\/b> que expresse sua personalidade e aproveite os encantos do mar.<\/p>\n<figure style=\"width: 1024px\" class=\"wp-caption aligncenter\"><img decoding=\"async\" src=\"https:\/\/www.aarquiteta.com.br\/blog\/wp-content\/uploads\/2025\/09\/casa-de-praia02.jpg\" alt=\"https:\/\/www.tuacasa.com.br\/casa-de-praia\/\" width=\"1024\" height=\"1024\" title=\"\"><figcaption class=\"wp-caption-text\">https:\/\/www.tuacasa.com.br\/casa-de-praia\/<\/figcaption><\/figure>\n<p>Vamos falar sobre as melhores dicas que eu apliquei e que podem transformar sua casa em um espa\u00e7o incr\u00edvel.<\/p>\n<figure style=\"width: 1024px\" class=\"wp-caption aligncenter\"><img decoding=\"async\" src=\"https:\/\/www.aarquiteta.com.br\/blog\/wp-content\/uploads\/2025\/09\/casa-de-praia03.jpg\" alt=\"https:\/\/www.tuacasa.com.br\/casa-de-praia\/\" width=\"1024\" height=\"1024\" title=\"\"><figcaption class=\"wp-caption-text\">https:\/\/www.tuacasa.com.br\/casa-de-praia\/<\/figcaption><\/figure>\n<h3>1. Aposte em Materiais Naturais<\/h3>\n<p>Utilizar <b>materiais naturais<\/b> na constru\u00e7\u00e3o e na decora\u00e7\u00e3o \u00e9 essencial. M\u00f3veis de madeira, palha e fibras naturais trazem a <b>tranquilidade<\/b> da natureza para dentro de casa, criando ambientes aconchegantes.<\/p>\n<h3>2. Integre Espa\u00e7os Internos e Externos<\/h3>\n<p>Uma boa casa de praia deve <b>conectar<\/b> o interior ao exterior. Varandas, sacadas e grandes janelas s\u00e3o essenciais para apreciar a vista e aproveitar a brisa do mar.<\/p>\n<h3>3. Invista em Ilumina\u00e7\u00e3o Natural<\/h3>\n<p>Aproveitar ao m\u00e1ximo a <b>ilumina\u00e7\u00e3o natural<\/b> \u00e9 um truque e tanto. Ambientes bem iluminados automaticamente se tornam mais convidativos e confort\u00e1veis, perfeito para relaxar.<\/p>\n<h3>4. Crie um Espa\u00e7o de Lazer<\/h3>\n<p>Ter uma \u00e1rea de <b>lazer<\/b> com churrasqueira ou uma piscina faz toda a diferen\u00e7a. \u00c9 o lugar onde voc\u00ea pode se reunir com a fam\u00edlia e amigos para aproveitar ao m\u00e1ximo os dias de sol.<\/p>\n<h3>5. D\u00ea Aten\u00e7\u00e3o \u00e0 Decora\u00e7\u00e3o<\/h3>\n<p>A <b>decora\u00e7\u00e3o<\/b> da casa de praia deve incluir elementos que remetam ao mar, como conchas, quadros e objetos de decora\u00e7\u00e3o que tragam boas vibra\u00e7\u00f5es. Apostar em cores suaves e tecidos leves pode criar uma atmosfera relaxante.<\/p>\n<p><div class=\"youtube-embed\" data-video_id=\"7Go6083cN9Y\"><iframe title=\"Os Bar\u00f5es da Pisadinha, Thiago Brava - Casa de Praia (Ao Vivo)\" width=\"696\" height=\"392\" src=\"https:\/\/www.youtube.com\/embed\/7Go6083cN9Y?feature=oembed&#038;enablejsapi=1\" frameborder=\"0\" allow=\"accelerometer; autoplay; clipboard-write; encrypted-media; gyroscope; picture-in-picture; web-share\" referrerpolicy=\"strict-origin-when-cross-origin\" allowfullscreen><\/iframe><\/div>\n<\/p>\n<table>\n<tr>\n<th>Dicas<\/th>\n<th>Descri\u00e7\u00e3o<\/th>\n<\/tr>\n<tr>\n<td>Aposte em Materiais Naturais<\/td>\n<td>M\u00f3veis de madeira e palha para um ambiente acolhedor.<\/td>\n<\/tr>\n<tr>\n<td>Integre Espa\u00e7os<\/td>\n<td>Conecte interiores com varandas e janelas grandes.<\/td>\n<\/tr>\n<tr>\n<td>Ilumina\u00e7\u00e3o Natural<\/td>\n<td>Aproveite a luz do sol para ambientes vibrantes.<\/td>\n<\/tr>\n<tr>\n<td>Espa\u00e7o de Lazer<\/td>\n<td>\u00c1rea com churrasqueira e piscina s\u00e3o fundamentais.<\/td>\n<\/tr>\n<tr>\n<td>Decora\u00e7\u00e3o Tem\u00e1tica<\/td>\n<td>Use temas do mar e tons suaves para relaxar.<\/td>\n<\/tr>\n<\/table>\n<p>Agora que voc\u00ea tem essas <b>dicas valiosas<\/b>, que tal come\u00e7ar a planejar a casa de praia dos seus sonhos? Lembre-se de que o importante \u00e9 que este espa\u00e7o reflete sua ess\u00eancia e seu estilo de vida. N\u00e3o deixe de comentar aqui suas ideias e experi\u00eancias!<\/p>\n<p>Ah, e se voc\u00ea gostou, d\u00ea uma olhada em outros artigos sobre <b>decora\u00e7\u00e3o de interiores<\/b> e <b>casas de campo<\/b> para se inspirar ainda mais!<\/p>\n","protected":false},"excerpt":{"rendered":"<p>As 5 Melhores Dicas para Montar a Casa de Praia dos Seus Sonhos<\/p>\n","protected":false},"author":102,"featured_media":154030,"comment_status":"open","ping_status":"","sticky":false,"template":"","format":"standard","meta":{"footnotes":""},"categories":[249,1484],"tags":[],"class_list":["post-154033","post","type-post","status-publish","format-standard","has-post-thumbnail","category-engenharia-e-construcao-civil","category-decoracao"],"_wp_attached_file":null,"_wp_attachment_metadata":null,"_wp_attachment_context":null,"_wp_attachment_is_custom_header":null,"geo_longitude":null,"geo_public":null,"geo_latitude":null,"_publicize_done_external":null,"_wpas_done_3897181":null,"publicize_twitter_user":null,"_wpas_done_3897175":null,"_wpas_skip_3897181":null,"_wpas_skip_3897175":null,"_wpas_skip_3924723":null,"_wpas_mess":null,"_wpas_done_3924723":null,"wps_subtitle":"","_links":{"self":[{"href":"https:\/\/www.aarquiteta.com.br\/blog\/wp-json\/wp\/v2\/posts\/154033","targetHints":{"allow":["GET"]}}],"collection":[{"href":"https:\/\/www.aarquiteta.com.br\/blog\/wp-json\/wp\/v2\/posts"}],"about":[{"href":"https:\/\/www.aarquiteta.com.br\/blog\/wp-json\/wp\/v2\/types\/post"}],"author":[{"embeddable":true,"href":"https:\/\/www.aarquiteta.com.br\/blog\/wp-json\/wp\/v2\/users\/102"}],"replies":[{"embeddable":true,"href":"https:\/\/www.aarquiteta.com.br\/blog\/wp-json\/wp\/v2\/comments?post=154033"}],"version-history":[{"count":0,"href":"https:\/\/www.aarquiteta.com.br\/blog\/wp-json\/wp\/v2\/posts\/154033\/revisions"}],"wp:featuredmedia":[{"embeddable":true,"href":"https:\/\/www.aarquiteta.com.br\/blog\/wp-json\/wp\/v2\/media\/154030"}],"wp:attachment":[{"href":"https:\/\/www.aarquiteta.com.br\/blog\/wp-json\/wp\/v2\/media?parent=154033"}],"wp:term":[{"taxonomy":"category","embeddable":true,"href":"https:\/\/www.aarquiteta.com.br\/blog\/wp-json\/wp\/v2\/categories?post=154033"},{"taxonomy":"post_tag","embeddable":true,"href":"https:\/\/www.aarquiteta.com.br\/blog\/wp-json\/wp\/v2\/tags?post=154033"}],"curies":[{"name":"wp","href":"https:\/\/api.w.org\/{rel}","templated":true}]}}