{"id":154028,"date":"2025-09-12T12:01:59","date_gmt":"2025-09-12T15:01:59","guid":{"rendered":"https:\/\/www.aarquiteta.com.br\/blog\/plantar-jambu-hortalica\/"},"modified":"2025-09-12T12:01:59","modified_gmt":"2025-09-12T15:01:59","slug":"plantar-jambu-hortalica","status":"publish","type":"post","link":"https:\/\/www.aarquiteta.com.br\/blog\/plantar-jambu-hortalica\/","title":{"rendered":"Descubra os 5 Usos Surpreendentes do Jambu na Culin\u00e1ria"},"content":{"rendered":"<p>Voc\u00ea sabia que o jambu \u00e9 uma hortali\u00e7a cheia de surpresas na culin\u00e1ria? Ent\u00e3o vem comigo que eu vou te mostrar cinco usos incr\u00edveis dessa planta amaz\u00f4nica!<\/p>\n<figure style=\"width: 1024px\" class=\"wp-caption aligncenter\"><img decoding=\"async\" src=\"https:\/\/www.aarquiteta.com.br\/blog\/wp-content\/uploads\/2025\/09\/plantar-jambu-hortalica01.jpg\" alt=\"https:\/\/crocheonline.com.br\/2025\/08\/21\/veja-como-plantar-jambu-conheca-os-usos-e-curiosidades-dessa-hortalica-amazonica\/\" width=\"1024\" height=\"1024\" title=\"\"><figcaption class=\"wp-caption-text\">https:\/\/crocheonline.com.br\/2025\/08\/21\/veja-como-plantar-jambu-conheca-os-usos-e-curiosidades-dessa-hortalica-amazonica\/<\/figcaption><\/figure>\n<h3>O que \u00e9 o jambu?<\/h3>\n<p>O <b>jambu<\/b>, tamb\u00e9m conhecido como agri\u00e3o-do-par\u00e1, \u00e9 uma planta comest\u00edvel que encanta paladares por seu sabor ex\u00f3tico. Com origem na regi\u00e3o amaz\u00f4nica, essa hortali\u00e7a bacana tem ganhado destaque nas cozinhas brasileiras. Al\u00e9m de dar aquele toque especial \u00e0s receitas, o jambu traz um efeito de formigamento na boca, gra\u00e7as a uma subst\u00e2ncia chamada espilantol.<\/p>\n<figure style=\"width: 1024px\" class=\"wp-caption aligncenter\"><img decoding=\"async\" src=\"https:\/\/www.aarquiteta.com.br\/blog\/wp-content\/uploads\/2025\/09\/plantar-jambu-hortalica02.jpg\" alt=\"https:\/\/crocheonline.com.br\/2025\/08\/21\/veja-como-plantar-jambu-conheca-os-usos-e-curiosidades-dessa-hortalica-amazonica\/\" width=\"1024\" height=\"1024\" title=\"\"><figcaption class=\"wp-caption-text\">https:\/\/crocheonline.com.br\/2025\/08\/21\/veja-como-plantar-jambu-conheca-os-usos-e-curiosidades-dessa-hortalica-amazonica\/<\/figcaption><\/figure>\n<h3>1. Saladas Refrescantes<\/h3>\n<p>Adicionar <b>jambu<\/b> em saladas \u00e9 uma das formas mais simples de aproveitar seu sabor. Ele se destaca em combina\u00e7\u00f5es com outros vegetais como tomates, cebolas e at\u00e9 mesmo frutas. O resultado \u00e9 uma salada vibrante e cheia de frescor.<\/p>\n<figure style=\"width: 1024px\" class=\"wp-caption aligncenter\"><img decoding=\"async\" src=\"https:\/\/www.aarquiteta.com.br\/blog\/wp-content\/uploads\/2025\/09\/plantar-jambu-hortalica03.jpg\" alt=\"https:\/\/crocheonline.com.br\/2025\/08\/21\/veja-como-plantar-jambu-conheca-os-usos-e-curiosidades-dessa-hortalica-amazonica\/\" width=\"1024\" height=\"1024\" title=\"\"><figcaption class=\"wp-caption-text\">https:\/\/crocheonline.com.br\/2025\/08\/21\/veja-como-plantar-jambu-conheca-os-usos-e-curiosidades-dessa-hortalica-amazonica\/<\/figcaption><\/figure>\n<h3>2. Pratos T\u00edpicos<\/h3>\n<p>Esse vegetal \u00e9 <b>um ingrediente fundamental<\/b> em pratos ic\u00f4nicos, como o tacac\u00e1 e o pato no tucupi. Essas receitas s\u00e3o um verdadeiro convite para conhecer a rica cultura da Amaz\u00f4nia. Voc\u00ea n\u00e3o vai resistir a esse sabor marcante!<\/p>\n<h3>3. Condimento Surpreendente<\/h3>\n<p>Al\u00e9m de ser um ingrediente principal, o jambu tamb\u00e9m funciona como <b>um excelente condiment<\/b>o. Ele pode ser adicionado em diversos pratos, elevando o sabor e trazendo uma identidade \u00fanica \u00e0s receitas.<\/p>\n<h3>4. Bebidas Inusitadas<\/h3>\n<p>O jambu n\u00e3o se limita \u00e0 comida! Ele \u00e9 usado em <b>bebidas fascinantes<\/b>, como cacha\u00e7as aromatizadas. Essa combina\u00e7\u00e3o \u00e9 perfeita para quem gosta de experimentar sabores novos e inusitados.<\/p>\n<h3>5. Cosm\u00e9ticos Naturais<\/h3>\n<p>Sabia que o jambu pode ir al\u00e9m da culin\u00e1ria? Ele \u00e9 utilizado em <b>cosm\u00e9ticos naturais<\/b>, aproveitando as propriedades do espilantol, que \u00e9 ben\u00e9fico para a pele e para a boca. Assim, a planta valoriza n\u00e3o s\u00f3 a gastronomia, mas tamb\u00e9m o bem-estar.<\/p>\n<table>\n<thead>\n<tr>\n<th>Uso do Jambu<\/th>\n<th>Descri\u00e7\u00e3o<\/th>\n<\/tr>\n<\/thead>\n<tbody>\n<tr>\n<td>Saladas Refrescantes<\/td>\n<td>Perfeito para dar frescor e sabor a saladas.<\/td>\n<\/tr>\n<tr>\n<td>Pratos T\u00edpicos<\/td>\n<td>Ingrediente essencial em receitas como tacac\u00e1 e pato no tucupi.<\/td>\n<\/tr>\n<tr>\n<td>Condimento Surpreendente<\/td>\n<td>Eleva o sabor de diversos pratos como um tempero especial.<\/td>\n<\/tr>\n<tr>\n<td>Bebidas Inusitadas<\/td>\n<td>Usado em cacha\u00e7as aromatizadas para sabores \u00fanicos.<\/td>\n<\/tr>\n<tr>\n<td>Cosm\u00e9ticos Naturais<\/td>\n<td>Utilizado em produtos de beleza devido \u00e0s suas propriedades.<\/td>\n<\/tr>\n<\/tbody>\n<\/table>\n<p>O <b>jambu<\/b> \u00e9 uma hortali\u00e7a com in\u00fameras possibilidades na cozinha e muito mais. Ele encanta e surpreende a todos com seus usos variados. Agora que voc\u00ea conhece esses cinco usos, que tal experimentar em casa? Estou curioso para saber como voc\u00ea vai usar essa iguaria amaz\u00f4nica na sua cozinha. Deixe seu coment\u00e1rio e compartilhe suas experi\u00eancias! Vamos juntos explorar mais sobre a culin\u00e1ria brasileira e os ingredientes que fazem a diferen\u00e7a. At\u00e9 a pr\u00f3xima!<\/p>\n<p><div class=\"youtube-embed\" data-video_id=\"jEqaXROmfg8\"><iframe title=\"Como plantar jambu\" width=\"696\" height=\"392\" src=\"https:\/\/www.youtube.com\/embed\/jEqaXROmfg8?feature=oembed&#038;enablejsapi=1\" frameborder=\"0\" allow=\"accelerometer; autoplay; clipboard-write; encrypted-media; gyroscope; picture-in-picture; web-share\" referrerpolicy=\"strict-origin-when-cross-origin\" allowfullscreen><\/iframe><\/div><\/p>\n","protected":false},"excerpt":{"rendered":"<p>Descubra os 5 Usos Surpreendentes do Jambu na Culin\u00e1ria<\/p>\n","protected":false},"author":102,"featured_media":154025,"comment_status":"open","ping_status":"","sticky":false,"template":"","format":"standard","meta":{"footnotes":""},"categories":[10005,1484],"tags":[],"class_list":["post-154028","post","type-post","status-publish","format-standard","has-post-thumbnail","category-casa-e-jardim","category-decoracao"],"_wp_attached_file":null,"_wp_attachment_metadata":null,"_wp_attachment_context":null,"_wp_attachment_is_custom_header":null,"geo_longitude":null,"geo_public":null,"geo_latitude":null,"_publicize_done_external":null,"_wpas_done_3897181":null,"publicize_twitter_user":null,"_wpas_done_3897175":null,"_wpas_skip_3897181":null,"_wpas_skip_3897175":null,"_wpas_skip_3924723":null,"_wpas_mess":null,"_wpas_done_3924723":null,"wps_subtitle":"","_links":{"self":[{"href":"https:\/\/www.aarquiteta.com.br\/blog\/wp-json\/wp\/v2\/posts\/154028","targetHints":{"allow":["GET"]}}],"collection":[{"href":"https:\/\/www.aarquiteta.com.br\/blog\/wp-json\/wp\/v2\/posts"}],"about":[{"href":"https:\/\/www.aarquiteta.com.br\/blog\/wp-json\/wp\/v2\/types\/post"}],"author":[{"embeddable":true,"href":"https:\/\/www.aarquiteta.com.br\/blog\/wp-json\/wp\/v2\/users\/102"}],"replies":[{"embeddable":true,"href":"https:\/\/www.aarquiteta.com.br\/blog\/wp-json\/wp\/v2\/comments?post=154028"}],"version-history":[{"count":0,"href":"https:\/\/www.aarquiteta.com.br\/blog\/wp-json\/wp\/v2\/posts\/154028\/revisions"}],"wp:featuredmedia":[{"embeddable":true,"href":"https:\/\/www.aarquiteta.com.br\/blog\/wp-json\/wp\/v2\/media\/154025"}],"wp:attachment":[{"href":"https:\/\/www.aarquiteta.com.br\/blog\/wp-json\/wp\/v2\/media?parent=154028"}],"wp:term":[{"taxonomy":"category","embeddable":true,"href":"https:\/\/www.aarquiteta.com.br\/blog\/wp-json\/wp\/v2\/categories?post=154028"},{"taxonomy":"post_tag","embeddable":true,"href":"https:\/\/www.aarquiteta.com.br\/blog\/wp-json\/wp\/v2\/tags?post=154028"}],"curies":[{"name":"wp","href":"https:\/\/api.w.org\/{rel}","templated":true}]}}