{"id":153975,"date":"2025-09-09T12:02:54","date_gmt":"2025-09-09T15:02:54","guid":{"rendered":"https:\/\/www.aarquiteta.com.br\/blog\/top-vazado-croche\/"},"modified":"2025-09-09T12:02:54","modified_gmt":"2025-09-09T15:02:54","slug":"top-vazado-croche","status":"publish","type":"post","link":"https:\/\/www.aarquiteta.com.br\/blog\/top-vazado-croche\/","title":{"rendered":"5 Tend\u00eancias que Tornaram o Top Vazado em Croch\u00ea a Sensa\u00e7\u00e3o do Momento"},"content":{"rendered":"<p><b>Voc\u00ea j\u00e1 se perguntou por que o top vazado em croch\u00ea se tornou uma verdadeira sensa\u00e7\u00e3o entre as artes\u00e3s?<\/b> Essa pe\u00e7a encantadora est\u00e1 bombando e \u00e9 f\u00e1cil entender o porqu\u00ea. Al\u00e9m de ser estilosa, \u00e9 super vers\u00e1til, unindo conforto e eleg\u00e2ncia em um s\u00f3 lugar!<\/p>\n<figure style=\"width: 1024px\" class=\"wp-caption aligncenter\"><img decoding=\"async\" src=\"https:\/\/www.aarquiteta.com.br\/blog\/wp-content\/uploads\/2025\/09\/top-vazado-croche01.jpg\" alt=\"https:\/\/crocheonline.com.br\/2025\/08\/20\/veja-por-que-o-top-vazado-em-croche-virou-febre-entre-artesas-e-crocheteiras\/\" width=\"1024\" height=\"1024\" title=\"\"><figcaption class=\"wp-caption-text\">https:\/\/crocheonline.com.br\/2025\/08\/20\/veja-por-que-o-top-vazado-em-croche-virou-febre-entre-artesas-e-crocheteiras\/<\/figcaption><\/figure>\n<p>Neste artigo, vou compartilhar <b>cinco tend\u00eancias<\/b> que fazem do top vazado a escolha perfeita para arrasar em qualquer ocasi\u00e3o. Vamos explorar seus materiais, combina\u00e7\u00f5es e at\u00e9 como esse top pode complementar sua renda!<\/p>\n<figure style=\"width: 1024px\" class=\"wp-caption aligncenter\"><img decoding=\"async\" src=\"https:\/\/www.aarquiteta.com.br\/blog\/wp-content\/uploads\/2025\/09\/top-vazado-croche02.jpg\" alt=\"https:\/\/crocheonline.com.br\/2025\/08\/20\/veja-por-que-o-top-vazado-em-croche-virou-febre-entre-artesas-e-crocheteiras\/\" width=\"1024\" height=\"1024\" title=\"\"><figcaption class=\"wp-caption-text\">https:\/\/crocheonline.com.br\/2025\/08\/20\/veja-por-que-o-top-vazado-em-croche-virou-febre-entre-artesas-e-crocheteiras\/<\/figcaption><\/figure>\n<h3>1. Versatilidade para Todos os Estilos<\/h3>\n<p>O top vazado em croch\u00ea \u00e9 ideal para diversas ocasi\u00f5es. <b>Seja na praia, uma festa ou no dia a dia, ele se adapta!<\/b> Isso proporciona liberdade para expressar sua personalidade atrav\u00e9s da moda artesanal.<\/p>\n<figure style=\"width: 1024px\" class=\"wp-caption aligncenter\"><img decoding=\"async\" src=\"https:\/\/www.aarquiteta.com.br\/blog\/wp-content\/uploads\/2025\/09\/top-vazado-croche03.jpg\" alt=\"https:\/\/crocheonline.com.br\/2025\/08\/20\/veja-por-que-o-top-vazado-em-croche-virou-febre-entre-artesas-e-crocheteiras\/\" width=\"1024\" height=\"1024\" title=\"\"><figcaption class=\"wp-caption-text\">https:\/\/crocheonline.com.br\/2025\/08\/20\/veja-por-que-o-top-vazado-em-croche-virou-febre-entre-artesas-e-crocheteiras\/<\/figcaption><\/figure>\n<h3>2. Materiais de Qualidade<\/h3>\n<p>Fios de algod\u00e3o e misturas s\u00e3o super recomendados. Os <b>fios de algod\u00e3o mercerizado<\/b> deixam o desenho vazado bem definido e a trama firme, garantindo durabilidade e conforto.<\/p>\n<h3>3. Modelagens que Valorizam o Corpo<\/h3>\n<p>Com op\u00e7\u00f5es de tamanhos do P ao G, o top se ajusta a cada corpo. Modelos curtos criam um efeito cropped, enquanto os longos funcionam como elegantes regatas. <b>Isso permite que voc\u00ea brinque com o visual!<\/b><\/p>\n<h3>4. Personaliza\u00e7\u00e3o e Criatividade<\/h3>\n<p>A personaliza\u00e7\u00e3o est\u00e1 em alta! <b>Voc\u00ea pode escolher cores, acabamentos e tamanhos que atendam ao seu gosto.<\/b> Isso torna seu top \u00fanico, ideal para destacar sua individualidade.<\/p>\n<h3>5. Oportunidade de Neg\u00f3cios<\/h3>\n<p>Viu como o top vazado tem uma alta demanda? <b>Esse \u00e9 um nicho perfeito para empreender!<\/b> Seja vendendo online ou em feiras, a personaliza\u00e7\u00e3o sempre cativa clientes e pode complementar sua renda.<\/p>\n<table style=\"width:100%; border-collapse: collapse;\">\n<tr>\n<th style=\"border: 1px solid #ddd; padding: 8px;\">Tend\u00eancia<\/th>\n<th style=\"border: 1px solid #ddd; padding: 8px;\">Descri\u00e7\u00e3o<\/th>\n<\/tr>\n<tr>\n<td style=\"border: 1px solid #ddd; padding: 8px;\">Versatilidade<\/td>\n<td style=\"border: 1px solid #ddd; padding: 8px;\">Perfeito para praia, festas e o dia a dia.<\/td>\n<\/tr>\n<tr>\n<td style=\"border: 1px solid #ddd; padding: 8px;\">Materiais<\/td>\n<td style=\"border: 1px solid #ddd; padding: 8px;\">Uso de fios de algod\u00e3o e misturas de qualidade.<\/td>\n<\/tr>\n<tr>\n<td style=\"border: 1px solid #ddd; padding: 8px;\">Modelagens<\/td>\n<td style=\"border: 1px solid #ddd; padding: 8px;\">Tamanhos que valorizam diferentes corpos.<\/td>\n<\/tr>\n<tr>\n<td style=\"border: 1px solid #ddd; padding: 8px;\">Personaliza\u00e7\u00e3o<\/td>\n<td style=\"border: 1px solid #ddd; padding: 8px;\">Op\u00e7\u00f5es de cores e acabamentos \u00fanicos.<\/td>\n<\/tr>\n<tr>\n<td style=\"border: 1px solid #ddd; padding: 8px;\">Oportunidade de Neg\u00f3cios<\/td>\n<td style=\"border: 1px solid #ddd; padding: 8px;\">Alta demanda que pode gerar renda extra.<\/td>\n<\/tr>\n<\/table>\n<p>Viu s\u00f3 como o <b>top vazado em croch\u00ea<\/b> \u00e9 uma tend\u00eancia vibrante? Essas cinco raz\u00f5es mostram que ele \u00e9 muito mais que uma pe\u00e7a de roupa. <b>\u00c9 uma express\u00e3o de estilo e uma oportunidade de neg\u00f3cio!<\/b><\/p>\n<p><div class=\"youtube-embed\" data-video_id=\"2iuZ0utvcCI\"><iframe title=\"Aprenda a fazer top vazado sem costurar\" width=\"696\" height=\"392\" src=\"https:\/\/www.youtube.com\/embed\/2iuZ0utvcCI?feature=oembed&#038;enablejsapi=1\" frameborder=\"0\" allow=\"accelerometer; autoplay; clipboard-write; encrypted-media; gyroscope; picture-in-picture; web-share\" referrerpolicy=\"strict-origin-when-cross-origin\" allowfullscreen><\/iframe><\/div>\n<\/p>\n<p>Se voc\u00ea gostou deste conte\u00fado, <b>compartilhe com suas amigas<\/b> e deixe seu coment\u00e1rio sobre como ficou seu top! Estou ansiosa para ouvir suas experi\u00eancias e dicas!<\/p>\n","protected":false},"excerpt":{"rendered":"<p>5 Tend\u00eancias que Tornaram o Top Vazado em Croch\u00ea a Sensa\u00e7\u00e3o do Momento<\/p>\n","protected":false},"author":102,"featured_media":153972,"comment_status":"open","ping_status":"","sticky":false,"template":"","format":"standard","meta":{"footnotes":""},"categories":[10005,1484],"tags":[],"class_list":["post-153975","post","type-post","status-publish","format-standard","has-post-thumbnail","category-casa-e-jardim","category-decoracao"],"_wp_attached_file":null,"_wp_attachment_metadata":null,"_wp_attachment_context":null,"_wp_attachment_is_custom_header":null,"geo_longitude":null,"geo_public":null,"geo_latitude":null,"_publicize_done_external":null,"_wpas_done_3897181":null,"publicize_twitter_user":null,"_wpas_done_3897175":null,"_wpas_skip_3897181":null,"_wpas_skip_3897175":null,"_wpas_skip_3924723":null,"_wpas_mess":null,"_wpas_done_3924723":null,"wps_subtitle":"","_links":{"self":[{"href":"https:\/\/www.aarquiteta.com.br\/blog\/wp-json\/wp\/v2\/posts\/153975","targetHints":{"allow":["GET"]}}],"collection":[{"href":"https:\/\/www.aarquiteta.com.br\/blog\/wp-json\/wp\/v2\/posts"}],"about":[{"href":"https:\/\/www.aarquiteta.com.br\/blog\/wp-json\/wp\/v2\/types\/post"}],"author":[{"embeddable":true,"href":"https:\/\/www.aarquiteta.com.br\/blog\/wp-json\/wp\/v2\/users\/102"}],"replies":[{"embeddable":true,"href":"https:\/\/www.aarquiteta.com.br\/blog\/wp-json\/wp\/v2\/comments?post=153975"}],"version-history":[{"count":0,"href":"https:\/\/www.aarquiteta.com.br\/blog\/wp-json\/wp\/v2\/posts\/153975\/revisions"}],"wp:featuredmedia":[{"embeddable":true,"href":"https:\/\/www.aarquiteta.com.br\/blog\/wp-json\/wp\/v2\/media\/153972"}],"wp:attachment":[{"href":"https:\/\/www.aarquiteta.com.br\/blog\/wp-json\/wp\/v2\/media?parent=153975"}],"wp:term":[{"taxonomy":"category","embeddable":true,"href":"https:\/\/www.aarquiteta.com.br\/blog\/wp-json\/wp\/v2\/categories?post=153975"},{"taxonomy":"post_tag","embeddable":true,"href":"https:\/\/www.aarquiteta.com.br\/blog\/wp-json\/wp\/v2\/tags?post=153975"}],"curies":[{"name":"wp","href":"https:\/\/api.w.org\/{rel}","templated":true}]}}