{"id":153902,"date":"2025-09-05T17:31:18","date_gmt":"2025-09-05T20:31:18","guid":{"rendered":"https:\/\/www.aarquiteta.com.br\/blog\/pe-direito-duplo\/"},"modified":"2025-09-05T17:31:18","modified_gmt":"2025-09-05T20:31:18","slug":"pe-direito-duplo","status":"publish","type":"post","link":"https:\/\/www.aarquiteta.com.br\/blog\/pe-direito-duplo\/","title":{"rendered":"As 10 Melhores Dicas para o P\u00e9 Direito Duplo"},"content":{"rendered":"<p>Voc\u00ea sabia que o <b>p\u00e9-direito duplo<\/b> pode ser a solu\u00e7\u00e3o ideal para dar uma nova dimens\u00e3o \u00e0 sua casa? Este recurso arquitet\u00f4nico n\u00e3o s\u00f3 amplia o espa\u00e7o, mas tamb\u00e9m permite uma decora\u00e7\u00e3o vertical deslumbrante. Descubra como aproveitar essa t\u00e9cnica em sua resid\u00eancia!<\/p>\n<figure style=\"width: 1024px\" class=\"wp-caption aligncenter\"><img decoding=\"async\" src=\"https:\/\/www.aarquiteta.com.br\/blog\/wp-content\/uploads\/2025\/09\/pe-direito-duplo01.jpg\" alt=\"https:\/\/www.tuacasa.com.br\/pe-direito-duplo\/\" width=\"1024\" height=\"1024\" title=\"\"><figcaption class=\"wp-caption-text\">https:\/\/www.tuacasa.com.br\/pe-direito-duplo\/<\/figcaption><\/figure>\n<h3>O que \u00e9 p\u00e9-direito duplo?<\/h3>\n<p>Quando falamos em <b>p\u00e9-direito<\/b>, nos referimos \u00e0 altura entre o piso e o teto. O <b>p\u00e9-direito duplo<\/b> \u00e9 quando essa altura passa de 5 metros. Isso traz uma sensa\u00e7\u00e3o de liberdade para o ambiente.<\/p>\n<figure style=\"width: 1024px\" class=\"wp-caption aligncenter\"><img decoding=\"async\" src=\"https:\/\/www.aarquiteta.com.br\/blog\/wp-content\/uploads\/2025\/09\/pe-direito-duplo02.jpg\" alt=\"https:\/\/www.tuacasa.com.br\/pe-direito-duplo\/\" width=\"1024\" height=\"1024\" title=\"\"><figcaption class=\"wp-caption-text\">https:\/\/www.tuacasa.com.br\/pe-direito-duplo\/<\/figcaption><\/figure>\n<h3>1. Amplie a Ilumina\u00e7\u00e3o Natural<\/h3>\n<p>Com grandes janelas, o p\u00e9-direito duplo permite que a luz natural entre e ilumine o espa\u00e7o, fazendo a casa parecer mais acolhedora.<\/p>\n<figure style=\"width: 1024px\" class=\"wp-caption aligncenter\"><img decoding=\"async\" src=\"https:\/\/www.aarquiteta.com.br\/blog\/wp-content\/uploads\/2025\/09\/pe-direito-duplo03.jpg\" alt=\"https:\/\/www.tuacasa.com.br\/pe-direito-duplo\/\" width=\"1024\" height=\"1024\" title=\"\"><figcaption class=\"wp-caption-text\">https:\/\/www.tuacasa.com.br\/pe-direito-duplo\/<\/figcaption><\/figure>\n<h3>2. Decora\u00e7\u00e3o Vertical Potencializada<\/h3>\n<p>Voc\u00ea pode explorar <b>decora\u00e7\u00f5es verticais<\/b>, como estantes altas ou lustres imponentes. Os elementos altos atraem os olhos e criam um ambiente sofisticado.<\/p>\n<h3>3. Crie um Espa\u00e7o Social Elegante<\/h3>\n<p>Ambientes como salas de estar ou de jantar se beneficiam muito com o p\u00e9-direito duplo. Eles permitem uma atmosfera mais <b>ampla<\/b> e convidativa, perfeita para receber amigos e familiares!<\/p>\n<h3>4. Use Materiais Diferentes<\/h3>\n<p>Os revestimentos e texturas podem se destacar com essa altura. Experimente usar <b>madeira<\/b>, l\u00e2mpadas pendentes e acabamentos em 3D que elevem o design do ambiente.<\/p>\n<h3>5. Ciclo de Ventila\u00e7\u00e3o Melhorado<\/h3>\n<p>Esse tipo de p\u00e9-direito favorece a <b>circula\u00e7\u00e3o do ar<\/b>, mantando a casa mais fresca. Isso \u00e9 especialmente importante em climas mais quentes.<\/p>\n<h3>6. Op\u00e7\u00f5es de Armazenamento Aumentadas<\/h3>\n<p>Aproveite a altura para criar nichos e prateleiras. Assim, voc\u00ea aumenta o armazenamento sem ocupar espa\u00e7o no ch\u00e3o.<\/p>\n<p><div class=\"youtube-embed\" data-video_id=\"5Xc9SQrfJog\"><iframe title=\"MC Davi - P\u00e9 Direito (Video Clipe) Perera DJ\" width=\"696\" height=\"392\" src=\"https:\/\/www.youtube.com\/embed\/5Xc9SQrfJog?feature=oembed&#038;enablejsapi=1\" frameborder=\"0\" allow=\"accelerometer; autoplay; clipboard-write; encrypted-media; gyroscope; picture-in-picture; web-share\" referrerpolicy=\"strict-origin-when-cross-origin\" allowfullscreen><\/iframe><\/div>\n<\/p>\n<h3>7. Realce com Cortinas<\/h3>\n<p>Cortinas longas s\u00e3o uma excelente maneira de <b>valorizar a altura<\/b> do ambiente, criando um efeito visual impressionante.<\/p>\n<h3>8. Uma Conex\u00e3o com o Exterior<\/h3>\n<p>As grandes aberturas convidam o exterior para dentro de casa. Isso proporciona uma <b>maior integra\u00e7\u00e3o<\/b> com a natureza.<\/p>\n<table>\n<tr>\n<th><b>Dicas<\/b><\/th>\n<th><b>Vantagens<\/b><\/th>\n<\/tr>\n<tr>\n<td>Janela grande<\/td>\n<td>Mais luz natural<\/td>\n<\/tr>\n<tr>\n<td>Estantes altas<\/td>\n<td>Estilo moderno<\/td>\n<\/tr>\n<tr>\n<td>Cortinas longas<\/td>\n<td>Ambiente elegante<\/td>\n<\/tr>\n<\/table>\n<p>Um p\u00e9-direito duplo pode transformar a percep\u00e7\u00e3o do seu lar. Empreste a ele <b>beleza<\/b> e funcionalidade. Estou animado para ver como voc\u00ea vai implementar essas dicas! N\u00e3o hesite em compartilhar suas experi\u00eancias nos coment\u00e1rios.<\/p>\n<p>Se voc\u00ea se interessou por mais dicas de decora\u00e7\u00e3o ou arquitetura, n\u00e3o deixe de explorar o nosso blog.<\/p>\n","protected":false},"excerpt":{"rendered":"<p>As 10 Melhores Dicas para o P\u00e9 Direito Duplo<\/p>\n","protected":false},"author":102,"featured_media":153899,"comment_status":"open","ping_status":"","sticky":false,"template":"","format":"standard","meta":{"footnotes":""},"categories":[249,1484],"tags":[],"class_list":["post-153902","post","type-post","status-publish","format-standard","has-post-thumbnail","category-engenharia-e-construcao-civil","category-decoracao"],"_wp_attached_file":null,"_wp_attachment_metadata":null,"_wp_attachment_context":null,"_wp_attachment_is_custom_header":null,"geo_longitude":null,"geo_public":null,"geo_latitude":null,"_publicize_done_external":null,"_wpas_done_3897181":null,"publicize_twitter_user":null,"_wpas_done_3897175":null,"_wpas_skip_3897181":null,"_wpas_skip_3897175":null,"_wpas_skip_3924723":null,"_wpas_mess":null,"_wpas_done_3924723":null,"wps_subtitle":"","_links":{"self":[{"href":"https:\/\/www.aarquiteta.com.br\/blog\/wp-json\/wp\/v2\/posts\/153902","targetHints":{"allow":["GET"]}}],"collection":[{"href":"https:\/\/www.aarquiteta.com.br\/blog\/wp-json\/wp\/v2\/posts"}],"about":[{"href":"https:\/\/www.aarquiteta.com.br\/blog\/wp-json\/wp\/v2\/types\/post"}],"author":[{"embeddable":true,"href":"https:\/\/www.aarquiteta.com.br\/blog\/wp-json\/wp\/v2\/users\/102"}],"replies":[{"embeddable":true,"href":"https:\/\/www.aarquiteta.com.br\/blog\/wp-json\/wp\/v2\/comments?post=153902"}],"version-history":[{"count":0,"href":"https:\/\/www.aarquiteta.com.br\/blog\/wp-json\/wp\/v2\/posts\/153902\/revisions"}],"wp:featuredmedia":[{"embeddable":true,"href":"https:\/\/www.aarquiteta.com.br\/blog\/wp-json\/wp\/v2\/media\/153899"}],"wp:attachment":[{"href":"https:\/\/www.aarquiteta.com.br\/blog\/wp-json\/wp\/v2\/media?parent=153902"}],"wp:term":[{"taxonomy":"category","embeddable":true,"href":"https:\/\/www.aarquiteta.com.br\/blog\/wp-json\/wp\/v2\/categories?post=153902"},{"taxonomy":"post_tag","embeddable":true,"href":"https:\/\/www.aarquiteta.com.br\/blog\/wp-json\/wp\/v2\/tags?post=153902"}],"curies":[{"name":"wp","href":"https:\/\/api.w.org\/{rel}","templated":true}]}}