{"id":153879,"date":"2025-09-04T12:06:42","date_gmt":"2025-09-04T15:06:42","guid":{"rendered":"https:\/\/www.aarquiteta.com.br\/blog\/detalhe-croche-vaso-decoracao\/"},"modified":"2025-09-04T12:06:42","modified_gmt":"2025-09-04T15:06:42","slug":"detalhe-croche-vaso-decoracao","status":"publish","type":"post","link":"https:\/\/www.aarquiteta.com.br\/blog\/detalhe-croche-vaso-decoracao\/","title":{"rendered":"5 Tend\u00eancias"},"content":{"rendered":"<p><b>Voc\u00ea sabia que entender as tend\u00eancias pode fazer toda a diferen\u00e7a nos seus projetos?<\/b> Neste artigo, vou compartilhar cinco tend\u00eancias que est\u00e3o em alta e como elas podem influenciar suas decis\u00f5es, seja na moda, decora\u00e7\u00e3o ou tecnologia. Prepare-se para inovar seu olhar sobre o que vem por a\u00ed!<\/p>\n<figure style=\"width: 1024px\" class=\"wp-caption aligncenter\"><img decoding=\"async\" src=\"https:\/\/www.aarquiteta.com.br\/blog\/wp-content\/uploads\/2025\/09\/detalhe-croche-vaso-decoracao01.jpg\" alt=\"https:\/\/crocheonline.com.br\/2025\/08\/23\/o-detalhe-em-croche-que-muda-a-cara-do-seu-vaso-de-plantas-e-transforma-sua-decoracao\/\" width=\"1024\" height=\"1024\" title=\"\"><figcaption class=\"wp-caption-text\">https:\/\/crocheonline.com.br\/2025\/08\/23\/o-detalhe-em-croche-que-muda-a-cara-do-seu-vaso-de-plantas-e-transforma-sua-decoracao\/<\/figcaption><\/figure>\n<p><b>A primeira tend\u00eancia<\/b> a se destacar \u00e9 a busca por sustentabilidade. Cada vez mais, as pessoas est\u00e3o preocupadas com o meio ambiente e buscam op\u00e7\u00f5es que sejam ecologicamente corretas. Desde produtos feitos de materiais reciclados at\u00e9 empresas que adotam pr\u00e1ticas verdes, essa mudan\u00e7a \u00e9 um reflexo de uma sociedade que se preocupa com o futuro do nosso planeta.<\/p>\n<figure style=\"width: 1024px\" class=\"wp-caption aligncenter\"><img decoding=\"async\" src=\"https:\/\/www.aarquiteta.com.br\/blog\/wp-content\/uploads\/2025\/09\/detalhe-croche-vaso-decoracao02.jpg\" alt=\"https:\/\/crocheonline.com.br\/2025\/08\/23\/o-detalhe-em-croche-que-muda-a-cara-do-seu-vaso-de-plantas-e-transforma-sua-decoracao\/\" width=\"1024\" height=\"1024\" title=\"\"><figcaption class=\"wp-caption-text\">https:\/\/crocheonline.com.br\/2025\/08\/23\/o-detalhe-em-croche-que-muda-a-cara-do-seu-vaso-de-plantas-e-transforma-sua-decoracao\/<\/figcaption><\/figure>\n<p><b>Outra tend\u00eancia poderosa<\/b> s\u00e3o as experi\u00eancias imersivas. Voc\u00ea j\u00e1 pensou em como a tecnologia pode transformar a forma como interagimos com as marcas? Realidade aumentada e virtual est\u00e3o mudando a forma de consumir e experienciar produtos. Os consumidores querem n\u00e3o s\u00f3 comprar, mas viver cada momento de maneira intensa.<\/p>\n<figure style=\"width: 1024px\" class=\"wp-caption aligncenter\"><img decoding=\"async\" src=\"https:\/\/www.aarquiteta.com.br\/blog\/wp-content\/uploads\/2025\/09\/detalhe-croche-vaso-decoracao03.jpg\" alt=\"https:\/\/crocheonline.com.br\/2025\/08\/23\/o-detalhe-em-croche-que-muda-a-cara-do-seu-vaso-de-plantas-e-transforma-sua-decoracao\/\" width=\"1024\" height=\"1024\" title=\"\"><figcaption class=\"wp-caption-text\">https:\/\/crocheonline.com.br\/2025\/08\/23\/o-detalhe-em-croche-que-muda-a-cara-do-seu-vaso-de-plantas-e-transforma-sua-decoracao\/<\/figcaption><\/figure>\n<h3>Tabela Resumida das Tend\u00eancias<\/h3>\n<table>\n<tr>\n<th>Tend\u00eancia<\/th>\n<th>Descri\u00e7\u00e3o<\/th>\n<th>Impacto<\/th>\n<\/tr>\n<tr>\n<td>Sustentabilidade<\/td>\n<td>Foco em produtos ecol\u00f3gicos e pr\u00e1ticas verdes.<\/td>\n<td>Consumo consciente, respeito ao meio ambiente.<\/td>\n<\/tr>\n<tr>\n<td>Experi\u00eancias imersivas<\/td>\n<td>Uso de tecnologia para intera\u00e7\u00e3o intensa.<\/td>\n<td>Aumento do engajamento do consumidor.<\/td>\n<\/tr>\n<tr>\n<td>Teletrabalho<\/td>\n<td>Flexibilidade no trabalho remoto.<\/td>\n<td>Melhora na qualidade de vida.<\/td>\n<\/tr>\n<tr>\n<td>M\u00eddias sociais<\/td>\n<td>Conte\u00fados aut\u00eanticos e interativos.<\/td>\n<td>Crescimento das marcas que estabelecem conex\u00e3o real.<\/td>\n<\/tr>\n<tr>\n<td>Sa\u00fade e bem-estar<\/td>\n<td>Valoriza\u00e7\u00e3o da sa\u00fade mental e f\u00edsica.<\/td>\n<td>Investimentos em qualidade de vida.<\/td>\n<\/tr>\n<\/table>\n<h3>O crescimento do teletrabalho<\/h3>\n<p><b>Com a pandemia, o teletrabalho ganhou destaque<\/b> e muitas empresas perceberam os benef\u00edcios dessa pr\u00e1tica. Flexibilidade, melhor qualidade de vida e aumento da produtividade s\u00e3o apenas algumas das vantagens. \u00c9 uma tend\u00eancia que veio para ficar e que deve ser adaptada por mais setores.<\/p>\n<h3>A import\u00e2ncia das m\u00eddias sociais<\/h3>\n<p><b>As m\u00eddias sociais tamb\u00e9m t\u00eam evolu\u00eddo rapidamente<\/b>. Se antes o enfoque estava na quantidade de seguidores, agora a qualidade do conte\u00fado e a conex\u00e3o aut\u00eantica com o p\u00fablico s\u00e3o prioridade. As marcas est\u00e3o aprendendo a contar hist\u00f3rias que ressoam e se conectam de verdade.<\/p>\n<h3>Valoriza\u00e7\u00e3o da sa\u00fade e bem-estar<\/h3>\n<p><b>Por \u00faltimo, mas n\u00e3o menos importante, est\u00e1 a sa\u00fade e bem-estar<\/b>. As pessoas est\u00e3o investindo mais em autocuidado e buscando produtos que promovem qualidade de vida. Esse movimento reflete um mundo onde o cuidado consigo mesmo nunca foi t\u00e3o valorizado.<\/p>\n<p>Essas cinco tend\u00eancias refletem mudan\u00e7as significativas na sociedade. <b>T\u00f4 animado para saber o que voc\u00ea pensa sobre isso!<\/b> Deixe um coment\u00e1rio, compartilhe suas ideias ou d\u00ea uma olhada em outros conte\u00fados do blog. Vamos juntos navegar por essas novas oportunidades!<\/p>\n<p><div class=\"youtube-embed\" data-video_id=\"QX_1nva8Ejk\"><iframe title=\"AS PE\u00c7AS MAIS LINDAS DE #CROCH\u00ca \ud83d\ude0d\" width=\"696\" height=\"392\" src=\"https:\/\/www.youtube.com\/embed\/QX_1nva8Ejk?feature=oembed&#038;enablejsapi=1\" frameborder=\"0\" allow=\"accelerometer; autoplay; clipboard-write; encrypted-media; gyroscope; picture-in-picture; web-share\" referrerpolicy=\"strict-origin-when-cross-origin\" allowfullscreen><\/iframe><\/div><\/p>\n","protected":false},"excerpt":{"rendered":"<p>5 Tend\u00eancias<\/p>\n","protected":false},"author":102,"featured_media":153876,"comment_status":"open","ping_status":"","sticky":false,"template":"","format":"standard","meta":{"footnotes":""},"categories":[10005,1484],"tags":[],"class_list":["post-153879","post","type-post","status-publish","format-standard","has-post-thumbnail","category-casa-e-jardim","category-decoracao"],"_wp_attached_file":null,"_wp_attachment_metadata":null,"_wp_attachment_context":null,"_wp_attachment_is_custom_header":null,"geo_longitude":null,"geo_public":null,"geo_latitude":null,"_publicize_done_external":null,"_wpas_done_3897181":null,"publicize_twitter_user":null,"_wpas_done_3897175":null,"_wpas_skip_3897181":null,"_wpas_skip_3897175":null,"_wpas_skip_3924723":null,"_wpas_mess":null,"_wpas_done_3924723":null,"wps_subtitle":"","_links":{"self":[{"href":"https:\/\/www.aarquiteta.com.br\/blog\/wp-json\/wp\/v2\/posts\/153879","targetHints":{"allow":["GET"]}}],"collection":[{"href":"https:\/\/www.aarquiteta.com.br\/blog\/wp-json\/wp\/v2\/posts"}],"about":[{"href":"https:\/\/www.aarquiteta.com.br\/blog\/wp-json\/wp\/v2\/types\/post"}],"author":[{"embeddable":true,"href":"https:\/\/www.aarquiteta.com.br\/blog\/wp-json\/wp\/v2\/users\/102"}],"replies":[{"embeddable":true,"href":"https:\/\/www.aarquiteta.com.br\/blog\/wp-json\/wp\/v2\/comments?post=153879"}],"version-history":[{"count":0,"href":"https:\/\/www.aarquiteta.com.br\/blog\/wp-json\/wp\/v2\/posts\/153879\/revisions"}],"wp:featuredmedia":[{"embeddable":true,"href":"https:\/\/www.aarquiteta.com.br\/blog\/wp-json\/wp\/v2\/media\/153876"}],"wp:attachment":[{"href":"https:\/\/www.aarquiteta.com.br\/blog\/wp-json\/wp\/v2\/media?parent=153879"}],"wp:term":[{"taxonomy":"category","embeddable":true,"href":"https:\/\/www.aarquiteta.com.br\/blog\/wp-json\/wp\/v2\/categories?post=153879"},{"taxonomy":"post_tag","embeddable":true,"href":"https:\/\/www.aarquiteta.com.br\/blog\/wp-json\/wp\/v2\/tags?post=153879"}],"curies":[{"name":"wp","href":"https:\/\/api.w.org\/{rel}","templated":true}]}}