{"id":153860,"date":"2025-09-03T12:02:39","date_gmt":"2025-09-03T15:02:39","guid":{"rendered":"https:\/\/www.aarquiteta.com.br\/blog\/oregano-feng-shui\/"},"modified":"2025-09-03T12:02:39","modified_gmt":"2025-09-03T15:02:39","slug":"oregano-feng-shui","status":"publish","type":"post","link":"https:\/\/www.aarquiteta.com.br\/blog\/oregano-feng-shui\/","title":{"rendered":"As 5 Melhores Dicas para Usar o Or\u00e9gano no Feng Shui e Atrair Boa Sorte"},"content":{"rendered":"<p>Sabia que o <b>or\u00e9gano<\/b> pode trazer boas vibra\u00e7\u00f5es para sua casa? Neste artigo, vou compartilhar as 5 melhores dicas para usar essa erva no <b>Feng Shui<\/b> e atrair sorte!<\/p>\n<figure style=\"width: 1024px\" class=\"wp-caption aligncenter\"><img decoding=\"async\" src=\"https:\/\/www.aarquiteta.com.br\/blog\/wp-content\/uploads\/2025\/09\/oregano-feng-shui01.jpg\" alt=\"https:\/\/crocheonline.com.br\/2025\/08\/21\/como-usar-o-oregano-no-feng-shui-para-atrair-boa-sorte-e-equilibrio\/\" width=\"1024\" height=\"1024\" title=\"\"><figcaption class=\"wp-caption-text\">https:\/\/crocheonline.com.br\/2025\/08\/21\/como-usar-o-oregano-no-feng-shui-para-atrair-boa-sorte-e-equilibrio\/<\/figcaption><\/figure>\n<h3>1. Escolha os lugares certos para o or\u00e9gano<\/h3>\n<p>A <b>posi\u00e7\u00e3o<\/b> do or\u00e9gano \u00e9 fundamental. Coloc\u00e1-lo pr\u00f3ximo \u00e0 cama favorece o amor e um sono tranquilo.<\/p>\n<figure style=\"width: 1024px\" class=\"wp-caption aligncenter\"><img decoding=\"async\" src=\"https:\/\/www.aarquiteta.com.br\/blog\/wp-content\/uploads\/2025\/09\/oregano-feng-shui02.jpg\" alt=\"https:\/\/crocheonline.com.br\/2025\/08\/21\/como-usar-o-oregano-no-feng-shui-para-atrair-boa-sorte-e-equilibrio\/\" width=\"1024\" height=\"1024\" title=\"\"><figcaption class=\"wp-caption-text\">https:\/\/crocheonline.com.br\/2025\/08\/21\/como-usar-o-oregano-no-feng-shui-para-atrair-boa-sorte-e-equilibrio\/<\/figcaption><\/figure>\n<p>Tamb\u00e9m vale a pena coloc\u00e1-lo na entrada da casa para <b>purificar<\/b> o ambiente e atrair novas oportunidades.<\/p>\n<figure style=\"width: 1024px\" class=\"wp-caption aligncenter\"><img decoding=\"async\" src=\"https:\/\/www.aarquiteta.com.br\/blog\/wp-content\/uploads\/2025\/09\/oregano-feng-shui03.jpg\" alt=\"https:\/\/crocheonline.com.br\/2025\/08\/21\/como-usar-o-oregano-no-feng-shui-para-atrair-boa-sorte-e-equilibrio\/\" width=\"1024\" height=\"1024\" title=\"\"><figcaption class=\"wp-caption-text\">https:\/\/crocheonline.com.br\/2025\/08\/21\/como-usar-o-oregano-no-feng-shui-para-atrair-boa-sorte-e-equilibrio\/<\/figcaption><\/figure>\n<h3>2. Crie pequenos canteiros energ\u00e9ticos<\/h3>\n<p>Uma \u00f3tima ideia \u00e9 juntar o or\u00e9gano com outras plantas, como <b>manjeric\u00e3o<\/b> e alecrim, formando pequenos &#8220;canteiros energ\u00e9ticos&#8221;.<\/p>\n<p>Esses arranjos n\u00e3o s\u00f3 embelezam o ambiente, mas tamb\u00e9m potencializam as propriedades do <b>Feng Shui<\/b>.<\/p>\n<h3>3. Utilize ramos secos na decora\u00e7\u00e3o<\/h3>\n<p>Usar <b>ramos secos<\/b> de or\u00e9gano na decora\u00e7\u00e3o traz um toque r\u00fastico e agrad\u00e1vel, sem ocupar muito espa\u00e7o.<\/p>\n<p>Distribua-os em pontos estrat\u00e9gicos visando sempre <b>harmonizar<\/b> o ambiente.<\/p>\n<h3>4. Aposte em pequenos vasos<\/h3>\n<p>Se voc\u00ea mora em apartamento, pequenos <b>vasos<\/b> s\u00e3o uma escolha ideal. Eles podem ser colocados em janelas ou em prateleiras.<\/p>\n<p><div class=\"youtube-embed\" data-video_id=\"6jBpfyI22hU\"><iframe title=\"14 Amazing Benefits of Oregano Oil\" width=\"696\" height=\"392\" src=\"https:\/\/www.youtube.com\/embed\/6jBpfyI22hU?feature=oembed&#038;enablejsapi=1\" frameborder=\"0\" allow=\"accelerometer; autoplay; clipboard-write; encrypted-media; gyroscope; picture-in-picture; web-share\" referrerpolicy=\"strict-origin-when-cross-origin\" allowfullscreen><\/iframe><\/div>\n<\/p>\n<p>Mantenha o or\u00e9gano em locais ensolarados para garantir seu <b>crescimento saud\u00e1vel<\/b>.<\/p>\n<h3>5. Fa\u00e7a a manuten\u00e7\u00e3o constante<\/h3>\n<p>\u00c9 essencial manter o or\u00e9gano sempre <b>vibrante<\/b> e saud\u00e1vel. Remova folhas secas e regue regularmente.<\/p>\n<p>Isso garante que a energia positiva circule e potencialize as boas vibra\u00e7\u00f5es na sua casa.<\/p>\n<table>\n<tr>\n<th>Dicas<\/th>\n<th>Benef\u00edcios<\/th>\n<\/tr>\n<tr>\n<td>Escolher lugares estrat\u00e9gicos<\/td>\n<td>Atra\u00ed amor e paz<\/td>\n<\/tr>\n<tr>\n<td>Canteiros energ\u00e9ticos<\/td>\n<td>Potencializa energias positivas<\/td>\n<\/tr>\n<tr>\n<td>Ramos secos<\/td>\n<td>Decora\u00e7\u00e3o bonita<\/td>\n<\/tr>\n<tr>\n<td>Pequenos vasos<\/td>\n<td>Ideais para apartamentos<\/td>\n<\/tr>\n<tr>\n<td>Manuten\u00e7\u00e3o constante<\/td>\n<td>Garante boa sa\u00fade da planta<\/td>\n<\/tr>\n<\/table>\n<p>O uso do or\u00e9gano no <b>Feng Shui<\/b> n\u00e3o \u00e9 s\u00f3 uma quest\u00e3o de beleza, mas tamb\u00e9m de simbolismo e prote\u00e7\u00e3o. Ao seguir essas dicas, voc\u00ea pode transformar a energia da sua casa.<\/p>\n<p>N\u00e3o esque\u00e7a de comentar abaixo como foi sua experi\u00eancia. <b>Vamos juntos trazer boa sorte!<\/b><\/p>\n","protected":false},"excerpt":{"rendered":"<p>As 5 Melhores Dicas para Usar o Or\u00e9gano no Feng Shui e Atrair Boa Sorte<\/p>\n","protected":false},"author":102,"featured_media":153857,"comment_status":"open","ping_status":"","sticky":false,"template":"","format":"standard","meta":{"footnotes":""},"categories":[10005,1484],"tags":[],"class_list":["post-153860","post","type-post","status-publish","format-standard","has-post-thumbnail","category-casa-e-jardim","category-decoracao"],"_wp_attached_file":null,"_wp_attachment_metadata":null,"_wp_attachment_context":null,"_wp_attachment_is_custom_header":null,"geo_longitude":null,"geo_public":null,"geo_latitude":null,"_publicize_done_external":null,"_wpas_done_3897181":null,"publicize_twitter_user":null,"_wpas_done_3897175":null,"_wpas_skip_3897181":null,"_wpas_skip_3897175":null,"_wpas_skip_3924723":null,"_wpas_mess":null,"_wpas_done_3924723":null,"wps_subtitle":"","_links":{"self":[{"href":"https:\/\/www.aarquiteta.com.br\/blog\/wp-json\/wp\/v2\/posts\/153860","targetHints":{"allow":["GET"]}}],"collection":[{"href":"https:\/\/www.aarquiteta.com.br\/blog\/wp-json\/wp\/v2\/posts"}],"about":[{"href":"https:\/\/www.aarquiteta.com.br\/blog\/wp-json\/wp\/v2\/types\/post"}],"author":[{"embeddable":true,"href":"https:\/\/www.aarquiteta.com.br\/blog\/wp-json\/wp\/v2\/users\/102"}],"replies":[{"embeddable":true,"href":"https:\/\/www.aarquiteta.com.br\/blog\/wp-json\/wp\/v2\/comments?post=153860"}],"version-history":[{"count":0,"href":"https:\/\/www.aarquiteta.com.br\/blog\/wp-json\/wp\/v2\/posts\/153860\/revisions"}],"wp:featuredmedia":[{"embeddable":true,"href":"https:\/\/www.aarquiteta.com.br\/blog\/wp-json\/wp\/v2\/media\/153857"}],"wp:attachment":[{"href":"https:\/\/www.aarquiteta.com.br\/blog\/wp-json\/wp\/v2\/media?parent=153860"}],"wp:term":[{"taxonomy":"category","embeddable":true,"href":"https:\/\/www.aarquiteta.com.br\/blog\/wp-json\/wp\/v2\/categories?post=153860"},{"taxonomy":"post_tag","embeddable":true,"href":"https:\/\/www.aarquiteta.com.br\/blog\/wp-json\/wp\/v2\/tags?post=153860"}],"curies":[{"name":"wp","href":"https:\/\/api.w.org\/{rel}","templated":true}]}}