{"id":153836,"date":"2025-09-02T07:31:25","date_gmt":"2025-09-02T10:31:25","guid":{"rendered":"https:\/\/www.aarquiteta.com.br\/blog\/marrom\/"},"modified":"2025-09-02T07:31:25","modified_gmt":"2025-09-02T10:31:25","slug":"marrom","status":"publish","type":"post","link":"https:\/\/www.aarquiteta.com.br\/blog\/marrom\/","title":{"rendered":"7 Tons de Marrom que Transformam Seu Espa\u00e7o"},"content":{"rendered":"<p>Voc\u00ea sabia que o marrom pode ser a chave para transformar seu espa\u00e7o? Essa cor vers\u00e1til traz aconchego e riqueza a qualquer ambiente. Vamos explorar <b>7 tons de marrom<\/b> que v\u00e3o deixar sua decora\u00e7\u00e3o incr\u00edvel!<\/p>\n<figure style=\"width: 1024px\" class=\"wp-caption aligncenter\"><img decoding=\"async\" src=\"https:\/\/www.aarquiteta.com.br\/blog\/wp-content\/uploads\/2025\/09\/marrom01.jpg\" alt=\"https:\/\/www.tuacasa.com.br\/marrom\/\" width=\"1024\" height=\"1024\" title=\"\"><figcaption class=\"wp-caption-text\">https:\/\/www.tuacasa.com.br\/marrom\/<\/figcaption><\/figure>\n<h3>1. Marrom Chocolate: Eleg\u00e2ncia e Sofistica\u00e7\u00e3o<\/h3>\n<p>Esse tom \u00e9 perfeito para quem busca <b>sofistica\u00e7\u00e3o<\/b>. M\u00f3veis e estofados em marrom chocolate trazem um ar elegante aos ambientes.<\/p>\n<figure style=\"width: 1024px\" class=\"wp-caption aligncenter\"><img decoding=\"async\" src=\"https:\/\/www.aarquiteta.com.br\/blog\/wp-content\/uploads\/2025\/09\/marrom02.jpg\" alt=\"https:\/\/www.tuacasa.com.br\/marrom\/\" width=\"1024\" height=\"1024\" title=\"\"><figcaption class=\"wp-caption-text\">https:\/\/www.tuacasa.com.br\/marrom\/<\/figcaption><\/figure>\n<h3>2. Marrom Bege: Aconchego em Cada Detalhe<\/h3>\n<p>O marrom bege \u00e9 um tom suave, que <b>transmite aconchego<\/b> e combina com v\u00e1rias cores. Ideal para salas e quartos, ele deixa o ambiente acolhedor.<\/p>\n<figure style=\"width: 1024px\" class=\"wp-caption aligncenter\"><img decoding=\"async\" src=\"https:\/\/www.aarquiteta.com.br\/blog\/wp-content\/uploads\/2025\/09\/marrom03.jpg\" alt=\"https:\/\/www.tuacasa.com.br\/marrom\/\" width=\"1024\" height=\"1024\" title=\"\"><figcaption class=\"wp-caption-text\">https:\/\/www.tuacasa.com.br\/marrom\/<\/figcaption><\/figure>\n<h3>3. Marrom Tabaco: Para um Estilo R\u00fastico<\/h3>\n<p>Se voc\u00ea quer um toque <b>r\u00fastico<\/b>, o marrom tabaco \u00e9 a escolha certa. Combina bem com elementos naturais e pode ser usado em m\u00f3veis de madeira.<\/p>\n<h3>4. Marrom Caramelo: Do\u00e7ura e Calidez<\/h3>\n<p>O caramelo \u00e9 um tom vibrante que traz <b>calidez<\/b> e um toque mais alegre ao espa\u00e7o. Funciona muito bem em almofadas e acess\u00f3rios decorativos.<\/p>\n<h3>5. Marrom Terra: Conex\u00e3o com a Natureza<\/h3>\n<p>Esse tom est\u00e1 diretamente ligado \u00e0 natureza. O marrom terra <b>faz uma conex\u00e3o<\/b> gostosa com o ambiente, ideal para quem adora plantas e elementos naturais.<\/p>\n<h3>6. Marrom Bord\u00f4: Sofistica\u00e7\u00e3o com Estilo<\/h3>\n<p>O bord\u00f4 \u00e9 um tom intenso que <b>destaca qualquer ambiente<\/b>. Perfeito para salas de jantar ou escrit\u00f3rios, ele traz um toque de eleg\u00e2ncia e distin\u00e7\u00e3o.<\/p>\n<h3>7. Marrom Caf\u00e9: Para um Toque Moderno<\/h3>\n<p>Esse tom \u00e9 um dos mais modernos. Com um <b>toque contempor\u00e2neo<\/b>, o marrom caf\u00e9 combina bem com acabamentos em metal e cores frias.<\/p>\n<p>https:\/\/www.youtube.com\/watch?v=<\/p>\n<table>\n<tr>\n<th>Tons de Marrom<\/th>\n<th>Caracter\u00edsticas<\/th>\n<th>Ambiente Ideal<\/th>\n<\/tr>\n<tr>\n<td>Chocolate<\/td>\n<td>Sofisticado<\/td>\n<td>Salas e escrit\u00f3rios<\/td>\n<\/tr>\n<tr>\n<td>Bege<\/td>\n<td>Aconchegante<\/td>\n<td>Quartos e salas<\/td>\n<\/tr>\n<tr>\n<td>Tabaco<\/td>\n<td>R\u00fastico<\/td>\n<td>Sala de estar<\/td>\n<\/tr>\n<tr>\n<td>Caramelo<\/td>\n<td>Caloroso<\/td>\n<td>Decora\u00e7\u00e3o diversificada<\/td>\n<\/tr>\n<tr>\n<td>Terra<\/td>\n<td>Natural<\/td>\n<td>Espa\u00e7os com plantas<\/td>\n<\/tr>\n<tr>\n<td>Bord\u00f4<\/td>\n<td>Intenso<\/td>\n<td>Salas de jantar<\/td>\n<\/tr>\n<tr>\n<td>Caf\u00e9<\/td>\n<td>Moderno<\/td>\n<td>Espa\u00e7os contempor\u00e2neos<\/td>\n<\/tr>\n<\/table>\n<p>Com essas op\u00e7\u00f5es, seu <b>espa\u00e7o vai ganhar vida<\/b>! A versatilidade dos tons de marrom permite combina\u00e7\u00f5es \u00fanicas, transformando cada ambiente em algo especial. Experimente! Comente abaixo qual tom voc\u00ea mais gostou e como pretende us\u00e1-lo na sua decora\u00e7\u00e3o.<\/p>\n","protected":false},"excerpt":{"rendered":"<p>7 Tons de Marrom que Transformam Seu Espa\u00e7o<\/p>\n","protected":false},"author":102,"featured_media":153833,"comment_status":"open","ping_status":"","sticky":false,"template":"","format":"standard","meta":{"footnotes":""},"categories":[1484],"tags":[],"class_list":["post-153836","post","type-post","status-publish","format-standard","has-post-thumbnail","category-decoracao"],"_wp_attached_file":null,"_wp_attachment_metadata":null,"_wp_attachment_context":null,"_wp_attachment_is_custom_header":null,"geo_longitude":null,"geo_public":null,"geo_latitude":null,"_publicize_done_external":null,"_wpas_done_3897181":null,"publicize_twitter_user":null,"_wpas_done_3897175":null,"_wpas_skip_3897181":null,"_wpas_skip_3897175":null,"_wpas_skip_3924723":null,"_wpas_mess":null,"_wpas_done_3924723":null,"wps_subtitle":"","_links":{"self":[{"href":"https:\/\/www.aarquiteta.com.br\/blog\/wp-json\/wp\/v2\/posts\/153836","targetHints":{"allow":["GET"]}}],"collection":[{"href":"https:\/\/www.aarquiteta.com.br\/blog\/wp-json\/wp\/v2\/posts"}],"about":[{"href":"https:\/\/www.aarquiteta.com.br\/blog\/wp-json\/wp\/v2\/types\/post"}],"author":[{"embeddable":true,"href":"https:\/\/www.aarquiteta.com.br\/blog\/wp-json\/wp\/v2\/users\/102"}],"replies":[{"embeddable":true,"href":"https:\/\/www.aarquiteta.com.br\/blog\/wp-json\/wp\/v2\/comments?post=153836"}],"version-history":[{"count":0,"href":"https:\/\/www.aarquiteta.com.br\/blog\/wp-json\/wp\/v2\/posts\/153836\/revisions"}],"wp:featuredmedia":[{"embeddable":true,"href":"https:\/\/www.aarquiteta.com.br\/blog\/wp-json\/wp\/v2\/media\/153833"}],"wp:attachment":[{"href":"https:\/\/www.aarquiteta.com.br\/blog\/wp-json\/wp\/v2\/media?parent=153836"}],"wp:term":[{"taxonomy":"category","embeddable":true,"href":"https:\/\/www.aarquiteta.com.br\/blog\/wp-json\/wp\/v2\/categories?post=153836"},{"taxonomy":"post_tag","embeddable":true,"href":"https:\/\/www.aarquiteta.com.br\/blog\/wp-json\/wp\/v2\/tags?post=153836"}],"curies":[{"name":"wp","href":"https:\/\/api.w.org\/{rel}","templated":true}]}}