{"id":153818,"date":"2025-09-01T12:02:34","date_gmt":"2025-09-01T15:02:34","guid":{"rendered":"https:\/\/www.aarquiteta.com.br\/blog\/brincos-croche-sol-lua\/"},"modified":"2025-09-01T12:02:34","modified_gmt":"2025-09-01T15:02:34","slug":"brincos-croche-sol-lua","status":"publish","type":"post","link":"https:\/\/www.aarquiteta.com.br\/blog\/brincos-croche-sol-lua\/","title":{"rendered":"5 Tend\u00eancias"},"content":{"rendered":"<p>Voc\u00ea sabia que os <b>brincos em croch\u00ea<\/b> est\u00e3o conquistando cada vez mais espa\u00e7o no mundo da moda? Essas pe\u00e7as encantadoras, que unem a for\u00e7a do sol e a delicadeza da lua, s\u00e3o \u00fanicas e cheias de simbolismo. Al\u00e9m disso, elas s\u00e3o leves e confort\u00e1veis, ideais para quem quer se destacar com estilo boho.<\/p>\n<figure style=\"width: 1024px\" class=\"wp-caption aligncenter\"><img decoding=\"async\" src=\"https:\/\/www.aarquiteta.com.br\/blog\/wp-content\/uploads\/2025\/09\/brincos-croche-sol-lua01.jpg\" alt=\"https:\/\/crocheonline.com.br\/2025\/08\/19\/os-brincos-em-croche-que-unem-a-forca-do-sol-com-a-delicadeza-da-lua\/\" width=\"1024\" height=\"1024\" title=\"\"><figcaption class=\"wp-caption-text\">https:\/\/crocheonline.com.br\/2025\/08\/19\/os-brincos-em-croche-que-unem-a-forca-do-sol-com-a-delicadeza-da-lua\/<\/figcaption><\/figure>\n<p>Neste artigo, vou te mostrar 5 tend\u00eancias sobre os brincos em croch\u00ea. Vou compartilhar dicas sobre como confeccion\u00e1-los, os materiais ideais, maneiras de combin\u00e1-los no dia a dia e at\u00e9 como vend\u00ea-los. Preparado para mergulhar nesse universo artesanal e criativo?<\/p>\n<figure style=\"width: 1024px\" class=\"wp-caption aligncenter\"><img decoding=\"async\" src=\"https:\/\/www.aarquiteta.com.br\/blog\/wp-content\/uploads\/2025\/09\/brincos-croche-sol-lua02.jpg\" alt=\"https:\/\/crocheonline.com.br\/2025\/08\/19\/os-brincos-em-croche-que-unem-a-forca-do-sol-com-a-delicadeza-da-lua\/\" width=\"1024\" height=\"1024\" title=\"\"><figcaption class=\"wp-caption-text\">https:\/\/crocheonline.com.br\/2025\/08\/19\/os-brincos-em-croche-que-unem-a-forca-do-sol-com-a-delicadeza-da-lua\/<\/figcaption><\/figure>\n<h3>Tend\u00eancia 1: Materiais de Qualidade<\/h3>\n<p>Para dar vida aos brincos, voc\u00ea deve optar por <b>fios finos e de boa qualidade<\/b>. Isso garante leveza e durabilidade. O algod\u00e3o mercerizado \u00e9 uma excelente escolha, pois traz defini\u00e7\u00e3o de pontos e brilho sutil.<\/p>\n<figure style=\"width: 1024px\" class=\"wp-caption aligncenter\"><img decoding=\"async\" src=\"https:\/\/www.aarquiteta.com.br\/blog\/wp-content\/uploads\/2025\/09\/brincos-croche-sol-lua03.jpg\" alt=\"https:\/\/crocheonline.com.br\/2025\/08\/19\/os-brincos-em-croche-que-unem-a-forca-do-sol-com-a-delicadeza-da-lua\/\" width=\"1024\" height=\"1024\" title=\"\"><figcaption class=\"wp-caption-text\">https:\/\/crocheonline.com.br\/2025\/08\/19\/os-brincos-em-croche-que-unem-a-forca-do-sol-com-a-delicadeza-da-lua\/<\/figcaption><\/figure>\n<h3>Tend\u00eancia 2: Design Vers\u00e1til<\/h3>\n<p>Os brincos de sol e lua s\u00e3o vers\u00e1teis e podem ser confeccionados em diversos tamanhos. <b>Pe\u00e7as menores<\/b> s\u00e3o perfeitas para o cotidiano, enquanto vers\u00f5es maiores se destacam em eventos especiais. As cores tamb\u00e9m variam entre tons cl\u00e1ssicos e combina\u00e7\u00f5es ousadas.<\/p>\n<h3>Tend\u00eancia 3: Confeccionando com Estilo<\/h3>\n<p>Na hora de fazer o brinco, \u00e9 importante come\u00e7ar criando um <b>c\u00edrculo central para o sol<\/b> e adicionar p\u00e9talas. Para a lua, use pontos baixos e altos. A finaliza\u00e7\u00e3o com bases met\u00e1licas transforma o croch\u00ea em um acess\u00f3rio funcional.<\/p>\n<h3>Tend\u00eancia 4: Cuidados e Conserva\u00e7\u00e3o<\/h3>\n<p>Para manter seus brincos como novos, finalize com <b>arremate firme<\/b> e, se necess\u00e1rio, fa\u00e7a um leve bloqueio. Lave delicadamente \u00e0 m\u00e3o e guarde em local arejado. Isso garante a preserva\u00e7\u00e3o das cores e formatos.<\/p>\n<h3>Tend\u00eancia 5: Oportunidade de Vendas<\/h3>\n<p>Os brincos em croch\u00ea t\u00eam um apelo grande no artesanato. Com um toque autoral e simbolismo forte, eles podem ser vendidos em <b>redes sociais, feiras de artesanato<\/b> e por encomenda. Explore os nichos de presentes personalizados e acess\u00f3rios boho!<\/p>\n<table>\n<tr>\n<th>Tend\u00eancia<\/th>\n<th>Detalhes<\/th>\n<\/tr>\n<tr>\n<td>Materiais de Qualidade<\/td>\n<td>Fios finos e algod\u00e3o mercerizado<\/td>\n<\/tr>\n<tr>\n<td>Design Vers\u00e1til<\/td>\n<td>Pe\u00e7as pequenas e grandes, com variedade de cores<\/td>\n<\/tr>\n<tr>\n<td>Confeccionando com Estilo<\/td>\n<td>Cria\u00e7\u00e3o do sol e lua com finaliza\u00e7\u00e3o met\u00e1lica<\/td>\n<\/tr>\n<tr>\n<td>Cuidados e Conserva\u00e7\u00e3o<\/td>\n<td>Arremate firme, lavagem delicada e armazenamento arejado<\/td>\n<\/tr>\n<tr>\n<td>Oportunidade de Vendas<\/td>\n<td>Venda em redes sociais e feiras, foco em presentes personalizados<\/td>\n<\/tr>\n<\/table>\n<p>Estou animada para ver voc\u00ea explorando o maravilhoso mundo dos <b>brincos em croch\u00ea<\/b>. Essas tend\u00eancias definitivamente v\u00e3o te inspirar a criar pe\u00e7as incr\u00edveis e \u00fanicas. E a\u00ed, voc\u00ea vai se aventurar ou compartilhar suas cria\u00e7\u00f5es? N\u00e3o esque\u00e7a de deixar nos coment\u00e1rios!<\/p>\n<p>https:\/\/www.youtube.com\/watch?v=<\/p>\n","protected":false},"excerpt":{"rendered":"<p>5 Tend\u00eancias<\/p>\n","protected":false},"author":102,"featured_media":153815,"comment_status":"open","ping_status":"","sticky":false,"template":"","format":"standard","meta":{"footnotes":""},"categories":[10005,1484],"tags":[],"class_list":["post-153818","post","type-post","status-publish","format-standard","has-post-thumbnail","category-casa-e-jardim","category-decoracao"],"_wp_attached_file":null,"_wp_attachment_metadata":null,"_wp_attachment_context":null,"_wp_attachment_is_custom_header":null,"geo_longitude":null,"geo_public":null,"geo_latitude":null,"_publicize_done_external":null,"_wpas_done_3897181":null,"publicize_twitter_user":null,"_wpas_done_3897175":null,"_wpas_skip_3897181":null,"_wpas_skip_3897175":null,"_wpas_skip_3924723":null,"_wpas_mess":null,"_wpas_done_3924723":null,"wps_subtitle":"","_links":{"self":[{"href":"https:\/\/www.aarquiteta.com.br\/blog\/wp-json\/wp\/v2\/posts\/153818","targetHints":{"allow":["GET"]}}],"collection":[{"href":"https:\/\/www.aarquiteta.com.br\/blog\/wp-json\/wp\/v2\/posts"}],"about":[{"href":"https:\/\/www.aarquiteta.com.br\/blog\/wp-json\/wp\/v2\/types\/post"}],"author":[{"embeddable":true,"href":"https:\/\/www.aarquiteta.com.br\/blog\/wp-json\/wp\/v2\/users\/102"}],"replies":[{"embeddable":true,"href":"https:\/\/www.aarquiteta.com.br\/blog\/wp-json\/wp\/v2\/comments?post=153818"}],"version-history":[{"count":0,"href":"https:\/\/www.aarquiteta.com.br\/blog\/wp-json\/wp\/v2\/posts\/153818\/revisions"}],"wp:featuredmedia":[{"embeddable":true,"href":"https:\/\/www.aarquiteta.com.br\/blog\/wp-json\/wp\/v2\/media\/153815"}],"wp:attachment":[{"href":"https:\/\/www.aarquiteta.com.br\/blog\/wp-json\/wp\/v2\/media?parent=153818"}],"wp:term":[{"taxonomy":"category","embeddable":true,"href":"https:\/\/www.aarquiteta.com.br\/blog\/wp-json\/wp\/v2\/categories?post=153818"},{"taxonomy":"post_tag","embeddable":true,"href":"https:\/\/www.aarquiteta.com.br\/blog\/wp-json\/wp\/v2\/tags?post=153818"}],"curies":[{"name":"wp","href":"https:\/\/api.w.org\/{rel}","templated":true}]}}