{"id":153766,"date":"2025-08-29T17:38:16","date_gmt":"2025-08-29T20:38:16","guid":{"rendered":"https:\/\/www.aarquiteta.com.br\/blog\/casa-invisivel-3\/"},"modified":"2025-08-29T17:38:16","modified_gmt":"2025-08-29T20:38:16","slug":"casa-invisivel-3","status":"publish","type":"post","link":"https:\/\/www.aarquiteta.com.br\/blog\/casa-invisivel-3\/","title":{"rendered":"7 Inova\u00e7\u00f5es para Transformar sua Casa em um Espa\u00e7o Invis\u00edvel"},"content":{"rendered":"<p>Voc\u00ea j\u00e1 pensou em como <b>transformar sua casa em um espa\u00e7o invis\u00edvel<\/b>? Neste artigo, vou te apresentar 7 inova\u00e7\u00f5es que v\u00e3o fazer sua casa parecer um verdadeiro <b>o\u00e1sis escondido<\/b>. A ideia \u00e9 criar ambientes que se misturam \u00e0 natureza e surpreendem pela est\u00e9tica e funcionalidade. Vamos nessa?<\/p>\n<figure style=\"width: 1024px\" class=\"wp-caption aligncenter\"><img decoding=\"async\" src=\"https:\/\/www.aarquiteta.com.br\/blog\/wp-content\/uploads\/2025\/08\/casa-invisivel01.jpg\" alt=\"https:\/\/www.tuacasa.com.br\/casa-invisivel\/\" width=\"1024\" height=\"1024\" title=\"\"><figcaption class=\"wp-caption-text\">https:\/\/www.tuacasa.com.br\/casa-invisivel\/<\/figcaption><\/figure>\n<h3>1. Vidros Espelhados<\/h3>\n<p>Um dos elementos mais fascinantes \u00e9 o uso de <b>vidros espelhados<\/b>. Eles permitem que a casa se camufle na paisagem ao refletir tudo ao seu redor. Al\u00e9m disso, essa inova\u00e7\u00e3o garante privacidade e luz natural.<\/p>\n<figure style=\"width: 1024px\" class=\"wp-caption aligncenter\"><img decoding=\"async\" src=\"https:\/\/www.aarquiteta.com.br\/blog\/wp-content\/uploads\/2025\/08\/casa-invisivel02.jpg\" alt=\"https:\/\/www.tuacasa.com.br\/casa-invisivel\/\" width=\"1024\" height=\"1024\" title=\"\"><figcaption class=\"wp-caption-text\">https:\/\/www.tuacasa.com.br\/casa-invisivel\/<\/figcaption><\/figure>\n<h3>2. Telhados Verdes<\/h3>\n<p>Investir em <b>telhados verdes<\/b> \u00e9 uma \u00f3tima op\u00e7\u00e3o. Eles proporcionam isolamento t\u00e9rmico e s\u00e3o uma forma de conectar a casa ao meio ambiente, atraindo vida silvestre e diminuindo a temperatura.<\/p>\n<figure style=\"width: 1024px\" class=\"wp-caption aligncenter\"><img decoding=\"async\" src=\"https:\/\/www.aarquiteta.com.br\/blog\/wp-content\/uploads\/2025\/08\/casa-invisivel03.jpg\" alt=\"https:\/\/www.tuacasa.com.br\/casa-invisivel\/\" width=\"1024\" height=\"1024\" title=\"\"><figcaption class=\"wp-caption-text\">https:\/\/www.tuacasa.com.br\/casa-invisivel\/<\/figcaption><\/figure>\n<h3>3. Pain\u00e9is Solares Integrados<\/h3>\n<p>Os <b>pain\u00e9is solares<\/b> n\u00e3o precisam ser vis\u00edveis. Escolher design que integre esses sistemas \u00e0 arquitetura da casa \u00e9 uma forma de produzir energia sustent\u00e1vel sem comprometer a est\u00e9tica.<\/p>\n<h3>4. Janelas Panor\u00e2micas com Tecnologia UV<\/h3>\n<p>As janelas panor\u00e2micas com <b>tecnologia de prote\u00e7\u00e3o UV<\/b> oferecem uma vista incr\u00edvel sem os efeitos nocivos do sol. Elas mant\u00eam a temperatura interna agrad\u00e1vel, mesmo em dias quentes.<\/p>\n<h3>5. Materiais Naturais e Locais<\/h3>\n<p>Utilizar <b>materiais naturais<\/b> e de fontes locais n\u00e3o s\u00f3 apoia a economia regional, mas tamb\u00e9m contribui para um ambiente mais harmonioso e menos invasivo.<\/p>\n<h3>6. Sistemas de Ilumina\u00e7\u00e3o Inteligente<\/h3>\n<p>Os sistemas de <b>ilumina\u00e7\u00e3o inteligente<\/b> ajudam a criar ambientes que se ajustam ao momento e \u00e0 necessidade. Investir em luzes que se adaptam ao ambiente \u00e9 um grande diferencial.<\/p>\n<h3>7. Mobili\u00e1rio Multifuncional e Quebr\u00e1vel<\/h3>\n<p>Por \u00faltimo, o <b>mobili\u00e1rio multifuncional<\/b> \u00e9 essencial. Ele ajuda a otimizar espa\u00e7os reduzidos e pode ser modificado conforme a necessidade, criando um ambiente sempre novo.<\/p>\n<p><div class=\"youtube-embed\" data-video_id=\"dfP7MNVRd9A\"><iframe title=\"CONSTRU\u00cd UMA CASA INVIS\u00cdVEL PARA FUGIR DE MILITARES TREINADOS!\" width=\"696\" height=\"392\" src=\"https:\/\/www.youtube.com\/embed\/dfP7MNVRd9A?feature=oembed&#038;enablejsapi=1\" frameborder=\"0\" allow=\"accelerometer; autoplay; clipboard-write; encrypted-media; gyroscope; picture-in-picture; web-share\" referrerpolicy=\"strict-origin-when-cross-origin\" allowfullscreen><\/iframe><\/div>\n<\/p>\n<table>\n<tr>\n<th>Inova\u00e7\u00e3o<\/th>\n<th>Benef\u00edcios<\/th>\n<\/tr>\n<tr>\n<td>Vidros Espelhados<\/td>\n<td>Privacidade e integra\u00e7\u00e3o com a natureza<\/td>\n<\/tr>\n<tr>\n<td>Telhados Verdes<\/td>\n<td>Isolamento e entrega ambiental<\/td>\n<\/tr>\n<tr>\n<td>Pain\u00e9is Solares Integrados<\/td>\n<td>Produ\u00e7\u00e3o de energia sustent\u00e1vel<\/td>\n<\/tr>\n<tr>\n<td>Janelas Panor\u00e2micas com Tecnologia UV<\/td>\n<td>Conforto t\u00e9rmico<\/td>\n<\/tr>\n<tr>\n<td>Materiais Naturais<\/td>\n<td>Harmonia com ambiente<\/td>\n<\/tr>\n<tr>\n<td>Sistemas de Ilumina\u00e7\u00e3o Inteligente<\/td>\n<td>Ambiente vers\u00e1til<\/td>\n<\/tr>\n<tr>\n<td>Mobili\u00e1rio Multifuncional<\/td>\n<td>Otimiza\u00e7\u00e3o de espa\u00e7os<\/td>\n<\/tr>\n<\/table>\n<p>Transformar sua casa em um espa\u00e7o invis\u00edvel \u00e9 mais que um estilo: \u00e9 um <b>modo de vida sustent\u00e1vel<\/b>. Cada pequeno detalhe faz a diferen\u00e7a na busca por um lar que dialogue com a natureza. Voc\u00ea pode come\u00e7ar aos poucos, incorporando essas inova\u00e7\u00f5es no seu dia a dia.<\/p>\n<p>Gostou das dicas? Comente abaixo qual inova\u00e7\u00e3o voc\u00ea pretende adotar. Vamos juntos explorar mais ideias que podem transformar o seu lar!<\/p>\n","protected":false},"excerpt":{"rendered":"<p>7 Inova\u00e7\u00f5es para Transformar sua Casa em um Espa\u00e7o Invis\u00edvel<\/p>\n","protected":false},"author":102,"featured_media":153759,"comment_status":"open","ping_status":"","sticky":false,"template":"","format":"standard","meta":{"footnotes":""},"categories":[249,1484],"tags":[],"class_list":["post-153766","post","type-post","status-publish","format-standard","has-post-thumbnail","category-engenharia-e-construcao-civil","category-decoracao"],"_wp_attached_file":null,"_wp_attachment_metadata":null,"_wp_attachment_context":null,"_wp_attachment_is_custom_header":null,"geo_longitude":null,"geo_public":null,"geo_latitude":null,"_publicize_done_external":null,"_wpas_done_3897181":null,"publicize_twitter_user":null,"_wpas_done_3897175":null,"_wpas_skip_3897181":null,"_wpas_skip_3897175":null,"_wpas_skip_3924723":null,"_wpas_mess":null,"_wpas_done_3924723":null,"wps_subtitle":"","_links":{"self":[{"href":"https:\/\/www.aarquiteta.com.br\/blog\/wp-json\/wp\/v2\/posts\/153766","targetHints":{"allow":["GET"]}}],"collection":[{"href":"https:\/\/www.aarquiteta.com.br\/blog\/wp-json\/wp\/v2\/posts"}],"about":[{"href":"https:\/\/www.aarquiteta.com.br\/blog\/wp-json\/wp\/v2\/types\/post"}],"author":[{"embeddable":true,"href":"https:\/\/www.aarquiteta.com.br\/blog\/wp-json\/wp\/v2\/users\/102"}],"replies":[{"embeddable":true,"href":"https:\/\/www.aarquiteta.com.br\/blog\/wp-json\/wp\/v2\/comments?post=153766"}],"version-history":[{"count":0,"href":"https:\/\/www.aarquiteta.com.br\/blog\/wp-json\/wp\/v2\/posts\/153766\/revisions"}],"wp:featuredmedia":[{"embeddable":true,"href":"https:\/\/www.aarquiteta.com.br\/blog\/wp-json\/wp\/v2\/media\/153759"}],"wp:attachment":[{"href":"https:\/\/www.aarquiteta.com.br\/blog\/wp-json\/wp\/v2\/media?parent=153766"}],"wp:term":[{"taxonomy":"category","embeddable":true,"href":"https:\/\/www.aarquiteta.com.br\/blog\/wp-json\/wp\/v2\/categories?post=153766"},{"taxonomy":"post_tag","embeddable":true,"href":"https:\/\/www.aarquiteta.com.br\/blog\/wp-json\/wp\/v2\/tags?post=153766"}],"curies":[{"name":"wp","href":"https:\/\/api.w.org\/{rel}","templated":true}]}}