{"id":153764,"date":"2025-08-29T17:38:08","date_gmt":"2025-08-29T20:38:08","guid":{"rendered":"https:\/\/www.aarquiteta.com.br\/blog\/casa-invisivel-2\/"},"modified":"2025-08-29T17:38:08","modified_gmt":"2025-08-29T20:38:08","slug":"casa-invisivel-2","status":"publish","type":"post","link":"https:\/\/www.aarquiteta.com.br\/blog\/casa-invisivel-2\/","title":{"rendered":"7 Inova\u00e7\u00f5es"},"content":{"rendered":"<p>Voc\u00ea j\u00e1 se surpreendeu com inova\u00e7\u00f5es que desafiam a l\u00f3gica? Hoje, vou te contar sobre 7 inova\u00e7\u00f5es que mudaram o modo como vivemos, interagimos e percebemos o mundo!<\/p>\n<figure style=\"width: 1024px\" class=\"wp-caption aligncenter\"><img decoding=\"async\" src=\"https:\/\/www.aarquiteta.com.br\/blog\/wp-content\/uploads\/2025\/08\/casa-invisivel01.jpg\" alt=\"https:\/\/www.tuacasa.com.br\/casa-invisivel\/\" width=\"1024\" height=\"1024\" title=\"\"><figcaption class=\"wp-caption-text\">https:\/\/www.tuacasa.com.br\/casa-invisivel\/<\/figcaption><\/figure>\n<h3>1. Casa Invis\u00edvel: Design que Se Camufla<\/h3>\n<p>A <b>casa invis\u00edvel<\/b> no deserto da Calif\u00f3rnia \u00e9 um verdadeiro exemplo de inova\u00e7\u00e3o. Com sua estrutura espelhada, ela reflete a paisagem ao redor, tornando-se quase invis\u00edvel. Projetada pelo arquiteto Tomas Osinski, essa constru\u00e7\u00e3o de 2019 \u00e9 inspirada no cl\u00e1ssico &#8220;2001: Uma Odisseia no Espa\u00e7o&#8221;.<\/p>\n<figure style=\"width: 1024px\" class=\"wp-caption aligncenter\"><img decoding=\"async\" src=\"https:\/\/www.aarquiteta.com.br\/blog\/wp-content\/uploads\/2025\/08\/casa-invisivel02.jpg\" alt=\"https:\/\/www.tuacasa.com.br\/casa-invisivel\/\" width=\"1024\" height=\"1024\" title=\"\"><figcaption class=\"wp-caption-text\">https:\/\/www.tuacasa.com.br\/casa-invisivel\/<\/figcaption><\/figure>\n<h3>2. Impress\u00e3o 3D na Constru\u00e7\u00e3o Civil<\/h3>\n<p>Voc\u00ea sabia que a <b>impress\u00e3o 3D<\/b> j\u00e1 \u00e9 uma realidade na constru\u00e7\u00e3o? Esse m\u00e9todo permite criar casas de forma r\u00e1pida e econ\u00f4mica, utilizando materiais sustent\u00e1veis. \u00c9 um passo rumo a um futuro mais acess\u00edvel e sustent\u00e1vel para a habita\u00e7\u00e3o.<\/p>\n<figure style=\"width: 1024px\" class=\"wp-caption aligncenter\"><img decoding=\"async\" src=\"https:\/\/www.aarquiteta.com.br\/blog\/wp-content\/uploads\/2025\/08\/casa-invisivel03.jpg\" alt=\"https:\/\/www.tuacasa.com.br\/casa-invisivel\/\" width=\"1024\" height=\"1024\" title=\"\"><figcaption class=\"wp-caption-text\">https:\/\/www.tuacasa.com.br\/casa-invisivel\/<\/figcaption><\/figure>\n<h3>3. Energia Solar: Futuro Sustent\u00e1vel<\/h3>\n<p>O uso da <b>energia solar<\/b> tem crescido. Essa tecnologia permite que resid\u00eancias e empresas usem energia renov\u00e1vel, ajudando a reduzir a conta de luz e os danos ao meio ambiente. As placas solares est\u00e3o se tornando essenciais.<\/p>\n<h3>4. Automa\u00e7\u00e3o Residencial<\/h3>\n<p>A <b>automa\u00e7\u00e3o residencial<\/b> transformou o jeito como interagimos com nossas casas. Com um simples toque no celular, \u00e9 poss\u00edvel controlar luzes, temperatura e seguran\u00e7a, aumentando nossa comodidade e efici\u00eancia no dia a dia.<\/p>\n<h3>5. Realidade Aumentada e Virtual<\/h3>\n<p>A <b>realidade aumentada<\/b> (RA) e a <b>realidade virtual<\/b> (RV) est\u00e3o ganhando espa\u00e7o em diversas \u00e1reas, desde entretenimento at\u00e9 educa\u00e7\u00e3o. Essas tecnologias permitem experi\u00eancias imersivas que transformam a forma como aprendemos e nos divertimos.<\/p>\n<h3>6. Mobilidade El\u00e9trica<\/h3>\n<p>Os ve\u00edculos <b>el\u00e9tricos<\/b> est\u00e3o revolucionando o transporte. Eles oferecem uma alternativa sustent\u00e1vel aos carros tradicionais, e cada vez mais pessoas est\u00e3o adotando essa tecnologia como uma forma de reduzir emiss\u00f5es e usar energia limpa.<\/p>\n<h3>7. Agricultura Vertical<\/h3>\n<p>A <b>agricultura vertical<\/b> surge como uma solu\u00e7\u00e3o para a seguran\u00e7a alimentar. Nesse modelo, plantas s\u00e3o cultivadas em camadas empilhadas, otimiza\u00e7\u00e3o do espa\u00e7o e reduzindo a necessidade de pesticidas, tornando a produ\u00e7\u00e3o de alimentos mais sustent\u00e1vel.<\/p>\n<p><div class=\"youtube-embed\" data-video_id=\"dfP7MNVRd9A\"><iframe title=\"CONSTRU\u00cd UMA CASA INVIS\u00cdVEL PARA FUGIR DE MILITARES TREINADOS!\" width=\"696\" height=\"392\" src=\"https:\/\/www.youtube.com\/embed\/dfP7MNVRd9A?feature=oembed&#038;enablejsapi=1\" frameborder=\"0\" allow=\"accelerometer; autoplay; clipboard-write; encrypted-media; gyroscope; picture-in-picture; web-share\" referrerpolicy=\"strict-origin-when-cross-origin\" allowfullscreen><\/iframe><\/div>\n<\/p>\n<table>\n<tr>\n<th>Inova\u00e7\u00e3o<\/th>\n<th>Impacto<\/th>\n<\/tr>\n<tr>\n<td>Casa Invis\u00edvel<\/td>\n<td>Camuflagem na natureza e design futurista.<\/td>\n<\/tr>\n<tr>\n<td>Impress\u00e3o 3D<\/td>\n<td>Constru\u00e7\u00e3o r\u00e1pida e sustent\u00e1vel.<\/td>\n<\/tr>\n<tr>\n<td>Energia Solar<\/td>\n<td>Redu\u00e7\u00e3o de custos e  impacto ambiental.<\/td>\n<\/tr>\n<tr>\n<td>Automa\u00e7\u00e3o Residencial<\/td>\n<td>Conforto e efici\u00eancia no cotidiano.<\/td>\n<\/tr>\n<tr>\n<td>RA e RV<\/td>\n<td>Experi\u00eancias imersivas e educativas.<\/td>\n<\/tr>\n<tr>\n<td>Mobilidade El\u00e9trica<\/td>\n<td>Transporte sustent\u00e1vel e ecol\u00f3gico.<\/td>\n<\/tr>\n<tr>\n<td> Agricultura Vertical<\/td>\n<td>Solu\u00e7\u00e3o para a seguran\u00e7a alimentar.<\/td>\n<\/tr>\n<\/table>\n<p>Essas <b>inova\u00e7\u00f5es<\/b> n\u00e3o apenas desafiam nossa l\u00f3gica, mas tamb\u00e9m nos transportam para um futuro mais sustent\u00e1vel e pr\u00e1tico. Que tal explorar mais sobre cada uma delas? Deixe seu coment\u00e1rio e compartilhe sua opini\u00e3o, ou navegue por nossos conte\u00fados relacionados para descobrir mais inova\u00e7\u00e3o!<\/p>\n","protected":false},"excerpt":{"rendered":"<p>7 Inova\u00e7\u00f5es<\/p>\n","protected":false},"author":102,"featured_media":153758,"comment_status":"open","ping_status":"","sticky":false,"template":"","format":"standard","meta":{"footnotes":""},"categories":[249,1484],"tags":[],"class_list":["post-153764","post","type-post","status-publish","format-standard","has-post-thumbnail","category-engenharia-e-construcao-civil","category-decoracao"],"_wp_attached_file":null,"_wp_attachment_metadata":null,"_wp_attachment_context":null,"_wp_attachment_is_custom_header":null,"geo_longitude":null,"geo_public":null,"geo_latitude":null,"_publicize_done_external":null,"_wpas_done_3897181":null,"publicize_twitter_user":null,"_wpas_done_3897175":null,"_wpas_skip_3897181":null,"_wpas_skip_3897175":null,"_wpas_skip_3924723":null,"_wpas_mess":null,"_wpas_done_3924723":null,"wps_subtitle":"","_links":{"self":[{"href":"https:\/\/www.aarquiteta.com.br\/blog\/wp-json\/wp\/v2\/posts\/153764","targetHints":{"allow":["GET"]}}],"collection":[{"href":"https:\/\/www.aarquiteta.com.br\/blog\/wp-json\/wp\/v2\/posts"}],"about":[{"href":"https:\/\/www.aarquiteta.com.br\/blog\/wp-json\/wp\/v2\/types\/post"}],"author":[{"embeddable":true,"href":"https:\/\/www.aarquiteta.com.br\/blog\/wp-json\/wp\/v2\/users\/102"}],"replies":[{"embeddable":true,"href":"https:\/\/www.aarquiteta.com.br\/blog\/wp-json\/wp\/v2\/comments?post=153764"}],"version-history":[{"count":0,"href":"https:\/\/www.aarquiteta.com.br\/blog\/wp-json\/wp\/v2\/posts\/153764\/revisions"}],"wp:featuredmedia":[{"embeddable":true,"href":"https:\/\/www.aarquiteta.com.br\/blog\/wp-json\/wp\/v2\/media\/153758"}],"wp:attachment":[{"href":"https:\/\/www.aarquiteta.com.br\/blog\/wp-json\/wp\/v2\/media?parent=153764"}],"wp:term":[{"taxonomy":"category","embeddable":true,"href":"https:\/\/www.aarquiteta.com.br\/blog\/wp-json\/wp\/v2\/categories?post=153764"},{"taxonomy":"post_tag","embeddable":true,"href":"https:\/\/www.aarquiteta.com.br\/blog\/wp-json\/wp\/v2\/tags?post=153764"}],"curies":[{"name":"wp","href":"https:\/\/api.w.org\/{rel}","templated":true}]}}