{"id":153741,"date":"2025-08-28T17:31:33","date_gmt":"2025-08-28T20:31:33","guid":{"rendered":"https:\/\/www.aarquiteta.com.br\/blog\/como-calcular-metro-quadrado-2\/"},"modified":"2025-08-28T17:31:33","modified_gmt":"2025-08-28T20:31:33","slug":"como-calcular-metro-quadrado-2","status":"publish","type":"post","link":"https:\/\/www.aarquiteta.com.br\/blog\/como-calcular-metro-quadrado-2\/","title":{"rendered":"As 5 Melhores Dicas para Calcular Metro Quadrado"},"content":{"rendered":"<p>Calcular o metro quadrado pode parecer complicado, mas com as dicas certas, fica f\u00e1cil!<\/p>\n<figure style=\"width: 1024px\" class=\"wp-caption aligncenter\"><img decoding=\"async\" src=\"https:\/\/www.aarquiteta.com.br\/blog\/wp-content\/uploads\/2025\/08\/como-calcular-metro-quadrado01.jpg\" alt=\"https:\/\/www.tuacasa.com.br\/como-calcular-metro-quadrado\/\" width=\"1024\" height=\"1024\" title=\"\"><figcaption class=\"wp-caption-text\">https:\/\/www.tuacasa.com.br\/como-calcular-metro-quadrado\/<\/figcaption><\/figure>\n<h3>As 5 Melhores Dicas para Calcular Metro Quadrado<\/h3>\n<p>Voc\u00ea sabia que saber calcular o <b>metro quadrado<\/b> \u00e9 essencial para reformar, decorar ou at\u00e9 comprar um im\u00f3vel? Esta medida \u00e9 fundamental para entender as dimens\u00f5es de ambientes. Vamos simplificar esse processo com cinco dicas que v\u00e3o te ajudar na pr\u00e1tica!<\/p>\n<figure style=\"width: 1024px\" class=\"wp-caption aligncenter\"><img decoding=\"async\" src=\"https:\/\/www.aarquiteta.com.br\/blog\/wp-content\/uploads\/2025\/08\/como-calcular-metro-quadrado02.jpg\" alt=\"https:\/\/www.tuacasa.com.br\/como-calcular-metro-quadrado\/\" width=\"1024\" height=\"1024\" title=\"\"><figcaption class=\"wp-caption-text\">https:\/\/www.tuacasa.com.br\/como-calcular-metro-quadrado\/<\/figcaption><\/figure>\n<h3>Dica 1: Conhe\u00e7a a F\u00f3rmula B\u00e1sica<\/h3>\n<p>A <b>f\u00f3rmula<\/b> para calcular a \u00e1rea de um espa\u00e7o retangular \u00e9 simples: basta multiplicar a largura (L) pelo comprimento (C). Assim, A = L x C. \u00c9 importante que ambas as medidas estejam em metros!<\/p>\n<figure style=\"width: 1024px\" class=\"wp-caption aligncenter\"><img decoding=\"async\" src=\"https:\/\/www.aarquiteta.com.br\/blog\/wp-content\/uploads\/2025\/08\/como-calcular-metro-quadrado03.jpg\" alt=\"https:\/\/www.tuacasa.com.br\/como-calcular-metro-quadrado\/\" width=\"1024\" height=\"1024\" title=\"\"><figcaption class=\"wp-caption-text\">https:\/\/www.tuacasa.com.br\/como-calcular-metro-quadrado\/<\/figcaption><\/figure>\n<h3>Dica 2: Calcule o Piso do Ambiente<\/h3>\n<p>Para calcular a quantidade de piso necess\u00e1ria, \u00e9 preciso saber a \u00e1rea do ambiente. <b>Divida<\/b> a \u00e1rea do ch\u00e3o pelo tamanho da pe\u00e7a de piso. Ah, e lembre-se de comprar uma porcentagem a mais para eventuais quebras!<\/p>\n<h3>Dica 3: Materiais Irregulares<\/h3>\n<table>\n<tr>\n<th>Forma<\/th>\n<th>C\u00e1lculo<\/th>\n<\/tr>\n<tr>\n<td>Retangular<\/td>\n<td>A = L x C<\/td>\n<\/tr>\n<tr>\n<td>Trap\u00e9zio<\/td>\n<td>A = [(B + b) x h] \/ 2<\/td>\n<\/tr>\n<\/table>\n<h3>Dica 4: Calcule a Parede<\/h3>\n<p>Para <b>calcular<\/b> a \u00e1rea de uma parede, me\u00e7a a altura e o comprimento. Multiplique para obter a \u00e1rea total. Se houver janelas ou portas, subtraia essas \u00e1reas para obter o resultado correto.<\/p>\n<h3>Dica 5: Utilize Ferramentas Online<\/h3>\n<p>Se voc\u00ea ainda se sentir perdido, use calculadoras online para <b>facilitar<\/b> o c\u00e1lculo. Essas ferramentas s\u00e3o r\u00e1pidas e eficientes para saber o metro quadrado de diferentes superf\u00edcies!<\/p>\n<p>Calcular o metro quadrado \u00e9 uma habilidade importante que facilita a compreens\u00e3o dos espa\u00e7os que temos em casa.<\/p>\n<p>Pronto para colocar essas dicas em pr\u00e1tica? Que tal come\u00e7ar a medir os ambientes da sua casa hoje mesmo? Comente suas experi\u00eancias e compartilhe esse conte\u00fado com quem tamb\u00e9m precisa dessas dicas!<\/p>\n<p><div class=\"youtube-embed\" data-video_id=\"HQ6TW7321qg\"><iframe title=\"\u00c9 muito SIMPLES calcular o Metro Quadrado e LINEAR de um c\u00f4modo! | DryWall Passo a Passo\" width=\"696\" height=\"392\" src=\"https:\/\/www.youtube.com\/embed\/HQ6TW7321qg?feature=oembed&#038;enablejsapi=1\" frameborder=\"0\" allow=\"accelerometer; autoplay; clipboard-write; encrypted-media; gyroscope; picture-in-picture; web-share\" referrerpolicy=\"strict-origin-when-cross-origin\" allowfullscreen><\/iframe><\/div>\n<\/p>\n<p>Se voc\u00ea gostou deste artigo, pode se interessar por outros conte\u00fados, como dicas de decora\u00e7\u00e3o, reformas e muito mais. Assim voc\u00ea vai deixar seu espa\u00e7o ainda mais incr\u00edvel!<\/p>\n","protected":false},"excerpt":{"rendered":"<p>As 5 Melhores Dicas para Calcular Metro Quadrado<\/p>\n","protected":false},"author":102,"featured_media":153738,"comment_status":"open","ping_status":"","sticky":false,"template":"","format":"standard","meta":{"footnotes":""},"categories":[249,1484],"tags":[],"class_list":["post-153741","post","type-post","status-publish","format-standard","has-post-thumbnail","category-engenharia-e-construcao-civil","category-decoracao"],"_wp_attached_file":null,"_wp_attachment_metadata":null,"_wp_attachment_context":null,"_wp_attachment_is_custom_header":null,"geo_longitude":null,"geo_public":null,"geo_latitude":null,"_publicize_done_external":null,"_wpas_done_3897181":null,"publicize_twitter_user":null,"_wpas_done_3897175":null,"_wpas_skip_3897181":null,"_wpas_skip_3897175":null,"_wpas_skip_3924723":null,"_wpas_mess":null,"_wpas_done_3924723":null,"wps_subtitle":"","_links":{"self":[{"href":"https:\/\/www.aarquiteta.com.br\/blog\/wp-json\/wp\/v2\/posts\/153741","targetHints":{"allow":["GET"]}}],"collection":[{"href":"https:\/\/www.aarquiteta.com.br\/blog\/wp-json\/wp\/v2\/posts"}],"about":[{"href":"https:\/\/www.aarquiteta.com.br\/blog\/wp-json\/wp\/v2\/types\/post"}],"author":[{"embeddable":true,"href":"https:\/\/www.aarquiteta.com.br\/blog\/wp-json\/wp\/v2\/users\/102"}],"replies":[{"embeddable":true,"href":"https:\/\/www.aarquiteta.com.br\/blog\/wp-json\/wp\/v2\/comments?post=153741"}],"version-history":[{"count":0,"href":"https:\/\/www.aarquiteta.com.br\/blog\/wp-json\/wp\/v2\/posts\/153741\/revisions"}],"wp:featuredmedia":[{"embeddable":true,"href":"https:\/\/www.aarquiteta.com.br\/blog\/wp-json\/wp\/v2\/media\/153738"}],"wp:attachment":[{"href":"https:\/\/www.aarquiteta.com.br\/blog\/wp-json\/wp\/v2\/media?parent=153741"}],"wp:term":[{"taxonomy":"category","embeddable":true,"href":"https:\/\/www.aarquiteta.com.br\/blog\/wp-json\/wp\/v2\/categories?post=153741"},{"taxonomy":"post_tag","embeddable":true,"href":"https:\/\/www.aarquiteta.com.br\/blog\/wp-json\/wp\/v2\/tags?post=153741"}],"curies":[{"name":"wp","href":"https:\/\/api.w.org\/{rel}","templated":true}]}}