{"id":153697,"date":"2025-08-26T17:32:09","date_gmt":"2025-08-26T20:32:09","guid":{"rendered":"https:\/\/www.aarquiteta.com.br\/blog\/cimento-queimado-3\/"},"modified":"2025-08-26T17:32:09","modified_gmt":"2025-08-26T20:32:09","slug":"cimento-queimado-3","status":"publish","type":"post","link":"https:\/\/www.aarquiteta.com.br\/blog\/cimento-queimado-3\/","title":{"rendered":"As 10 Melhores Inspira\u00e7\u00f5es em Cimento Queimado para Seu Espa\u00e7o"},"content":{"rendered":"<p>Voc\u00ea sabia que o <b>cimento queimado<\/b> pode ser a solu\u00e7\u00e3o perfeita para transformar seu espa\u00e7o com estilo? Essa t\u00e9cnica charmosa e vers\u00e1til traz beleza e modernidade a qualquer ambiente! Vamos explorar algumas inspira\u00e7\u00f5es incr\u00edveis que com certeza v\u00e3o conquistar voc\u00ea.<\/p>\n<figure style=\"width: 1024px\" class=\"wp-caption aligncenter\"><img decoding=\"async\" src=\"https:\/\/www.aarquiteta.com.br\/blog\/wp-content\/uploads\/2025\/08\/cimento-queimado01.jpg\" alt=\"https:\/\/www.tuacasa.com.br\/cimento-queimado\/\" width=\"1024\" height=\"1024\" title=\"\"><figcaption class=\"wp-caption-text\">https:\/\/www.tuacasa.com.br\/cimento-queimado\/<\/figcaption><\/figure>\n<h3>1. Piso de Cimento Queimado: O Cl\u00e1ssico Atemporal<\/h3>\n<p>O <b>piso de cimento queimado<\/b> \u00e9 um dos mais utilizados. Ele oferece um visual sofisticado e combina com diversas decora\u00e7\u00f5es, do r\u00fastico ao moderno.<\/p>\n<figure style=\"width: 1024px\" class=\"wp-caption aligncenter\"><img decoding=\"async\" src=\"https:\/\/www.aarquiteta.com.br\/blog\/wp-content\/uploads\/2025\/08\/cimento-queimado02.jpg\" alt=\"https:\/\/www.tuacasa.com.br\/cimento-queimado\/\" width=\"1024\" height=\"1024\" title=\"\"><figcaption class=\"wp-caption-text\">https:\/\/www.tuacasa.com.br\/cimento-queimado\/<\/figcaption><\/figure>\n<h3>2. Cozinhas Minimalistas<\/h3>\n<p>Uma <b>cozinha minimalista<\/b> com piso ou parede de cimento queimado \u00e9 simplesmente espetacular. O acabamento proporciona um ar clean e elegante.<\/p>\n<figure style=\"width: 1024px\" class=\"wp-caption aligncenter\"><img decoding=\"async\" src=\"https:\/\/www.aarquiteta.com.br\/blog\/wp-content\/uploads\/2025\/08\/cimento-queimado03.jpg\" alt=\"https:\/\/www.tuacasa.com.br\/cimento-queimado\/\" width=\"1024\" height=\"1024\" title=\"\"><figcaption class=\"wp-caption-text\">https:\/\/www.tuacasa.com.br\/cimento-queimado\/<\/figcaption><\/figure>\n<h3>3. Sala de Estar Moderna<\/h3>\n<p>Imagine uma <b>sala de estar<\/b> com paredes de cimento queimado. Essa combina\u00e7\u00e3o traz um toque industrial e moderno ao espa\u00e7o, ideal para quem busca personalidade.<\/p>\n<h3>4. Ambientes R\u00fasticos<\/h3>\n<p>Em uma decora\u00e7\u00e3o <b>r\u00fastica<\/b>, o cimento queimado se destaca. Ele complementa outros materiais naturais, como madeira e pedra, proporcionando harmonia.<\/p>\n<h3>5. Escrit\u00f3rio Criativo<\/h3>\n<p>Aposte no cimento queimado at\u00e9 no <b>home office<\/b>. Essa escolha n\u00e3o s\u00f3 esteticamente agrad\u00e1vel, mas tamb\u00e9m promove um ambiente inspirador.<\/p>\n<h3>6. Banheiros com Estilo<\/h3>\n<p>Um <b>banheiro<\/b> revestido com cimento queimado transmite um ar de sofistica\u00e7\u00e3o. Al\u00e9m disso, a resist\u00eancia do material e a facilidade de limpeza s\u00e3o incr\u00edveis!<\/p>\n<h3>7. Espa\u00e7o Gourmet Aconchegante<\/h3>\n<p>Um <b>espa\u00e7o gourmet<\/b> com detalhes em cimento queimado se torna acolhedor e convidativo. \u00c9 perfeito para receber os amigos!<\/p>\n<p><div class=\"youtube-embed\" data-video_id=\"9rSi6Gl0E0A\"><iframe title=\"Como fazer cimento queimado com massa corrida ? #constru\u00e7\u00e3ocivil #construction #parede\" width=\"696\" height=\"392\" src=\"https:\/\/www.youtube.com\/embed\/9rSi6Gl0E0A?feature=oembed&#038;enablejsapi=1\" frameborder=\"0\" allow=\"accelerometer; autoplay; clipboard-write; encrypted-media; gyroscope; picture-in-picture; web-share\" referrerpolicy=\"strict-origin-when-cross-origin\" allowfullscreen><\/iframe><\/div>\n<\/p>\n<h3>8. Utiliza\u00e7\u00e3o de Cores<\/h3>\n<p>O cimento queimado n\u00e3o precisa ser sempre cinza. Com um toque de cor, voc\u00ea pode trazer uma nova vida ao ambiente. O importante \u00e9 saber combinar com outros elementos.<\/p>\n<h3>9. Teto com Cimento Queimado<\/h3>\n<p>Sim, at\u00e9 o <b>teto<\/b> pode receber cimento queimado! Essa ideia ousada promete dar um toque surpreendente ao ambiente.<\/p>\n<h3>10. Versatilidade em \u00c1reas Externas<\/h3>\n<p>N\u00e3o se esque\u00e7a das \u00e1reas externas! O cimento queimado \u00e9 ideal para <b>varandas<\/b> e outras \u00e1reas abertas. Sua durabilidade faz toda a diferen\u00e7a.<\/p>\n<table>\n<thead>\n<tr>\n<th>Inspira\u00e7\u00e3o<\/th>\n<th>Caracter\u00edsticas<\/th>\n<th>Benef\u00edcios<\/th>\n<\/tr>\n<\/thead>\n<tbody>\n<tr>\n<td>Piso<\/td>\n<td>Elegante e sustent\u00e1vel<\/td>\n<td>Durabilidade<\/td>\n<\/tr>\n<tr>\n<td>Cozinha Minimalista<\/td>\n<td>Limpeza f\u00e1cil<\/td>\n<td>Ar sofisticado<\/td>\n<\/tr>\n<tr>\n<td>Banheiro<\/td>\n<td>Resist\u00eancia e charme<\/td>\n<td>Facilidade de limpeza<\/td>\n<\/tr>\n<tr>\n<td>Home Office<\/td>\n<td>Inspira\u00e7\u00e3o criativa<\/td>\n<td>Estilo moderno<\/td>\n<\/tr>\n<\/tbody>\n<\/table>\n<p>Agora que voc\u00ea conhece essas <b>incr\u00edveis inspira\u00e7\u00f5es em cimento queimado<\/b>, que tal come\u00e7ar a transformar seu espa\u00e7o? Explore a versatilidade desse material e compartilhe suas ideias! N\u00e3o esque\u00e7a de deixar um coment\u00e1rio sobre o que achou. Vamos juntos nessa jornada de decora\u00e7\u00e3o!<\/p>\n","protected":false},"excerpt":{"rendered":"<p>As 10 Melhores Inspira\u00e7\u00f5es em Cimento Queimado para Seu Espa\u00e7o<\/p>\n","protected":false},"author":102,"featured_media":153694,"comment_status":"open","ping_status":"","sticky":false,"template":"","format":"standard","meta":{"footnotes":""},"categories":[249,1484],"tags":[],"class_list":["post-153697","post","type-post","status-publish","format-standard","has-post-thumbnail","category-engenharia-e-construcao-civil","category-decoracao"],"_wp_attached_file":null,"_wp_attachment_metadata":null,"_wp_attachment_context":null,"_wp_attachment_is_custom_header":null,"geo_longitude":null,"geo_public":null,"geo_latitude":null,"_publicize_done_external":null,"_wpas_done_3897181":null,"publicize_twitter_user":null,"_wpas_done_3897175":null,"_wpas_skip_3897181":null,"_wpas_skip_3897175":null,"_wpas_skip_3924723":null,"_wpas_mess":null,"_wpas_done_3924723":null,"wps_subtitle":"","_links":{"self":[{"href":"https:\/\/www.aarquiteta.com.br\/blog\/wp-json\/wp\/v2\/posts\/153697","targetHints":{"allow":["GET"]}}],"collection":[{"href":"https:\/\/www.aarquiteta.com.br\/blog\/wp-json\/wp\/v2\/posts"}],"about":[{"href":"https:\/\/www.aarquiteta.com.br\/blog\/wp-json\/wp\/v2\/types\/post"}],"author":[{"embeddable":true,"href":"https:\/\/www.aarquiteta.com.br\/blog\/wp-json\/wp\/v2\/users\/102"}],"replies":[{"embeddable":true,"href":"https:\/\/www.aarquiteta.com.br\/blog\/wp-json\/wp\/v2\/comments?post=153697"}],"version-history":[{"count":0,"href":"https:\/\/www.aarquiteta.com.br\/blog\/wp-json\/wp\/v2\/posts\/153697\/revisions"}],"wp:featuredmedia":[{"embeddable":true,"href":"https:\/\/www.aarquiteta.com.br\/blog\/wp-json\/wp\/v2\/media\/153694"}],"wp:attachment":[{"href":"https:\/\/www.aarquiteta.com.br\/blog\/wp-json\/wp\/v2\/media?parent=153697"}],"wp:term":[{"taxonomy":"category","embeddable":true,"href":"https:\/\/www.aarquiteta.com.br\/blog\/wp-json\/wp\/v2\/categories?post=153697"},{"taxonomy":"post_tag","embeddable":true,"href":"https:\/\/www.aarquiteta.com.br\/blog\/wp-json\/wp\/v2\/tags?post=153697"}],"curies":[{"name":"wp","href":"https:\/\/api.w.org\/{rel}","templated":true}]}}