{"id":153692,"date":"2025-08-26T12:02:18","date_gmt":"2025-08-26T15:02:18","guid":{"rendered":"https:\/\/www.aarquiteta.com.br\/blog\/poncho-croche-queridinho\/"},"modified":"2025-08-26T12:02:18","modified_gmt":"2025-08-26T15:02:18","slug":"poncho-croche-queridinho","status":"publish","type":"post","link":"https:\/\/www.aarquiteta.com.br\/blog\/poncho-croche-queridinho\/","title":{"rendered":"5 Tend\u00eancias que Tornam o Poncho de Croch\u00ea o Seu Novo Preferido"},"content":{"rendered":"<p>O poncho de croch\u00ea est\u00e1 de volta com tudo! <b>Vers\u00e1til e estiloso<\/b>, ele \u00e9 a pe\u00e7a que pode dar um up no seu guarda-roupa, independente da esta\u00e7\u00e3o.<\/p>\n<figure style=\"width: 1024px\" class=\"wp-caption aligncenter\"><img decoding=\"async\" src=\"https:\/\/www.aarquiteta.com.br\/blog\/wp-content\/uploads\/2025\/08\/poncho-croche-queridinho01.jpg\" alt=\"https:\/\/crocheonline.com.br\/2025\/08\/20\/este-poncho-de-croche-feito-em-casa-pode-virar-seu-queridinho-no-guarda-roupa\/\" width=\"1024\" height=\"1024\" title=\"\"><figcaption class=\"wp-caption-text\">https:\/\/crocheonline.com.br\/2025\/08\/20\/este-poncho-de-croche-feito-em-casa-pode-virar-seu-queridinho-no-guarda-roupa\/<\/figcaption><\/figure>\n<p>Neste artigo, voc\u00ea vai descobrir as <b>cinco tend\u00eancias<\/b> que tornam o poncho de croch\u00ea o seu novo preferido. Desde a sua versatilidade at\u00e9 op\u00e7\u00f5es de personaliza\u00e7\u00e3o, h\u00e1 algo maravilhoso aqui para todos.<\/p>\n<figure style=\"width: 1024px\" class=\"wp-caption aligncenter\"><img decoding=\"async\" src=\"https:\/\/www.aarquiteta.com.br\/blog\/wp-content\/uploads\/2025\/08\/poncho-croche-queridinho02.jpg\" alt=\"https:\/\/crocheonline.com.br\/2025\/08\/20\/este-poncho-de-croche-feito-em-casa-pode-virar-seu-queridinho-no-guarda-roupa\/\" width=\"1024\" height=\"1024\" title=\"\"><figcaption class=\"wp-caption-text\">https:\/\/crocheonline.com.br\/2025\/08\/20\/este-poncho-de-croche-feito-em-casa-pode-virar-seu-queridinho-no-guarda-roupa\/<\/figcaption><\/figure>\n<p>Seja para arrasar em um passeio ou para se aquecer em dias frios, essa pe\u00e7a vai te acompanhar com muito charme. Vamos l\u00e1?<\/p>\n<figure style=\"width: 1024px\" class=\"wp-caption aligncenter\"><img decoding=\"async\" src=\"https:\/\/www.aarquiteta.com.br\/blog\/wp-content\/uploads\/2025\/08\/poncho-croche-queridinho03.jpg\" alt=\"https:\/\/crocheonline.com.br\/2025\/08\/20\/este-poncho-de-croche-feito-em-casa-pode-virar-seu-queridinho-no-guarda-roupa\/\" width=\"1024\" height=\"1024\" title=\"\"><figcaption class=\"wp-caption-text\">https:\/\/crocheonline.com.br\/2025\/08\/20\/este-poncho-de-croche-feito-em-casa-pode-virar-seu-queridinho-no-guarda-roupa\/<\/figcaption><\/figure>\n<h3>1. Estilo Boho-Chic<\/h3>\n<p>O poncho combina perfeitamente com o estilo boho. As franjas trazem um toque <b>despojado e divertido<\/b>, perfeito para qualquer ocasi\u00e3o.<\/p>\n<h3>2. Personaliza\u00e7\u00e3o Total<\/h3>\n<p>Voc\u00ea pode escolher <b>cores e pontos \u00fanicos<\/b>, tornando a pe\u00e7a realmente sua. Basta soltar a criatividade e usar os fios que mais ama.<\/p>\n<h3>3. Conforto Inigual\u00e1vel<\/h3>\n<p>A suavidade dos fios de croch\u00ea proporciona um <b>conforto superior<\/b>, ideal para usar o dia todo sem perder o estilo. \u00c9 como um abra\u00e7o quentinho!<\/p>\n<h3>4. Pe\u00e7a Coringa do Guarda-Roupa<\/h3>\n<p>O poncho \u00e9 uma <b>verdadeira curinga<\/b>. Combine com jeans, saias ou vestidos. Ele \u00e9 t\u00e3o vers\u00e1til que se adapta a qualquer look.<\/p>\n<h3>5. Sustentabilidade e Criatividade<\/h3>\n<p>A fabrica\u00e7\u00e3o artesanal do poncho contribui para o <b>consumo consciente<\/b>. Ao optar por produtos feitos \u00e0 m\u00e3o, voc\u00ea apoia o artesanato local.<\/p>\n<p><div class=\"youtube-embed\" data-video_id=\"Xdm0RW6kiuA\"><iframe title=\"MORE PONCHOS\ud83d\ude0d\ud83e\udef6\ud83c\udffc these will be available 8\/29!!! #crochetponcho #poncho #crochet\" width=\"696\" height=\"392\" src=\"https:\/\/www.youtube.com\/embed\/Xdm0RW6kiuA?feature=oembed&#038;enablejsapi=1\" frameborder=\"0\" allow=\"accelerometer; autoplay; clipboard-write; encrypted-media; gyroscope; picture-in-picture; web-share\" referrerpolicy=\"strict-origin-when-cross-origin\" allowfullscreen><\/iframe><\/div>\n<\/p>\n<table>\n<tr>\n<th>Tend\u00eancia<\/th>\n<th>Descri\u00e7\u00e3o<\/th>\n<\/tr>\n<tr>\n<td>Estilo Boho-Chic<\/td>\n<td>Franjas que trazem um toque despojado<\/td>\n<\/tr>\n<tr>\n<td>Personaliza\u00e7\u00e3o Total<\/td>\n<td>Cores e pontos \u00fanicos que refletem seu estilo<\/td>\n<\/tr>\n<tr>\n<td>Conforto Inigual\u00e1vel<\/td>\n<td>Suavidade e acolhimento para o dia todo<\/td>\n<\/tr>\n<tr>\n<td>Pe\u00e7a Coringa<\/td>\n<td>Combina com diferentes pe\u00e7as e estilos<\/td>\n<\/tr>\n<tr>\n<td>Sustentabilidade<\/td>\n<td>Apoio ao artesanato local e consumo consciente<\/td>\n<\/tr>\n<\/table>\n<p>Para finalizar, o poncho de croch\u00ea \u00e9 mais do que uma pe\u00e7a de roupa; \u00e9 uma <b>experi\u00eancia de estilo<\/b>. Voc\u00ea vai se apaixonar por suas possibilidades e a facilidade de uso.<\/p>\n<p>Ent\u00e3o, que tal escolher seu fio favorito e come\u00e7ar a criar seu pr\u00f3prio poncho? <b>Compartilhe suas experi\u00eancias e nos conte o que achou!<\/b><\/p>\n","protected":false},"excerpt":{"rendered":"<p>5 Tend\u00eancias que Tornam o Poncho de Croch\u00ea o Seu Novo Preferido<\/p>\n","protected":false},"author":102,"featured_media":153689,"comment_status":"open","ping_status":"","sticky":false,"template":"","format":"standard","meta":{"footnotes":""},"categories":[10005,1484],"tags":[],"class_list":["post-153692","post","type-post","status-publish","format-standard","has-post-thumbnail","category-casa-e-jardim","category-decoracao"],"_wp_attached_file":null,"_wp_attachment_metadata":null,"_wp_attachment_context":null,"_wp_attachment_is_custom_header":null,"geo_longitude":null,"geo_public":null,"geo_latitude":null,"_publicize_done_external":null,"_wpas_done_3897181":null,"publicize_twitter_user":null,"_wpas_done_3897175":null,"_wpas_skip_3897181":null,"_wpas_skip_3897175":null,"_wpas_skip_3924723":null,"_wpas_mess":null,"_wpas_done_3924723":null,"wps_subtitle":"","_links":{"self":[{"href":"https:\/\/www.aarquiteta.com.br\/blog\/wp-json\/wp\/v2\/posts\/153692","targetHints":{"allow":["GET"]}}],"collection":[{"href":"https:\/\/www.aarquiteta.com.br\/blog\/wp-json\/wp\/v2\/posts"}],"about":[{"href":"https:\/\/www.aarquiteta.com.br\/blog\/wp-json\/wp\/v2\/types\/post"}],"author":[{"embeddable":true,"href":"https:\/\/www.aarquiteta.com.br\/blog\/wp-json\/wp\/v2\/users\/102"}],"replies":[{"embeddable":true,"href":"https:\/\/www.aarquiteta.com.br\/blog\/wp-json\/wp\/v2\/comments?post=153692"}],"version-history":[{"count":0,"href":"https:\/\/www.aarquiteta.com.br\/blog\/wp-json\/wp\/v2\/posts\/153692\/revisions"}],"wp:featuredmedia":[{"embeddable":true,"href":"https:\/\/www.aarquiteta.com.br\/blog\/wp-json\/wp\/v2\/media\/153689"}],"wp:attachment":[{"href":"https:\/\/www.aarquiteta.com.br\/blog\/wp-json\/wp\/v2\/media?parent=153692"}],"wp:term":[{"taxonomy":"category","embeddable":true,"href":"https:\/\/www.aarquiteta.com.br\/blog\/wp-json\/wp\/v2\/categories?post=153692"},{"taxonomy":"post_tag","embeddable":true,"href":"https:\/\/www.aarquiteta.com.br\/blog\/wp-json\/wp\/v2\/tags?post=153692"}],"curies":[{"name":"wp","href":"https:\/\/api.w.org\/{rel}","templated":true}]}}