{"id":153674,"date":"2025-08-25T17:32:18","date_gmt":"2025-08-25T20:32:18","guid":{"rendered":"https:\/\/www.aarquiteta.com.br\/blog\/casa-geminada-3\/"},"modified":"2025-08-25T17:32:18","modified_gmt":"2025-08-25T20:32:18","slug":"casa-geminada-3","status":"publish","type":"post","link":"https:\/\/www.aarquiteta.com.br\/blog\/casa-geminada-3\/","title":{"rendered":"10 Tend\u00eancias de Casas Geminadas que Voc\u00ea Precisa Conhecer"},"content":{"rendered":"<p>Voc\u00ea sabia que as casas geminadas est\u00e3o se tornando uma escolha popular para quem busca economia e estilo? Combinando efici\u00eancia e conforto, esse modelo de moradia apresenta in\u00fameras tend\u00eancias interessantes. Vamos conhecer as <b>10 tend\u00eancias de casas geminadas<\/b> que voc\u00ea precisa saber!<\/p>\n<figure style=\"width: 1024px\" class=\"wp-caption aligncenter\"><img decoding=\"async\" src=\"https:\/\/www.aarquiteta.com.br\/blog\/wp-content\/uploads\/2025\/08\/casa-geminada01.jpg\" alt=\"https:\/\/www.tuacasa.com.br\/casa-geminada\/\" width=\"1024\" height=\"1024\" title=\"\"><figcaption class=\"wp-caption-text\">https:\/\/www.tuacasa.com.br\/casa-geminada\/<\/figcaption><\/figure>\n<h3>1. Sustentabilidade em alta<\/h3>\n<p>As <b>casas geminadas<\/b> est\u00e3o aderindo \u00e0 sustentabilidade. Tecidos ecol\u00f3gicos e sistemas de energia solar est\u00e3o se tornando comuns, garantindo n\u00e3o apenas economia, mas tamb\u00e9m respeito ao meio ambiente.<\/p>\n<figure style=\"width: 1024px\" class=\"wp-caption aligncenter\"><img decoding=\"async\" src=\"https:\/\/www.aarquiteta.com.br\/blog\/wp-content\/uploads\/2025\/08\/casa-geminada02.jpg\" alt=\"https:\/\/www.tuacasa.com.br\/casa-geminada\/\" width=\"1024\" height=\"1024\" title=\"\"><figcaption class=\"wp-caption-text\">https:\/\/www.tuacasa.com.br\/casa-geminada\/<\/figcaption><\/figure>\n<h3>2. Design inteligente<\/h3>\n<p>Espa\u00e7os <b>otimizados<\/b> s\u00e3o uma tend\u00eancia marcante nas casas geminadas. Projetos inovadores aproveitam cada metro quadrado, criando ambientes funcionais e agrad\u00e1veis, como cozinhas integradas e salas abertas.<\/p>\n<figure style=\"width: 1024px\" class=\"wp-caption aligncenter\"><img decoding=\"async\" src=\"https:\/\/www.aarquiteta.com.br\/blog\/wp-content\/uploads\/2025\/08\/casa-geminada03.jpg\" alt=\"https:\/\/www.tuacasa.com.br\/casa-geminada\/\" width=\"1024\" height=\"1024\" title=\"\"><figcaption class=\"wp-caption-text\">https:\/\/www.tuacasa.com.br\/casa-geminada\/<\/figcaption><\/figure>\n<h3>3. Varandas compartilhadas<\/h3>\n<p>Varandas ou \u00e1reas externas s\u00e3o projetadas de forma a promover <b>intera\u00e7\u00e3o entre vizinhos<\/b>. Imagine detalhes como jardins comuns ou \u00e1reas de churrasco; essa \u00e9 uma \u00f3tima maneira de socializar!<\/p>\n<h3>4. Jardins verticais<\/h3>\n<p>Crian\u00e7as, pets e at\u00e9 peda\u00e7os de natureza em meio \u00e0 cidade! Os <b>jardins verticais<\/b> s\u00e3o mais que uma tend\u00eancia; eles ajudam na ventila\u00e7\u00e3o e embelezam o espa\u00e7o, proporcionando um estilo \u00fanico.<\/p>\n<h3>5. Fachadas modernas<\/h3>\n<p>Fachadas estilizadas com <b>revestimentos diversos<\/b> e cores vibrantes fazem das casas geminadas um destaque no bairro. Essa variedade traz personalidade e sofistica\u00e7\u00e3o ao conjunto habitacional.<\/p>\n<h3>6. Tecnologia a favor do conforto<\/h3>\n<p>Automa\u00e7\u00e3o residencial e sistemas de seguran\u00e7a est\u00e3o cada vez mais presentes. Equipamentos que controlam ilumina\u00e7\u00e3o, temperatura e seguran\u00e7a promovem um <b>conforto diferenciado<\/b> aos moradores.<\/p>\n<h3>7. Estilo minimalista<\/h3>\n<p>O minimalismo \u00e9 uma tend\u00eancia em crescimento. Com linhas mais limpas, ambientes claros e menos m\u00f3veis, a proposta \u00e9 garantir um <b>espa\u00e7o harmonioso e sereno<\/b>.<\/p>\n<p><div class=\"youtube-embed\" data-video_id=\"JAgFgM4KFe8\"><iframe title=\"CASAS GEMINADAS! QUAL GOSTOU MAIS? - DEIXE NOS COMENT\u00c1RIOS SUGEST\u00d5ES PARA NOVOS V\u00cdDEOS!\" width=\"696\" height=\"392\" src=\"https:\/\/www.youtube.com\/embed\/JAgFgM4KFe8?feature=oembed&#038;enablejsapi=1\" frameborder=\"0\" allow=\"accelerometer; autoplay; clipboard-write; encrypted-media; gyroscope; picture-in-picture; web-share\" referrerpolicy=\"strict-origin-when-cross-origin\" allowfullscreen><\/iframe><\/div>\n<\/p>\n<h3>8. Cores neutras e past\u00e9is<\/h3>\n<p>Cores suaves se tornaram fen\u00f4menos no design de interiores. Tons <b>neutros<\/b> em paredes e m\u00f3veis criam ambientes acolhedores e ajudam na amplia\u00e7\u00e3o visual dos espa\u00e7os.<\/p>\n<h3>9. Ambientes integrados<\/h3>\n<p>Zelar pela sensa\u00e7\u00e3o de amplitude \u00e9 essencial. A ideia de integrar a sala de estar, cozinha e varanda cria uma atmosfera <b>acolhedora e convidativa<\/b>.<\/p>\n<h3>10. Materiais naturais<\/h3>\n<p>O uso de madeira, pedra e fibras naturais confere um toque <b>org\u00e2nico e confort\u00e1vel<\/b> ao lar, trazendo aconchego e calidez \u00e0s casas geminadas.<\/p>\n<table>\n<tr>\n<th>Tend\u00eancia<\/th>\n<th>Descri\u00e7\u00e3o<\/th>\n<\/tr>\n<tr>\n<td>Sustentabilidade<\/td>\n<td>Uso de energia solar e materiais ecol\u00f3gicos.<\/td>\n<\/tr>\n<tr>\n<td>Design inteligente<\/td>\n<td>Espa\u00e7os otimizados e funcionais.<\/td>\n<\/tr>\n<tr>\n<td>Varandas compartilhadas<\/td>\n<td>Espa\u00e7os externos para intera\u00e7\u00e3o social.<\/td>\n<\/tr>\n<tr>\n<td>Jardins verticais<\/td>\n<td>Espa\u00e7os verdes que otimizam a ventila\u00e7\u00e3o.<\/td>\n<\/tr>\n<tr>\n<td>Fachadas modernas<\/td>\n<td>Revestimentos variados e cores atraentes.<\/td>\n<\/tr>\n<tr>\n<td>Tecnologia<\/td>\n<td>Automa\u00e7\u00e3o residencial e seguran\u00e7a.<\/td>\n<\/tr>\n<tr>\n<td>Estilo minimalista<\/td>\n<td>Ambienta\u00e7\u00e3o confort\u00e1vel e harmoniosa.<\/td>\n<\/tr>\n<tr>\n<td>Cores neutras<\/td>\n<td>Tons suaves que ampliam espa\u00e7os.<\/td>\n<\/tr>\n<tr>\n<td>Ambientes integrados<\/td>\n<td>Integra\u00e7\u00e3o entre sala, cozinha e varanda.<\/td>\n<\/tr>\n<tr>\n<td>Materiais naturais<\/td>\n<td>Uso de madeira e pedras para aconchego.<\/td>\n<\/tr>\n<\/table>\n<p>Essas tend\u00eancias podem transformar a sua vis\u00e3o sobre casas geminadas. Quer saber mais sobre como aplicar essas dicas no seu espa\u00e7o? <b>Compartilhe suas ideias nos coment\u00e1rios!<\/b> Vamos seguir juntos nessa jornada de descoberta e cria\u00e7\u00e3o!<\/p>\n","protected":false},"excerpt":{"rendered":"<p>10 Tend\u00eancias de Casas Geminadas que Voc\u00ea Precisa Conhecer<\/p>\n","protected":false},"author":102,"featured_media":153671,"comment_status":"open","ping_status":"","sticky":false,"template":"","format":"standard","meta":{"footnotes":""},"categories":[249,1484],"tags":[],"class_list":["post-153674","post","type-post","status-publish","format-standard","has-post-thumbnail","category-engenharia-e-construcao-civil","category-decoracao"],"_wp_attached_file":null,"_wp_attachment_metadata":null,"_wp_attachment_context":null,"_wp_attachment_is_custom_header":null,"geo_longitude":null,"geo_public":null,"geo_latitude":null,"_publicize_done_external":null,"_wpas_done_3897181":null,"publicize_twitter_user":null,"_wpas_done_3897175":null,"_wpas_skip_3897181":null,"_wpas_skip_3897175":null,"_wpas_skip_3924723":null,"_wpas_mess":null,"_wpas_done_3924723":null,"wps_subtitle":"","_links":{"self":[{"href":"https:\/\/www.aarquiteta.com.br\/blog\/wp-json\/wp\/v2\/posts\/153674","targetHints":{"allow":["GET"]}}],"collection":[{"href":"https:\/\/www.aarquiteta.com.br\/blog\/wp-json\/wp\/v2\/posts"}],"about":[{"href":"https:\/\/www.aarquiteta.com.br\/blog\/wp-json\/wp\/v2\/types\/post"}],"author":[{"embeddable":true,"href":"https:\/\/www.aarquiteta.com.br\/blog\/wp-json\/wp\/v2\/users\/102"}],"replies":[{"embeddable":true,"href":"https:\/\/www.aarquiteta.com.br\/blog\/wp-json\/wp\/v2\/comments?post=153674"}],"version-history":[{"count":0,"href":"https:\/\/www.aarquiteta.com.br\/blog\/wp-json\/wp\/v2\/posts\/153674\/revisions"}],"wp:featuredmedia":[{"embeddable":true,"href":"https:\/\/www.aarquiteta.com.br\/blog\/wp-json\/wp\/v2\/media\/153671"}],"wp:attachment":[{"href":"https:\/\/www.aarquiteta.com.br\/blog\/wp-json\/wp\/v2\/media?parent=153674"}],"wp:term":[{"taxonomy":"category","embeddable":true,"href":"https:\/\/www.aarquiteta.com.br\/blog\/wp-json\/wp\/v2\/categories?post=153674"},{"taxonomy":"post_tag","embeddable":true,"href":"https:\/\/www.aarquiteta.com.br\/blog\/wp-json\/wp\/v2\/tags?post=153674"}],"curies":[{"name":"wp","href":"https:\/\/api.w.org\/{rel}","templated":true}]}}