{"id":153654,"date":"2025-08-24T17:31:30","date_gmt":"2025-08-24T20:31:30","guid":{"rendered":"https:\/\/www.aarquiteta.com.br\/blog\/porta-celeiro\/"},"modified":"2025-08-24T17:31:30","modified_gmt":"2025-08-24T20:31:30","slug":"porta-celeiro","status":"publish","type":"post","link":"https:\/\/www.aarquiteta.com.br\/blog\/porta-celeiro\/","title":{"rendered":"5 Tend\u00eancias"},"content":{"rendered":"<p>A <b>porta celeiro<\/b> \u00e9 uma tend\u00eancia que vem conquistando cada vez mais decora\u00e7\u00e3o de casas. Esta porta deslizante n\u00e3o \u00e9 apenas funcional, mas tamb\u00e9m um belo elemento est\u00e9tico. Ela pode ser utilizada em diferentes ambientes, trazendo um toque r\u00fastico e elegante ao lar.<\/p>\n<figure style=\"width: 1024px\" class=\"wp-caption aligncenter\"><img decoding=\"async\" src=\"https:\/\/www.aarquiteta.com.br\/blog\/wp-content\/uploads\/2025\/08\/porta-celeiro01.jpg\" alt=\"https:\/\/www.tuacasa.com.br\/porta-celeiro\/\" width=\"1024\" height=\"1024\" title=\"\"><figcaption class=\"wp-caption-text\">https:\/\/www.tuacasa.com.br\/porta-celeiro\/<\/figcaption><\/figure>\n<h3>O que \u00e9 a porta celeiro?<\/h3>\n<p>A <b>porta celeiro<\/b> \u00e9 uma porta montada em trilhos de metal, surgida no ambiente rural. Feita principalmente de <b>madeira<\/b>, o seu design combina t\u00e1buas verticais unidas por barras transversais. \u00c9 super vers\u00e1til, podendo ser encontrada em diferentes materiais, cores e formatos.<\/p>\n<figure style=\"width: 1024px\" class=\"wp-caption aligncenter\"><img decoding=\"async\" src=\"https:\/\/www.aarquiteta.com.br\/blog\/wp-content\/uploads\/2025\/08\/porta-celeiro02.jpg\" alt=\"https:\/\/www.tuacasa.com.br\/porta-celeiro\/\" width=\"1024\" height=\"1024\" title=\"\"><figcaption class=\"wp-caption-text\">https:\/\/www.tuacasa.com.br\/porta-celeiro\/<\/figcaption><\/figure>\n<h3>Por que escolher a porta celeiro?<\/h3>\n<p>A escolha desse tipo de porta \u00e9 perfeita para quem busca funcionalidade e beleza. Al\u00e9m de ser <b>pr\u00e1tica<\/b> para espa\u00e7os pequenos, ela traz um visual \u00fanico e charmoso. Outra vantagem s\u00e3o as <b>corredi\u00e7as aparentes<\/b>, que se encaixam bem em decora\u00e7\u00f5es de estilo industrial.<\/p>\n<figure style=\"width: 1024px\" class=\"wp-caption aligncenter\"><img decoding=\"async\" src=\"https:\/\/www.aarquiteta.com.br\/blog\/wp-content\/uploads\/2025\/08\/porta-celeiro03.jpg\" alt=\"https:\/\/www.tuacasa.com.br\/porta-celeiro\/\" width=\"1024\" height=\"1024\" title=\"\"><figcaption class=\"wp-caption-text\">https:\/\/www.tuacasa.com.br\/porta-celeiro\/<\/figcaption><\/figure>\n<h3>5 Tend\u00eancias de decora\u00e7\u00e3o com porta celeiro<\/h3>\n<ol>\n<li><b>Estilo r\u00fastico<\/b>: Combine a porta em madeira com outros elementos naturais.<\/li>\n<li><b>Minimalismo<\/b>: Opte por portas de acabamento simples e clean, como as brancas.<\/li>\n<li><b>Cores vibrantes<\/b>: Uma porta amarela pode transformar o visual de uma sala.<\/li>\n<li><b>Integra\u00e7\u00e3o de ambientes<\/b>: Utilize portas para unir ou separar espa\u00e7os, como a sala e o escrit\u00f3rio.<\/li>\n<li><b>Modelos de vidro<\/b>: Para quem busca sofistica\u00e7\u00e3o, a porta celeiro de vidro \u00e9 uma excelente op\u00e7\u00e3o.<\/li>\n<\/ol>\n<h3>Vantagens de usar a porta celeiro<\/h3>\n<p>Al\u00e9m da est\u00e9tica, as portas celeiro possuem uma s\u00e9rie de vantagens. Acomodam facilmente espa\u00e7os reduzidos, exigindo menos \u00e1rea de abertura. S\u00e3o ainda muito f\u00e1ceis de instalar e trazem vida ao ambiente.<\/p>\n<table>\n<tr>\n<th>Vantagens<\/th>\n<th>Desvantagens<\/th>\n<\/tr>\n<tr>\n<td>Economiza espa\u00e7o<\/td>\n<td>Instala\u00e7\u00e3o requer cuidado<\/td>\n<\/tr>\n<tr>\n<td>Est\u00e9tica \u00fanica<\/td>\n<td>Pode precisar de manuten\u00e7\u00e3o<\/td>\n<\/tr>\n<tr>\n<td>Versatilidade de materiais<\/td>\n<td>Pode ser mais cara que portas comuns<\/td>\n<\/tr>\n<\/table>\n<h3>Como instalar sua porta celeiro<\/h3>\n<p>Instalar uma porta celeiro \u00e9 mais f\u00e1cil do que parece! Basta seguir um passo a passo simples. Se voc\u00ea n\u00e3o tem certeza ou seguran\u00e7a, considere contratar um profissional para garantir a melhor instala\u00e7\u00e3o.<\/p>\n<p>Se voc\u00ea ficou curioso e quer saber mais sobre a instala\u00e7\u00e3o e manuten\u00e7\u00e3o da porta celeiro, n\u00e3o hesite em comentar ou procurar mais conte\u00fado! Cada porta conta uma hist\u00f3ria e pode transformar seu espa\u00e7o.<\/p>\n<p>Se voc\u00ea deseja saber mais sobre outras op\u00e7\u00f5es de <b>decora\u00e7\u00e3o<\/b> e <b>design de interiores<\/b>, continue navegando pelo nosso blog!<\/p>\n<p><div class=\"youtube-embed\" data-video_id=\"_e82GRHQKrM\"><iframe title=\"Porta Rustica Celeiro deslizante com roldana @Celeiromineiromoveisrusticos\" width=\"696\" height=\"392\" src=\"https:\/\/www.youtube.com\/embed\/_e82GRHQKrM?feature=oembed&#038;enablejsapi=1\" frameborder=\"0\" allow=\"accelerometer; autoplay; clipboard-write; encrypted-media; gyroscope; picture-in-picture; web-share\" referrerpolicy=\"strict-origin-when-cross-origin\" allowfullscreen><\/iframe><\/div><\/p>\n","protected":false},"excerpt":{"rendered":"<p>5 Tend\u00eancias<\/p>\n","protected":false},"author":102,"featured_media":153651,"comment_status":"open","ping_status":"","sticky":false,"template":"","format":"standard","meta":{"footnotes":""},"categories":[249,1484],"tags":[],"class_list":["post-153654","post","type-post","status-publish","format-standard","has-post-thumbnail","category-engenharia-e-construcao-civil","category-decoracao"],"_wp_attached_file":null,"_wp_attachment_metadata":null,"_wp_attachment_context":null,"_wp_attachment_is_custom_header":null,"geo_longitude":null,"geo_public":null,"geo_latitude":null,"_publicize_done_external":null,"_wpas_done_3897181":null,"publicize_twitter_user":null,"_wpas_done_3897175":null,"_wpas_skip_3897181":null,"_wpas_skip_3897175":null,"_wpas_skip_3924723":null,"_wpas_mess":null,"_wpas_done_3924723":null,"wps_subtitle":"","_links":{"self":[{"href":"https:\/\/www.aarquiteta.com.br\/blog\/wp-json\/wp\/v2\/posts\/153654","targetHints":{"allow":["GET"]}}],"collection":[{"href":"https:\/\/www.aarquiteta.com.br\/blog\/wp-json\/wp\/v2\/posts"}],"about":[{"href":"https:\/\/www.aarquiteta.com.br\/blog\/wp-json\/wp\/v2\/types\/post"}],"author":[{"embeddable":true,"href":"https:\/\/www.aarquiteta.com.br\/blog\/wp-json\/wp\/v2\/users\/102"}],"replies":[{"embeddable":true,"href":"https:\/\/www.aarquiteta.com.br\/blog\/wp-json\/wp\/v2\/comments?post=153654"}],"version-history":[{"count":0,"href":"https:\/\/www.aarquiteta.com.br\/blog\/wp-json\/wp\/v2\/posts\/153654\/revisions"}],"wp:featuredmedia":[{"embeddable":true,"href":"https:\/\/www.aarquiteta.com.br\/blog\/wp-json\/wp\/v2\/media\/153651"}],"wp:attachment":[{"href":"https:\/\/www.aarquiteta.com.br\/blog\/wp-json\/wp\/v2\/media?parent=153654"}],"wp:term":[{"taxonomy":"category","embeddable":true,"href":"https:\/\/www.aarquiteta.com.br\/blog\/wp-json\/wp\/v2\/categories?post=153654"},{"taxonomy":"post_tag","embeddable":true,"href":"https:\/\/www.aarquiteta.com.br\/blog\/wp-json\/wp\/v2\/tags?post=153654"}],"curies":[{"name":"wp","href":"https:\/\/api.w.org\/{rel}","templated":true}]}}