{"id":153650,"date":"2025-08-24T12:01:52","date_gmt":"2025-08-24T15:01:52","guid":{"rendered":"https:\/\/www.aarquiteta.com.br\/blog\/brinco-oval-croche\/"},"modified":"2025-08-24T12:01:52","modified_gmt":"2025-08-24T15:01:52","slug":"brinco-oval-croche","status":"publish","type":"post","link":"https:\/\/www.aarquiteta.com.br\/blog\/brinco-oval-croche\/","title":{"rendered":"As 5 Melhores Estrat\u00e9gias para Confeccionar Brincos de Croch\u00ea Elegantes"},"content":{"rendered":"<p>Quer aprender a criar brincos de croch\u00ea <b>elegantes<\/b>? Neste artigo, vou compartilhar as 5 melhores estrat\u00e9gias para confeccionar essas pe\u00e7as incr\u00edveis!<\/p>\n<figure style=\"width: 1024px\" class=\"wp-caption aligncenter\"><img decoding=\"async\" src=\"https:\/\/www.aarquiteta.com.br\/blog\/wp-content\/uploads\/2025\/08\/brinco-oval-croche01.jpg\" alt=\"https:\/\/crocheonline.com.br\/2025\/08\/21\/aprenda-a-confeccionar-o-brinco-oval-em-croche-o-acessorio-artesanal-mais-elegante-e-versatil-deste-verao\/\" width=\"1024\" height=\"1024\" title=\"\"><figcaption class=\"wp-caption-text\">https:\/\/crocheonline.com.br\/2025\/08\/21\/aprenda-a-confeccionar-o-brinco-oval-em-croche-o-acessorio-artesanal-mais-elegante-e-versatil-deste-verao\/<\/figcaption><\/figure>\n<h3>1. Escolha Materiais de Qualidade<\/h3>\n<p>O segredo para um brinco de croch\u00ea que se destaca est\u00e1 nos <b>materiais<\/b>. Use fios de algod\u00e3o mercerizado, que garantem <b>brilho<\/b> e firmeza.<\/p>\n<figure style=\"width: 1024px\" class=\"wp-caption aligncenter\"><img decoding=\"async\" src=\"https:\/\/www.aarquiteta.com.br\/blog\/wp-content\/uploads\/2025\/08\/brinco-oval-croche02.jpg\" alt=\"https:\/\/crocheonline.com.br\/2025\/08\/21\/aprenda-a-confeccionar-o-brinco-oval-em-croche-o-acessorio-artesanal-mais-elegante-e-versatil-deste-verao\/\" width=\"1024\" height=\"1024\" title=\"\"><figcaption class=\"wp-caption-text\">https:\/\/crocheonline.com.br\/2025\/08\/21\/aprenda-a-confeccionar-o-brinco-oval-em-croche-o-acessorio-artesanal-mais-elegante-e-versatil-deste-verao\/<\/figcaption><\/figure>\n<p>Tamb\u00e9m \u00e9 essencial escolher uma base met\u00e1lica resistente. Isso proporciona um <b>acabamento<\/b> perfeito e durabilidade para o seu acess\u00f3rio.<\/p>\n<figure style=\"width: 1024px\" class=\"wp-caption aligncenter\"><img decoding=\"async\" src=\"https:\/\/www.aarquiteta.com.br\/blog\/wp-content\/uploads\/2025\/08\/brinco-oval-croche03.jpg\" alt=\"https:\/\/crocheonline.com.br\/2025\/08\/21\/aprenda-a-confeccionar-o-brinco-oval-em-croche-o-acessorio-artesanal-mais-elegante-e-versatil-deste-verao\/\" width=\"1024\" height=\"1024\" title=\"\"><figcaption class=\"wp-caption-text\">https:\/\/crocheonline.com.br\/2025\/08\/21\/aprenda-a-confeccionar-o-brinco-oval-em-croche-o-acessorio-artesanal-mais-elegante-e-versatil-deste-verao\/<\/figcaption><\/figure>\n<h3>2. Experimente Diferentes Espessuras e Agulhas<\/h3>\n<p>Brincos leves s\u00e3o feitos com fios de espessura entre 150 e 300 tex. Use agulhas de 1 mm a 1,75 mm. <b>Ajuste a tens\u00e3o<\/b> conforme necess\u00e1rio, sempre testando a amostra antes de come\u00e7ar.<\/p>\n<h3>3. Siga um Passo a Passo Claro<\/h3>\n<p>Inicie com a base met\u00e1lica ou correntinhas. Siga contornando com pontos baixos e altos. O mais importante \u00e9 <b>ajustar a tens\u00e3o<\/b> para evitar deforma\u00e7\u00f5es.<\/p>\n<h3>4. Evite Erros Comuns<\/h3>\n<p>Erros como o embabadado ou bordas tortas s\u00e3o frequentes. Confira a <b>contagem de pontos<\/b> e a tens\u00e3o durante o trabalho. Compare as pe\u00e7as enquanto confecciona.<\/p>\n<h3>5. Combine com Estilo<\/h3>\n<p>Cores neutras trazem versatilidade, enquanto tons vibrantes destacam o look. N\u00e3o hesite em misturar <b>pulseiras<\/b> e colares de croch\u00ea para criar um visual ainda mais charmoso.<\/p>\n<table>\n<tr>\n<th>Estrat\u00e9gia<\/th>\n<th>Descri\u00e7\u00e3o<\/th>\n<\/tr>\n<tr>\n<td>Materiais de Qualidade<\/td>\n<td>Use fios de algod\u00e3o mercerizado e bases met\u00e1licas resistentes.<\/td>\n<\/tr>\n<tr>\n<td>Espessuras e Agulhas<\/td>\n<td>Opte por fios entre 150 e 300 tex; use agulhas de 1 mm a 1,75 mm.<\/td>\n<\/tr>\n<tr>\n<td>Passo a Passo<\/td>\n<td>Contorne a base com pontos baixos e altos, sempre ajustando a tens\u00e3o.<\/td>\n<\/tr>\n<tr>\n<td>Erros Comuns<\/td>\n<td>Evite embabadados e bordas tortas conferindo a contagem de pontos.<\/td>\n<\/tr>\n<tr>\n<td>Combina\u00e7\u00e3o de Estilos<\/td>\n<td>Cores neutras para versatilidade, tons vibrantes para destaque.<\/td>\n<\/tr>\n<\/table>\n<p>Com estas dicas, voc\u00ea est\u00e1 pronto para criar <b>brincos de croch\u00ea<\/b> \u00fanicos e cheios de estilo. Ent\u00e3o, que tal m\u00e3os \u00e0 obra?<\/p>\n<p>https:\/\/www.youtube.com\/watch?v=<\/p>\n<p>Se voc\u00ea gostou desse guia, n\u00e3o hesite em comentar suas experi\u00eancias ou continuar navegando por mais conte\u00fados sobre artesanato! Vamos juntos explorar o maravilhoso mundo do croch\u00ea!<\/p>\n","protected":false},"excerpt":{"rendered":"<p>As 5 Melhores Estrat\u00e9gias para Confeccionar Brincos de Croch\u00ea Elegantes<\/p>\n","protected":false},"author":102,"featured_media":153647,"comment_status":"open","ping_status":"","sticky":false,"template":"","format":"standard","meta":{"footnotes":""},"categories":[10005,1484],"tags":[],"class_list":["post-153650","post","type-post","status-publish","format-standard","has-post-thumbnail","category-casa-e-jardim","category-decoracao"],"_wp_attached_file":null,"_wp_attachment_metadata":null,"_wp_attachment_context":null,"_wp_attachment_is_custom_header":null,"geo_longitude":null,"geo_public":null,"geo_latitude":null,"_publicize_done_external":null,"_wpas_done_3897181":null,"publicize_twitter_user":null,"_wpas_done_3897175":null,"_wpas_skip_3897181":null,"_wpas_skip_3897175":null,"_wpas_skip_3924723":null,"_wpas_mess":null,"_wpas_done_3924723":null,"wps_subtitle":"","_links":{"self":[{"href":"https:\/\/www.aarquiteta.com.br\/blog\/wp-json\/wp\/v2\/posts\/153650","targetHints":{"allow":["GET"]}}],"collection":[{"href":"https:\/\/www.aarquiteta.com.br\/blog\/wp-json\/wp\/v2\/posts"}],"about":[{"href":"https:\/\/www.aarquiteta.com.br\/blog\/wp-json\/wp\/v2\/types\/post"}],"author":[{"embeddable":true,"href":"https:\/\/www.aarquiteta.com.br\/blog\/wp-json\/wp\/v2\/users\/102"}],"replies":[{"embeddable":true,"href":"https:\/\/www.aarquiteta.com.br\/blog\/wp-json\/wp\/v2\/comments?post=153650"}],"version-history":[{"count":0,"href":"https:\/\/www.aarquiteta.com.br\/blog\/wp-json\/wp\/v2\/posts\/153650\/revisions"}],"wp:featuredmedia":[{"embeddable":true,"href":"https:\/\/www.aarquiteta.com.br\/blog\/wp-json\/wp\/v2\/media\/153647"}],"wp:attachment":[{"href":"https:\/\/www.aarquiteta.com.br\/blog\/wp-json\/wp\/v2\/media?parent=153650"}],"wp:term":[{"taxonomy":"category","embeddable":true,"href":"https:\/\/www.aarquiteta.com.br\/blog\/wp-json\/wp\/v2\/categories?post=153650"},{"taxonomy":"post_tag","embeddable":true,"href":"https:\/\/www.aarquiteta.com.br\/blog\/wp-json\/wp\/v2\/tags?post=153650"}],"curies":[{"name":"wp","href":"https:\/\/api.w.org\/{rel}","templated":true}]}}