{"id":153646,"date":"2025-08-24T07:31:25","date_gmt":"2025-08-24T10:31:25","guid":{"rendered":"https:\/\/www.aarquiteta.com.br\/blog\/jardim-de-inverno-na-sala-2\/"},"modified":"2025-08-24T07:31:25","modified_gmt":"2025-08-24T10:31:25","slug":"jardim-de-inverno-na-sala-2","status":"publish","type":"post","link":"https:\/\/www.aarquiteta.com.br\/blog\/jardim-de-inverno-na-sala-2\/","title":{"rendered":"7 Inova\u00e7\u00f5es para Transformar sua Sala com Jardins de Inverno"},"content":{"rendered":"<p>Quer transformar a sua sala em um espa\u00e7o encantador? Um <b>jardim de inverno<\/b> pode ser a solu\u00e7\u00e3o ideal. Al\u00e9m de trazer um ar fresco, ele eleva a beleza da decora\u00e7\u00e3o e melhora sua qualidade de vida.<\/p>\n<figure style=\"width: 1024px\" class=\"wp-caption aligncenter\"><img decoding=\"async\" src=\"https:\/\/www.aarquiteta.com.br\/blog\/wp-content\/uploads\/2025\/08\/jardim-de-inverno-na-sala01.jpg\" alt=\"https:\/\/www.tuacasa.com.br\/jardim-de-inverno-na-sala\/\" width=\"1024\" height=\"1024\" title=\"\"><figcaption class=\"wp-caption-text\">https:\/\/www.tuacasa.com.br\/jardim-de-inverno-na-sala\/<\/figcaption><\/figure>\n<p>Com as <b>inova\u00e7\u00f5es adequadas<\/b>, \u00e9 poss\u00edvel criar um ambiente \u00fanico e harmonioso. Vamos explorar algumas ideias criativas para voc\u00ea incorporar um jardim de inverno na sala.<\/p>\n<figure style=\"width: 1024px\" class=\"wp-caption aligncenter\"><img decoding=\"async\" src=\"https:\/\/www.aarquiteta.com.br\/blog\/wp-content\/uploads\/2025\/08\/jardim-de-inverno-na-sala02.jpg\" alt=\"https:\/\/www.tuacasa.com.br\/jardim-de-inverno-na-sala\/\" width=\"1024\" height=\"1024\" title=\"\"><figcaption class=\"wp-caption-text\">https:\/\/www.tuacasa.com.br\/jardim-de-inverno-na-sala\/<\/figcaption><\/figure>\n<h3>1. Jardim Vertical: Solu\u00e7\u00e3o Inovadora para Espa\u00e7os Pequenos<\/h3>\n<p>O <b>jardim vertical<\/b> \u00e9 \u00f3timo para quem tem pouco espa\u00e7o. Ele aproveita as paredes, criando um visual encantador e fresco. Voc\u00ea pode escolher plantas como <b>samambaias<\/b> ou <b>herb\u00e1ceas<\/b> que se adaptam bem a esse formato.<\/p>\n<figure style=\"width: 1024px\" class=\"wp-caption aligncenter\"><img decoding=\"async\" src=\"https:\/\/www.aarquiteta.com.br\/blog\/wp-content\/uploads\/2025\/08\/jardim-de-inverno-na-sala03.jpg\" alt=\"https:\/\/www.tuacasa.com.br\/jardim-de-inverno-na-sala\/\" width=\"1024\" height=\"1024\" title=\"\"><figcaption class=\"wp-caption-text\">https:\/\/www.tuacasa.com.br\/jardim-de-inverno-na-sala\/<\/figcaption><\/figure>\n<h3>2. Pontos de Luz: Ilumina\u00e7\u00e3o Certa para Valorizar seu Jardim<\/h3>\n<p>Utilizar <b>ilumina\u00e7\u00e3o adequada<\/b> valoriza cada detalhe do seu jardim. Lumin\u00e1rias direcionais ou luzes suaves podem deixar o ambiente mais aconchegante e encantador \u00e0 noite.<\/p>\n<h3>3. Mini Jardins em Vasos: Praticidade e Estilo<\/h3>\n<p>Voc\u00ea pode optar por <b>mini jardins<\/b> em vasos. Eles s\u00e3o pr\u00e1ticos e podem ser colocados em mesas ou prateleiras. Com uma combina\u00e7\u00e3o de cores, fica super estiloso!<\/p>\n<h3>4. Integra\u00e7\u00e3o com a Decora\u00e7\u00e3o: Harmonia \u00e9 a Chave<\/h3>\n<p>Para um efeito visual marcante, escolha plantas que <b>conversem<\/b> com a decora\u00e7\u00e3o existente. Combine t\u00e1buas de madeira, <b>almofadas coloridas<\/b>, e acess\u00f3rios que complementem o espa\u00e7o.<\/p>\n<h3>5. Fontes de \u00c1gua: O Som da Natureza<\/h3>\n<p>Adicione uma <b>fonte de \u00e1gua<\/b> ao seu jardim. O som suave das \u00e1guas \u00e9 relaxante e traz uma sensa\u00e7\u00e3o de tranquilidade ao ambiente, al\u00e9m de melhorar a umidade.<\/p>\n<h3>6. Elementos R\u00fasticos: O Toque Natural<\/h3>\n<p>Bancos de madeira ou caixas de feira podem ser \u00f3timos para criar um espa\u00e7o r\u00fastico e aut\u00eantico no seu jardim. O natural sempre encanta e traz aconchego!<\/p>\n<p><div class=\"youtube-embed\" data-video_id=\"WyiJCWfTPrA\"><iframe title=\"JARDIM de INVERNO Vale a pena\" width=\"696\" height=\"392\" src=\"https:\/\/www.youtube.com\/embed\/WyiJCWfTPrA?feature=oembed&#038;enablejsapi=1\" frameborder=\"0\" allow=\"accelerometer; autoplay; clipboard-write; encrypted-media; gyroscope; picture-in-picture; web-share\" referrerpolicy=\"strict-origin-when-cross-origin\" allowfullscreen><\/iframe><\/div>\n<\/p>\n<h3>7. Materiais Sustent\u00e1veis: Contribuindo para o Meio Ambiente<\/h3>\n<p>Use <b>materiais reciclados<\/b> para os vasos e suportes das plantas. Isso n\u00e3o s\u00f3 embeleza o ambiente, mas tamb\u00e9m contribui para a sustentabilidade.<\/p>\n<table>\n<tr>\n<th>Inova\u00e7\u00e3o<\/th>\n<th>Benef\u00edcios<\/th>\n<\/tr>\n<tr>\n<td>Jardim Vertical<\/td>\n<td>Economia de espa\u00e7o, visual bonito<\/td>\n<\/tr>\n<tr>\n<td>Pontos de Luz<\/td>\n<td>Real\u00e7a a decora\u00e7\u00e3o, ambiente aconchegante<\/td>\n<\/tr>\n<tr>\n<td>Mini Jardins em Vasos<\/td>\n<td>Praticidade e estilo<\/td>\n<\/tr>\n<tr>\n<td>Integra\u00e7\u00e3o com Decora\u00e7\u00e3o<\/td>\n<td>Harmonia no espa\u00e7o<\/td>\n<\/tr>\n<tr>\n<td>Fontes de \u00c1gua<\/td>\n<td>Tranquilidade e umidade<\/td>\n<\/tr>\n<tr>\n<td>Elementos R\u00fasticos<\/td>\n<td>Toque natural e aconchego<\/td>\n<\/tr>\n<tr>\n<td>Materiais Sustent\u00e1veis<\/td>\n<td>Contribui\u00e7\u00e3o ambiental<\/td>\n<\/tr>\n<\/table>\n<p>Essas inova\u00e7\u00f5es podem realmente transformar a sua sala em um espa\u00e7o cheio de vida e <b>harmonia<\/b>. Vale a pena explorar o potencial do seu espa\u00e7o.<\/p>\n<p>Gostou das dicas? Comente abaixo e compartilhe sua experi\u00eancia! Estou curioso para saber como voc\u00ea vai transformar sua sala com um lindo <b>jardim de inverno<\/b>.<\/p>\n","protected":false},"excerpt":{"rendered":"<p>7 Inova\u00e7\u00f5es para Transformar sua Sala com Jardins de Inverno<\/p>\n","protected":false},"author":102,"featured_media":153643,"comment_status":"open","ping_status":"","sticky":false,"template":"","format":"standard","meta":{"footnotes":""},"categories":[1484],"tags":[],"class_list":["post-153646","post","type-post","status-publish","format-standard","has-post-thumbnail","category-decoracao"],"_wp_attached_file":null,"_wp_attachment_metadata":null,"_wp_attachment_context":null,"_wp_attachment_is_custom_header":null,"geo_longitude":null,"geo_public":null,"geo_latitude":null,"_publicize_done_external":null,"_wpas_done_3897181":null,"publicize_twitter_user":null,"_wpas_done_3897175":null,"_wpas_skip_3897181":null,"_wpas_skip_3897175":null,"_wpas_skip_3924723":null,"_wpas_mess":null,"_wpas_done_3924723":null,"wps_subtitle":"","_links":{"self":[{"href":"https:\/\/www.aarquiteta.com.br\/blog\/wp-json\/wp\/v2\/posts\/153646","targetHints":{"allow":["GET"]}}],"collection":[{"href":"https:\/\/www.aarquiteta.com.br\/blog\/wp-json\/wp\/v2\/posts"}],"about":[{"href":"https:\/\/www.aarquiteta.com.br\/blog\/wp-json\/wp\/v2\/types\/post"}],"author":[{"embeddable":true,"href":"https:\/\/www.aarquiteta.com.br\/blog\/wp-json\/wp\/v2\/users\/102"}],"replies":[{"embeddable":true,"href":"https:\/\/www.aarquiteta.com.br\/blog\/wp-json\/wp\/v2\/comments?post=153646"}],"version-history":[{"count":0,"href":"https:\/\/www.aarquiteta.com.br\/blog\/wp-json\/wp\/v2\/posts\/153646\/revisions"}],"wp:featuredmedia":[{"embeddable":true,"href":"https:\/\/www.aarquiteta.com.br\/blog\/wp-json\/wp\/v2\/media\/153643"}],"wp:attachment":[{"href":"https:\/\/www.aarquiteta.com.br\/blog\/wp-json\/wp\/v2\/media?parent=153646"}],"wp:term":[{"taxonomy":"category","embeddable":true,"href":"https:\/\/www.aarquiteta.com.br\/blog\/wp-json\/wp\/v2\/categories?post=153646"},{"taxonomy":"post_tag","embeddable":true,"href":"https:\/\/www.aarquiteta.com.br\/blog\/wp-json\/wp\/v2\/tags?post=153646"}],"curies":[{"name":"wp","href":"https:\/\/api.w.org\/{rel}","templated":true}]}}