{"id":153636,"date":"2025-08-23T17:31:42","date_gmt":"2025-08-23T20:31:42","guid":{"rendered":"https:\/\/www.aarquiteta.com.br\/blog\/maeira-freijo-2\/"},"modified":"2025-08-23T17:31:42","modified_gmt":"2025-08-23T20:31:42","slug":"maeira-freijo-2","status":"publish","type":"post","link":"https:\/\/www.aarquiteta.com.br\/blog\/maeira-freijo-2\/","title":{"rendered":"As 5 Melhores Dicas para Usar Madeiras de Freij\u00f3"},"content":{"rendered":"<p>Voc\u00ea sabia que as madeiras de freij\u00f3 s\u00e3o uma excelente op\u00e7\u00e3o para quem deseja sofistica\u00e7\u00e3o em ambientes? Neste artigo, vou compartilhar as <b>5 melhores dicas<\/b> para usar essa madeira t\u00e3o vers\u00e1til e bonita.<\/p>\n<figure style=\"width: 1024px\" class=\"wp-caption aligncenter\"><img decoding=\"async\" src=\"https:\/\/www.aarquiteta.com.br\/blog\/wp-content\/uploads\/2025\/08\/maeira-freijo01.jpg\" alt=\"https:\/\/www.tuacasa.com.br\/maeira-freijo\/\" width=\"1024\" height=\"1024\" title=\"\"><figcaption class=\"wp-caption-text\">https:\/\/www.tuacasa.com.br\/maeira-freijo\/<\/figcaption><\/figure>\n<h3>1. Escolhendo a Madeira de Freij\u00f3 com Cuidado<\/h3>\n<p>Primeiramente, a escolha da madeira de <b>freij\u00f3<\/b> \u00e9 fundamental. Essa esp\u00e9cie \u00e9 conhecida por sua resist\u00eancia e beleza. Verifique a proced\u00eancia e a qualidade antes de adquirir. Procure por madeiras com tonalidades mais claras, que trazem um ar mais leve aos ambientes.<\/p>\n<figure style=\"width: 1024px\" class=\"wp-caption aligncenter\"><img decoding=\"async\" src=\"https:\/\/www.aarquiteta.com.br\/blog\/wp-content\/uploads\/2025\/08\/maeira-freijo02.jpg\" alt=\"https:\/\/www.tuacasa.com.br\/maeira-freijo\/\" width=\"1024\" height=\"1024\" title=\"\"><figcaption class=\"wp-caption-text\">https:\/\/www.tuacasa.com.br\/maeira-freijo\/<\/figcaption><\/figure>\n<h3>2. Combine Freij\u00f3 com Outras Madeiras<\/h3>\n<p>Uma \u00f3tima dica \u00e9 combinar o <b>freij\u00f3<\/b> com outras madeiras, como o mogno ou o ip\u00ea. Isso cria um contraste visual e torna a decora\u00e7\u00e3o mais interessante. Al\u00e9m disso, a mistura de texturas pode adicionar profundidade ao ambiente.<\/p>\n<figure style=\"width: 1024px\" class=\"wp-caption aligncenter\"><img decoding=\"async\" src=\"https:\/\/www.aarquiteta.com.br\/blog\/wp-content\/uploads\/2025\/08\/maeira-freijo03.jpg\" alt=\"https:\/\/www.tuacasa.com.br\/maeira-freijo\/\" width=\"1024\" height=\"1024\" title=\"\"><figcaption class=\"wp-caption-text\">https:\/\/www.tuacasa.com.br\/maeira-freijo\/<\/figcaption><\/figure>\n<h3>3. Use na Mobili\u00e1rio e Detalhes Decorativos<\/h3>\n<p>Voc\u00ea pode utilizar o <b>freij\u00f3<\/b> em m\u00f3veis, como mesas e cadeiras. Mas tamb\u00e9m na decora\u00e7\u00e3o, como em prateleiras e acess\u00f3rios de parede. A madeira traz um toque r\u00fastico e elegante ao mesmo tempo.<\/p>\n<h3>4. Mantenha a Madeira Sempre Bem Conservada<\/h3>\n<p>Para que a madeira de <b>freij\u00f3<\/b> dure mais, \u00e9 essencial mant\u00ea-la limpa e protegida contra umidade. Use produtos espec\u00edficos para madeira e evite exposi\u00e7\u00e3o direta ao sol. Isso previne desgaste e descolora\u00e7\u00e3o.<\/p>\n<h3>5. Use na Decora\u00e7\u00e3o de Ambientes Abertos<\/h3>\n<p>O <b>freij\u00f3<\/b> tamb\u00e9m \u00e9 excelente para ambientes externos, como varandas e \u00e1reas de lazer. Sua durabilidade a torna uma escolha ideal para m\u00f3veis de jardim, que precisam suportar varia\u00e7\u00f5es clim\u00e1ticas. Crie um espa\u00e7o aconchegante e convidativo!<\/p>\n<table>\n<tr>\n<th>Dicas<\/th>\n<th>Descri\u00e7\u00e3o<\/th>\n<\/tr>\n<tr>\n<td>Escolha com cuidado<\/td>\n<td>Verifique a proced\u00eancia e qualidade da madeira.<\/td>\n<\/tr>\n<tr>\n<td>Combine com outras madeiras<\/td>\n<td>Crie contrastes interessantes com madeiras como mogno.<\/td>\n<\/tr>\n<tr>\n<td>Use em m\u00f3veis e decora\u00e7\u00e3o<\/td>\n<td>M\u00f3veis e detalhes decorativos trazem sofistica\u00e7\u00e3o ao ambiente.<\/td>\n<\/tr>\n<tr>\n<td>Mantenha a conserva\u00e7\u00e3o<\/td>\n<td>Limpeza e prote\u00e7\u00e3o s\u00e3o essenciais para a durabilidade.<\/td>\n<\/tr>\n<tr>\n<td>Ambientes externos<\/td>\n<td>Perfeita para varandas e jardins, resistindo \u00e0s intemp\u00e9ries.<\/td>\n<\/tr>\n<\/table>\n<p>Viu como as madeiras de freij\u00f3 podem transformar sua decora\u00e7\u00e3o? Aproveite essas <b>dicas<\/b> e experimente! Adoraria saber como voc\u00ea utiliza essa madeira em sua casa. Deixe um coment\u00e1rio e compartilhe suas experi\u00eancias! Al\u00e9m disso, n\u00e3o esque\u00e7a de conferir nossos outros artigos sobre decora\u00e7\u00e3o e interiores. At\u00e9 a pr\u00f3xima!<\/p>\n<p><div class=\"youtube-embed\" data-video_id=\"8d4HRm7-Pe8\"><iframe title=\"ONDE USAR MADEIRA FREIJ\u00d3?\" width=\"696\" height=\"392\" src=\"https:\/\/www.youtube.com\/embed\/8d4HRm7-Pe8?feature=oembed&#038;enablejsapi=1\" frameborder=\"0\" allow=\"accelerometer; autoplay; clipboard-write; encrypted-media; gyroscope; picture-in-picture; web-share\" referrerpolicy=\"strict-origin-when-cross-origin\" allowfullscreen><\/iframe><\/div><\/p>\n","protected":false},"excerpt":{"rendered":"<p>As 5 Melhores Dicas para Usar Madeiras de Freij\u00f3<\/p>\n","protected":false},"author":102,"featured_media":153633,"comment_status":"open","ping_status":"","sticky":false,"template":"","format":"standard","meta":{"footnotes":""},"categories":[249,1484],"tags":[],"class_list":["post-153636","post","type-post","status-publish","format-standard","has-post-thumbnail","category-engenharia-e-construcao-civil","category-decoracao"],"_wp_attached_file":null,"_wp_attachment_metadata":null,"_wp_attachment_context":null,"_wp_attachment_is_custom_header":null,"geo_longitude":null,"geo_public":null,"geo_latitude":null,"_publicize_done_external":null,"_wpas_done_3897181":null,"publicize_twitter_user":null,"_wpas_done_3897175":null,"_wpas_skip_3897181":null,"_wpas_skip_3897175":null,"_wpas_skip_3924723":null,"_wpas_mess":null,"_wpas_done_3924723":null,"wps_subtitle":"","_links":{"self":[{"href":"https:\/\/www.aarquiteta.com.br\/blog\/wp-json\/wp\/v2\/posts\/153636","targetHints":{"allow":["GET"]}}],"collection":[{"href":"https:\/\/www.aarquiteta.com.br\/blog\/wp-json\/wp\/v2\/posts"}],"about":[{"href":"https:\/\/www.aarquiteta.com.br\/blog\/wp-json\/wp\/v2\/types\/post"}],"author":[{"embeddable":true,"href":"https:\/\/www.aarquiteta.com.br\/blog\/wp-json\/wp\/v2\/users\/102"}],"replies":[{"embeddable":true,"href":"https:\/\/www.aarquiteta.com.br\/blog\/wp-json\/wp\/v2\/comments?post=153636"}],"version-history":[{"count":0,"href":"https:\/\/www.aarquiteta.com.br\/blog\/wp-json\/wp\/v2\/posts\/153636\/revisions"}],"wp:featuredmedia":[{"embeddable":true,"href":"https:\/\/www.aarquiteta.com.br\/blog\/wp-json\/wp\/v2\/media\/153633"}],"wp:attachment":[{"href":"https:\/\/www.aarquiteta.com.br\/blog\/wp-json\/wp\/v2\/media?parent=153636"}],"wp:term":[{"taxonomy":"category","embeddable":true,"href":"https:\/\/www.aarquiteta.com.br\/blog\/wp-json\/wp\/v2\/categories?post=153636"},{"taxonomy":"post_tag","embeddable":true,"href":"https:\/\/www.aarquiteta.com.br\/blog\/wp-json\/wp\/v2\/tags?post=153636"}],"curies":[{"name":"wp","href":"https:\/\/api.w.org\/{rel}","templated":true}]}}