{"id":153475,"date":"2025-08-15T12:01:56","date_gmt":"2025-08-15T15:01:56","guid":{"rendered":"https:\/\/www.aarquiteta.com.br\/blog\/ficus-ruby-caracteristicas-e-cuidados\/"},"modified":"2025-08-15T12:01:56","modified_gmt":"2025-08-15T15:01:56","slug":"ficus-ruby-caracteristicas-e-cuidados","status":"publish","type":"post","link":"https:\/\/www.aarquiteta.com.br\/blog\/ficus-ruby-caracteristicas-e-cuidados\/","title":{"rendered":"As 5 Melhores Dicas para Cuidar do Ficus Ruby"},"content":{"rendered":"<p>Se voc\u00ea ama plantas ou est\u00e1 come\u00e7ando agora a cuidar do verde em casa, voc\u00ea vai adorar o <b>Ficus Ruby<\/b>. Essa plantinha \u00e9 cheia de charme, com suas folhas verde-escuras e bordas rosadas. Al\u00e9m de ser uma planta <b>ex\u00f3tica<\/b>, \u00e9 muito f\u00e1cil de cuidar. Vamos descobrir como mant\u00ea-la saud\u00e1vel tamb\u00e9m!<\/p>\n<figure style=\"width: 1024px\" class=\"wp-caption aligncenter\"><img decoding=\"async\" src=\"https:\/\/www.aarquiteta.com.br\/blog\/wp-content\/uploads\/2025\/08\/ficus-ruby-caracteristicas-e-cuidados01.jpg\" alt=\"https:\/\/maniadeplantas.com.br\/internas\/ficus-ruby-caracteristicas-e-cuidados\/\" width=\"1024\" height=\"1024\" title=\"\"><figcaption class=\"wp-caption-text\">https:\/\/maniadeplantas.com.br\/internas\/ficus-ruby-caracteristicas-e-cuidados\/<\/figcaption><\/figure>\n<h3>1. Entenda as Necessidades de Ilumina\u00e7\u00e3o<\/h3>\n<p>A primeira dica que eu preciso compartilhar \u00e9 sobre a <b>ilumina\u00e7\u00e3o<\/b>. O Ficus Ruby gosta de luz, mas de forma indireta. Isso significa que ele precisa de um lugar iluminado, mas sem que a luz direta do sol possa queim\u00e1-lo. Coloc\u00e1-lo perto de uma janela onde recebe a luz suave da manh\u00e3 \u00e9 uma \u00f3tima op\u00e7\u00e3o!<\/p>\n<figure style=\"width: 1024px\" class=\"wp-caption aligncenter\"><img decoding=\"async\" src=\"https:\/\/www.aarquiteta.com.br\/blog\/wp-content\/uploads\/2025\/08\/ficus-ruby-caracteristicas-e-cuidados02.jpg\" alt=\"https:\/\/maniadeplantas.com.br\/internas\/ficus-ruby-caracteristicas-e-cuidados\/\" width=\"1024\" height=\"1024\" title=\"\"><figcaption class=\"wp-caption-text\">https:\/\/maniadeplantas.com.br\/internas\/ficus-ruby-caracteristicas-e-cuidados\/<\/figcaption><\/figure>\n<h3>2. Aten\u00e7\u00e3o na Rega!<\/h3>\n<p>A rega \u00e9 fundamental para a sa\u00fade da sua planta. Regue seu Ficus Ruby quando a camada superior do <b>substrato<\/b> estiver seca ao toque. Cuidado para n\u00e3o encharcar! O segredo \u00e9 dar \u00e1gua at\u00e9 escorrer pelo fundo do vaso, mas depois deixar o solo secar novamente.<\/p>\n<figure style=\"width: 1024px\" class=\"wp-caption aligncenter\"><img decoding=\"async\" src=\"https:\/\/www.aarquiteta.com.br\/blog\/wp-content\/uploads\/2025\/08\/ficus-ruby-caracteristicas-e-cuidados03.jpg\" alt=\"https:\/\/maniadeplantas.com.br\/internas\/ficus-ruby-caracteristicas-e-cuidados\/\" width=\"1024\" height=\"1024\" title=\"\"><figcaption class=\"wp-caption-text\">https:\/\/maniadeplantas.com.br\/internas\/ficus-ruby-caracteristicas-e-cuidados\/<\/figcaption><\/figure>\n<h3>3. Aduba\u00e7\u00e3o Regular<\/h3>\n<p>Para que seu Ficus Ruby cres\u00e7a bonito e saud\u00e1vel, aplique um <b>fertilizante l\u00edquido<\/b> equilibrado a cada m\u00eas, principalmente na primavera e ver\u00e3o. Dilua o fertilizante para que n\u00e3o sobrecarregue a planta. Isso far\u00e1 maravilhas pela sua sa\u00fade!<\/p>\n<h3>4. Escolha do Substrato Ideal<\/h3>\n<p>Escolha um substrato que seja leve e drene bem. Uma excelente mistura \u00e9 uma parte de <b>terra para vasos<\/b>, uma parte de perlita e uma parte de casca de pinus ou turfa. Isso garante que as ra\u00edzes do Ficus Ruby n\u00e3o fiquem empapadas.<\/p>\n<h3>5. Poda oportuna<\/h3>\n<p>Por \u00faltimo, n\u00e3o esque\u00e7a da <b>poda<\/b>. Se a sua planta crescer demais, voc\u00ea pode podar os galhos para manter a forma que voc\u00ea deseja. Isso ajudar\u00e1 a estimular o crescimento de novas folhas e deixar\u00e1 seu Ficus Ruby ainda mais bonito!<\/p>\n<table>\n<tr>\n<th>Dica<\/th>\n<th>Detalhes<\/th>\n<\/tr>\n<tr>\n<td>1. Ilumina\u00e7\u00e3o<\/td>\n<td>Luz indireta, perto de janelas<\/td>\n<\/tr>\n<tr>\n<td>2. Rega<\/td>\n<td>Regar quando o substrato estiver seco<\/td>\n<\/tr>\n<tr>\n<td>3. Aduba\u00e7\u00e3o<\/td>\n<td>Fertilizante l\u00edquido mensal<\/td>\n<\/tr>\n<tr>\n<td>4. Substrato<\/td>\n<td>Terra para vasos + perlita + casca de pinus<\/td>\n<\/tr>\n<tr>\n<td>5. Poda<\/td>\n<td>Controlar o crescimento e manter a forma<\/td>\n<\/tr>\n<\/table>\n<p>Cuidar do <b>Ficus Ruby<\/b> pode ser uma experi\u00eancia muito gratificante. Com essas dicas, tenho certeza que sua plantinha ficar\u00e1 linda e saud\u00e1vel. Agora, que tal come\u00e7ar a cuidar do seu Ficus Ruby e compartilhar suas experi\u00eancias conosco? N\u00e3o se esque\u00e7a de comentar e contar como est\u00e1 sendo!<\/p>\n<p><div class=\"youtube-embed\" data-video_id=\"wPqSz4J14II\"><iframe title=\"How to Grow Ficus Elastica &#039;Ruby&#039; As An Indoor Houseplant\" width=\"696\" height=\"392\" src=\"https:\/\/www.youtube.com\/embed\/wPqSz4J14II?feature=oembed&#038;enablejsapi=1\" frameborder=\"0\" allow=\"accelerometer; autoplay; clipboard-write; encrypted-media; gyroscope; picture-in-picture; web-share\" referrerpolicy=\"strict-origin-when-cross-origin\" allowfullscreen><\/iframe><\/div><\/p>\n","protected":false},"excerpt":{"rendered":"<p>As 5 Melhores Dicas para Cuidar do Ficus Ruby<\/p>\n","protected":false},"author":102,"featured_media":153472,"comment_status":"open","ping_status":"","sticky":false,"template":"","format":"standard","meta":{"footnotes":""},"categories":[9612],"tags":[],"class_list":["post-153475","post","type-post","status-publish","format-standard","has-post-thumbnail","category-jardinagem"],"_wp_attached_file":null,"_wp_attachment_metadata":null,"_wp_attachment_context":null,"_wp_attachment_is_custom_header":null,"geo_longitude":null,"geo_public":null,"geo_latitude":null,"_publicize_done_external":null,"_wpas_done_3897181":null,"publicize_twitter_user":null,"_wpas_done_3897175":null,"_wpas_skip_3897181":null,"_wpas_skip_3897175":null,"_wpas_skip_3924723":null,"_wpas_mess":null,"_wpas_done_3924723":null,"wps_subtitle":"","_links":{"self":[{"href":"https:\/\/www.aarquiteta.com.br\/blog\/wp-json\/wp\/v2\/posts\/153475","targetHints":{"allow":["GET"]}}],"collection":[{"href":"https:\/\/www.aarquiteta.com.br\/blog\/wp-json\/wp\/v2\/posts"}],"about":[{"href":"https:\/\/www.aarquiteta.com.br\/blog\/wp-json\/wp\/v2\/types\/post"}],"author":[{"embeddable":true,"href":"https:\/\/www.aarquiteta.com.br\/blog\/wp-json\/wp\/v2\/users\/102"}],"replies":[{"embeddable":true,"href":"https:\/\/www.aarquiteta.com.br\/blog\/wp-json\/wp\/v2\/comments?post=153475"}],"version-history":[{"count":0,"href":"https:\/\/www.aarquiteta.com.br\/blog\/wp-json\/wp\/v2\/posts\/153475\/revisions"}],"wp:featuredmedia":[{"embeddable":true,"href":"https:\/\/www.aarquiteta.com.br\/blog\/wp-json\/wp\/v2\/media\/153472"}],"wp:attachment":[{"href":"https:\/\/www.aarquiteta.com.br\/blog\/wp-json\/wp\/v2\/media?parent=153475"}],"wp:term":[{"taxonomy":"category","embeddable":true,"href":"https:\/\/www.aarquiteta.com.br\/blog\/wp-json\/wp\/v2\/categories?post=153475"},{"taxonomy":"post_tag","embeddable":true,"href":"https:\/\/www.aarquiteta.com.br\/blog\/wp-json\/wp\/v2\/tags?post=153475"}],"curies":[{"name":"wp","href":"https:\/\/api.w.org\/{rel}","templated":true}]}}