{"id":153460,"date":"2025-08-14T12:02:11","date_gmt":"2025-08-14T15:02:11","guid":{"rendered":"https:\/\/www.aarquiteta.com.br\/blog\/azulzinha\/"},"modified":"2025-08-14T12:02:11","modified_gmt":"2025-08-14T15:02:11","slug":"azulzinha","status":"publish","type":"post","link":"https:\/\/www.aarquiteta.com.br\/blog\/azulzinha\/","title":{"rendered":"As 5 Melhores Dicas para Cultivar a Azulzinha"},"content":{"rendered":"<p><b>A azulzinha, ou Evolvulus glomeratus, \u00e9 um arbusto encantador que traz flores azuis para o seu jardim.<\/b> Neste artigo, vou compartilhar as 5 melhores dicas para cultivar essa beleza nativa da Am\u00e9rica do Sul. Vamos l\u00e1?<\/p>\n<figure style=\"width: 1024px\" class=\"wp-caption aligncenter\"><img decoding=\"async\" src=\"https:\/\/www.aarquiteta.com.br\/blog\/wp-content\/uploads\/2025\/08\/azulzinha01.jpg\" alt=\"https:\/\/maniadeplantas.com.br\/externas\/azulzinha\/\" width=\"1024\" height=\"1024\" title=\"\"><figcaption class=\"wp-caption-text\">https:\/\/maniadeplantas.com.br\/externas\/azulzinha\/<\/figcaption><\/figure>\n<h3>1. Escolha do Local Ideal<\/h3>\n<p>Para que sua <b>azulzinha<\/b> cres\u00e7a saud\u00e1vel, escolha um local que receba bastante luz solar. Ela adora ambientes iluminados, ent\u00e3o, se voc\u00ea puder, plante em um lugar onde pegue sol direto por v\u00e1rias horas.<\/p>\n<figure style=\"width: 1024px\" class=\"wp-caption aligncenter\"><img decoding=\"async\" src=\"https:\/\/www.aarquiteta.com.br\/blog\/wp-content\/uploads\/2025\/08\/azulzinha02.jpg\" alt=\"https:\/\/maniadeplantas.com.br\/externas\/azulzinha\/\" width=\"1024\" height=\"1024\" title=\"\"><figcaption class=\"wp-caption-text\">https:\/\/maniadeplantas.com.br\/externas\/azulzinha\/<\/figcaption><\/figure>\n<h3>2. Solo Bem Drenado<\/h3>\n<p>Um <b>solo f\u00e9rtil e bem drenado<\/b> \u00e9 essencial. Misture mat\u00e9ria org\u00e2nica, como h\u00famus ou compostagem, para garantir que a planta tenha todos os nutrientes necess\u00e1rios. Um bom solo ajuda na flora\u00e7\u00e3o e na resist\u00eancia da planta.<\/p>\n<figure style=\"width: 1024px\" class=\"wp-caption aligncenter\"><img decoding=\"async\" src=\"https:\/\/www.aarquiteta.com.br\/blog\/wp-content\/uploads\/2025\/08\/azulzinha03.jpg\" alt=\"https:\/\/maniadeplantas.com.br\/externas\/azulzinha\/\" width=\"1024\" height=\"1024\" title=\"\"><figcaption class=\"wp-caption-text\">https:\/\/maniadeplantas.com.br\/externas\/azulzinha\/<\/figcaption><\/figure>\n<h3>3. Rega Moderada<\/h3>\n<p>Mantenha o solo <b>\u00famido, mas n\u00e3o encharcado<\/b>. A azulzinha prefere um solo que retenha umidade, mas o excesso de \u00e1gua pode causar problemas nas ra\u00edzes. Regule a frequ\u00eancia com base nas condi\u00e7\u00f5es clim\u00e1ticas.<\/p>\n<h3>4. Multiplica\u00e7\u00e3o por Estacas<\/h3>\n<p>Se quiser ter mais <b>azulzinhas<\/b> no seu espa\u00e7o, a propaga\u00e7\u00e3o por estacas \u00e9 super f\u00e1cil! Corte ramos de aproximadamente 10 cm, remova as folhas inferiores e plante em um substrato umedecido. Em dias, voc\u00ea ver\u00e1 ra\u00edzes surgirem!<\/p>\n<h3>5. Controle de Pragas<\/h3>\n<p>Fique atento a poss\u00edveis <b>pragas<\/b> como cochonilhas e pulg\u00f5es, que podem prejudicar suas plantas. Uma solu\u00e7\u00e3o eficiente \u00e9 a aplica\u00e7\u00e3o de \u00f3leo de neem. E n\u00e3o esque\u00e7a de podar regularmente para manter a sa\u00fade da planta.<\/p>\n<table>\n<tr>\n<th>Dica<\/th>\n<th>Descri\u00e7\u00e3o<\/th>\n<\/tr>\n<tr>\n<td>Local Ideal<\/td>\n<td>Escolha um lugar ensolarado.<\/td>\n<\/tr>\n<tr>\n<td>Solo<\/td>\n<td>Use solo f\u00e9rtil e bem drenado.<\/td>\n<\/tr>\n<tr>\n<td>Rega<\/td>\n<td>Regue moderadamente, sem encharcar.<\/td>\n<\/tr>\n<tr>\n<td>Multiplica\u00e7\u00e3o<\/td>\n<td>Use estacas para propagar a planta.<\/td>\n<\/tr>\n<tr>\n<td>Controle de Pragas<\/td>\n<td>Contenha pragas com \u00f3leo de neem.<\/td>\n<\/tr>\n<\/table>\n<p>Ent\u00e3o, se voc\u00ea est\u00e1 pensando em cultivar a <b>azulzinha<\/b>, siga essas dicas valiosas! Essas flores azuis v\u00e3o iluminar o seu jardim de maneira incr\u00edvel. <b>Experimente e compartilhe suas experi\u00eancias!<\/b> Como sempre, fique \u00e0 vontade para comentar ou entrar em contato se tiver d\u00favidas. E n\u00e3o se esque\u00e7a de conferir os outros conte\u00fados do blog para mais dicas de jardinagem!<\/p>\n<p><div class=\"youtube-embed\" data-video_id=\"EGupMUInmnQ\"><iframe title=\"Azulzinha, como cultivar azulzinha...\" width=\"696\" height=\"392\" src=\"https:\/\/www.youtube.com\/embed\/EGupMUInmnQ?feature=oembed&#038;enablejsapi=1\" frameborder=\"0\" allow=\"accelerometer; autoplay; clipboard-write; encrypted-media; gyroscope; picture-in-picture; web-share\" referrerpolicy=\"strict-origin-when-cross-origin\" allowfullscreen><\/iframe><\/div><\/p>\n","protected":false},"excerpt":{"rendered":"<p>As 5 Melhores Dicas para Cultivar a Azulzinha<\/p>\n","protected":false},"author":102,"featured_media":153457,"comment_status":"open","ping_status":"","sticky":false,"template":"","format":"standard","meta":{"footnotes":""},"categories":[9612],"tags":[],"class_list":["post-153460","post","type-post","status-publish","format-standard","has-post-thumbnail","category-jardinagem"],"_wp_attached_file":null,"_wp_attachment_metadata":null,"_wp_attachment_context":null,"_wp_attachment_is_custom_header":null,"geo_longitude":null,"geo_public":null,"geo_latitude":null,"_publicize_done_external":null,"_wpas_done_3897181":null,"publicize_twitter_user":null,"_wpas_done_3897175":null,"_wpas_skip_3897181":null,"_wpas_skip_3897175":null,"_wpas_skip_3924723":null,"_wpas_mess":null,"_wpas_done_3924723":null,"wps_subtitle":"","_links":{"self":[{"href":"https:\/\/www.aarquiteta.com.br\/blog\/wp-json\/wp\/v2\/posts\/153460","targetHints":{"allow":["GET"]}}],"collection":[{"href":"https:\/\/www.aarquiteta.com.br\/blog\/wp-json\/wp\/v2\/posts"}],"about":[{"href":"https:\/\/www.aarquiteta.com.br\/blog\/wp-json\/wp\/v2\/types\/post"}],"author":[{"embeddable":true,"href":"https:\/\/www.aarquiteta.com.br\/blog\/wp-json\/wp\/v2\/users\/102"}],"replies":[{"embeddable":true,"href":"https:\/\/www.aarquiteta.com.br\/blog\/wp-json\/wp\/v2\/comments?post=153460"}],"version-history":[{"count":0,"href":"https:\/\/www.aarquiteta.com.br\/blog\/wp-json\/wp\/v2\/posts\/153460\/revisions"}],"wp:featuredmedia":[{"embeddable":true,"href":"https:\/\/www.aarquiteta.com.br\/blog\/wp-json\/wp\/v2\/media\/153457"}],"wp:attachment":[{"href":"https:\/\/www.aarquiteta.com.br\/blog\/wp-json\/wp\/v2\/media?parent=153460"}],"wp:term":[{"taxonomy":"category","embeddable":true,"href":"https:\/\/www.aarquiteta.com.br\/blog\/wp-json\/wp\/v2\/categories?post=153460"},{"taxonomy":"post_tag","embeddable":true,"href":"https:\/\/www.aarquiteta.com.br\/blog\/wp-json\/wp\/v2\/tags?post=153460"}],"curies":[{"name":"wp","href":"https:\/\/api.w.org\/{rel}","templated":true}]}}