{"id":153435,"date":"2025-08-12T21:02:16","date_gmt":"2025-08-13T00:02:16","guid":{"rendered":"https:\/\/www.aarquiteta.com.br\/blog\/5-tendencias-em-iluminacao-solar-para-transformar-seu-jardim\/"},"modified":"2025-08-12T21:02:16","modified_gmt":"2025-08-13T00:02:16","slug":"5-tendencias-em-iluminacao-solar-para-transformar-seu-jardim","status":"publish","type":"post","link":"https:\/\/www.aarquiteta.com.br\/blog\/5-tendencias-em-iluminacao-solar-para-transformar-seu-jardim\/","title":{"rendered":"5 Tend\u00eancias em Ilumina\u00e7\u00e3o Solar para Transformar Seu Jardim"},"content":{"rendered":"<p>Voc\u00ea sabia que pode transformar seu jardim com ilumina\u00e7\u00e3o solar de maneira sustent\u00e1vel? Vamos explorar cinco tend\u00eancias que v\u00e3o dar um brilho especial ao seu espa\u00e7o.<\/p>\n<figure style=\"width: 1024px\" class=\"wp-caption aligncenter\"><img decoding=\"async\" src=\"https:\/\/www.aarquiteta.com.br\/blog\/wp-content\/uploads\/2025\/08\/01.jpg\" alt=\"https:\/\/www.lorddecor.com\/blog\/solar-lighting-an-eco-friendly-way-to-enhance-your-garden-and-outdoor-space\" width=\"1024\" height=\"1024\" title=\"\"><figcaption class=\"wp-caption-text\">https:\/\/www.lorddecor.com\/blog\/solar-lighting-an-eco-friendly-way-to-enhance-your-garden-and-outdoor-space<\/figcaption><\/figure>\n<p>A ilumina\u00e7\u00e3o solar \u00e9 uma op\u00e7\u00e3o cada vez mais <b>popular<\/b> entre os amantes da sustentabilidade. N\u00e3o s\u00f3 economiza energia e diminui seu impacto ambiental, como tamb\u00e9m embeleza o ambiente. Aqui, vou compartilhar cinco tend\u00eancias incr\u00edveis de ilumina\u00e7\u00e3o solar que v\u00e3o deixar seu jardim ainda mais elegante.<\/p>\n<figure style=\"width: 1024px\" class=\"wp-caption aligncenter\"><img decoding=\"async\" src=\"https:\/\/www.aarquiteta.com.br\/blog\/wp-content\/uploads\/2025\/08\/02.jpg\" alt=\"https:\/\/www.lorddecor.com\/blog\/solar-lighting-an-eco-friendly-way-to-enhance-your-garden-and-outdoor-space\" width=\"1024\" height=\"1024\" title=\"\"><figcaption class=\"wp-caption-text\">https:\/\/www.lorddecor.com\/blog\/solar-lighting-an-eco-friendly-way-to-enhance-your-garden-and-outdoor-space<\/figcaption><\/figure>\n<h3>Tend\u00eancia 1: Luzes de Caminho Solar<\/h3>\n<p>As <b>luzes de caminho<\/b> s\u00e3o perfeitas para guiar visitantes por trilhas e entradas. Elas v\u00eam em diversos estilos e tamanhos, mas o que importa \u00e9 que muitas est\u00e3o equipadas com tecnologia LED que garante maior efici\u00eancia.<\/p>\n<figure style=\"width: 1024px\" class=\"wp-caption aligncenter\"><img decoding=\"async\" src=\"https:\/\/www.aarquiteta.com.br\/blog\/wp-content\/uploads\/2025\/08\/03.jpg\" alt=\"https:\/\/www.lorddecor.com\/blog\/solar-lighting-an-eco-friendly-way-to-enhance-your-garden-and-outdoor-space\" width=\"1024\" height=\"1024\" title=\"\"><figcaption class=\"wp-caption-text\">https:\/\/www.lorddecor.com\/blog\/solar-lighting-an-eco-friendly-way-to-enhance-your-garden-and-outdoor-space<\/figcaption><\/figure>\n<h3>Tend\u00eancia 2: Lanternas Decorativas<\/h3>\n<p>As <b>lanternas decorativas<\/b> t\u00eam ganhado bastante espa\u00e7o. Elas n\u00e3o apenas iluminam, mas tamb\u00e9m servem como pe\u00e7as de destaque na decora\u00e7\u00e3o do seu jardim.<\/p>\n<h3>Tend\u00eancia 3: Fitas de Luz Solar<\/h3>\n<p>As <b>fitas de luz<\/b> s\u00e3o ideais para quem busca um toque mais l\u00fadico. Voc\u00ea pode us\u00e1-las em arbustos, \u00e1rvores ou at\u00e9 em p\u00e9rgolas, criando um efeito encantador nas noites de ver\u00e3o.<\/p>\n<h3>Tend\u00eancia 4: Projetores de Luz Solar<\/h3>\n<p>Com <b>projetores de luz<\/b> solares, voc\u00ea pode destacar elementos espec\u00edficos do seu jardim, como esculturas e belas plantas. Esse tipo de ilumina\u00e7\u00e3o traz um charme todo especial \u00e0s noites estreladas.<\/p>\n<h3>Tend\u00eancia 5: Ilumina\u00e7\u00e3o Inteligente<\/h3>\n<p>Por fim, a <b>ilumina\u00e7\u00e3o inteligente<\/b> est\u00e1 se tornando uma realidade. Algumas luzes solares agora permitem programa\u00e7\u00e3o atrav\u00e9s de aplicativos no celular, oferecendo mais controle e personaliza\u00e7\u00e3o.<\/p>\n<table>\n<tr>\n<th>Tend\u00eancia<\/th>\n<th>Descri\u00e7\u00e3o<\/th>\n<\/tr>\n<tr>\n<td>Luzes de Caminho Solar<\/td>\n<td>Ilumina\u00e7\u00e3o que guia visitantes pelo jardim.<\/td>\n<\/tr>\n<tr>\n<td>Lanternas Decorativas<\/td>\n<td>Pe\u00e7as que iluminam e decoram simultaneamente.<\/td>\n<\/tr>\n<tr>\n<td>Fitas de Luz Solar<\/td>\n<td>Estilo l\u00fadico e vers\u00e1til para diversas aplica\u00e7\u00f5es.<\/td>\n<\/tr>\n<tr>\n<td>Projetores de Luz Solar<\/td>\n<td>Destaca elementos especiais no jardim.<\/td>\n<\/tr>\n<tr>\n<td>Ilumina\u00e7\u00e3o Inteligente<\/td>\n<td>Controle via app para personaliza\u00e7\u00e3o.<\/td>\n<\/tr>\n<\/table>\n<p>Essas <b>tend\u00eancias<\/b> s\u00e3o apenas o come\u00e7o de como voc\u00ea pode transformar seu espa\u00e7o externo. A ilumina\u00e7\u00e3o solar \u00e9 uma escolha inteligente que combina estilo e sustentabilidade.<\/p>\n<p><div class=\"youtube-embed\" data-video_id=\"1QzNuF3v8UY\"><iframe title=\"lumin\u00e1ria solar led\" width=\"696\" height=\"392\" src=\"https:\/\/www.youtube.com\/embed\/1QzNuF3v8UY?feature=oembed&#038;enablejsapi=1\" frameborder=\"0\" allow=\"accelerometer; autoplay; clipboard-write; encrypted-media; gyroscope; picture-in-picture; web-share\" referrerpolicy=\"strict-origin-when-cross-origin\" allowfullscreen><\/iframe><\/div>\n<\/p>\n<p>Agora, que tal inverter a sua ilumina\u00e7\u00e3o e come\u00e7ar a planejar seu projeto de jardim? Comente suas ideias ou d\u00favidas abaixo e continue navegando por mais dicas que v\u00e3o deixar sua casa ainda mais incr\u00edvel!<\/p>\n","protected":false},"excerpt":{"rendered":"<p>5 Tend\u00eancias em Ilumina\u00e7\u00e3o Solar para Transformar Seu Jardim<\/p>\n","protected":false},"author":102,"featured_media":153432,"comment_status":"open","ping_status":"","sticky":false,"template":"","format":"standard","meta":{"footnotes":""},"categories":[1484],"tags":[],"class_list":["post-153435","post","type-post","status-publish","format-standard","has-post-thumbnail","category-decoracao"],"_wp_attached_file":null,"_wp_attachment_metadata":null,"_wp_attachment_context":null,"_wp_attachment_is_custom_header":null,"geo_longitude":null,"geo_public":null,"geo_latitude":null,"_publicize_done_external":null,"_wpas_done_3897181":null,"publicize_twitter_user":null,"_wpas_done_3897175":null,"_wpas_skip_3897181":null,"_wpas_skip_3897175":null,"_wpas_skip_3924723":null,"_wpas_mess":null,"_wpas_done_3924723":null,"wps_subtitle":"","_links":{"self":[{"href":"https:\/\/www.aarquiteta.com.br\/blog\/wp-json\/wp\/v2\/posts\/153435","targetHints":{"allow":["GET"]}}],"collection":[{"href":"https:\/\/www.aarquiteta.com.br\/blog\/wp-json\/wp\/v2\/posts"}],"about":[{"href":"https:\/\/www.aarquiteta.com.br\/blog\/wp-json\/wp\/v2\/types\/post"}],"author":[{"embeddable":true,"href":"https:\/\/www.aarquiteta.com.br\/blog\/wp-json\/wp\/v2\/users\/102"}],"replies":[{"embeddable":true,"href":"https:\/\/www.aarquiteta.com.br\/blog\/wp-json\/wp\/v2\/comments?post=153435"}],"version-history":[{"count":0,"href":"https:\/\/www.aarquiteta.com.br\/blog\/wp-json\/wp\/v2\/posts\/153435\/revisions"}],"wp:featuredmedia":[{"embeddable":true,"href":"https:\/\/www.aarquiteta.com.br\/blog\/wp-json\/wp\/v2\/media\/153432"}],"wp:attachment":[{"href":"https:\/\/www.aarquiteta.com.br\/blog\/wp-json\/wp\/v2\/media?parent=153435"}],"wp:term":[{"taxonomy":"category","embeddable":true,"href":"https:\/\/www.aarquiteta.com.br\/blog\/wp-json\/wp\/v2\/categories?post=153435"},{"taxonomy":"post_tag","embeddable":true,"href":"https:\/\/www.aarquiteta.com.br\/blog\/wp-json\/wp\/v2\/tags?post=153435"}],"curies":[{"name":"wp","href":"https:\/\/api.w.org\/{rel}","templated":true}]}}