{"id":153383,"date":"2025-08-09T07:31:21","date_gmt":"2025-08-09T10:31:21","guid":{"rendered":"https:\/\/www.aarquiteta.com.br\/blog\/sofa-rosa\/"},"modified":"2025-08-09T07:31:21","modified_gmt":"2025-08-09T10:31:21","slug":"sofa-rosa","status":"publish","type":"post","link":"https:\/\/www.aarquiteta.com.br\/blog\/sofa-rosa\/","title":{"rendered":"10 Inspira\u00e7\u00f5es de Sof\u00e1 Rosa que V\u00e3o Transformar Seu Ambiente"},"content":{"rendered":"<p>Quer dar um <b>toque especial<\/b> na sua casa? Um sof\u00e1 rosa pode ser a solu\u00e7\u00e3o perfeita! Ele traz cor, estilo e personalidade para qualquer ambiente. Vamos explorar algumas inspira\u00e7\u00f5es incr\u00edveis que v\u00e3o transformar seu espa\u00e7o!<\/p>\n<figure style=\"width: 1024px\" class=\"wp-caption aligncenter\"><img decoding=\"async\" src=\"https:\/\/www.aarquiteta.com.br\/blog\/wp-content\/uploads\/2025\/08\/sofa-rosa01.jpg\" alt=\"https:\/\/www.tuacasa.com.br\/sofa-rosa\/\" width=\"1024\" height=\"1024\" title=\"\"><figcaption class=\"wp-caption-text\">https:\/\/www.tuacasa.com.br\/sofa-rosa\/<\/figcaption><\/figure>\n<h3>1. Sof\u00e1 Rosa na Sala de Estar<\/h3>\n<p>Um sof\u00e1 rosa \u00e9 uma <b>escolha vibrante<\/b> para a sala de estar. Ele se destaca e traz um ar descontra\u00eddo \u00e0 decora\u00e7\u00e3o. Perfeito para quem busca algo diferente!<\/p>\n<figure style=\"width: 1024px\" class=\"wp-caption aligncenter\"><img decoding=\"async\" src=\"https:\/\/www.aarquiteta.com.br\/blog\/wp-content\/uploads\/2025\/08\/sofa-rosa02.jpg\" alt=\"https:\/\/www.tuacasa.com.br\/sofa-rosa\/\" width=\"1024\" height=\"1024\" title=\"\"><figcaption class=\"wp-caption-text\">https:\/\/www.tuacasa.com.br\/sofa-rosa\/<\/figcaption><\/figure>\n<h3>2. Versatilidade nas Cores<\/h3>\n<p>Sabe qual \u00e9 a melhor parte? O sof\u00e1 rosa combina com <b>v\u00e1rios estilos<\/b> de decora\u00e7\u00e3o. Desde o moderno at\u00e9 o vintage, a cor se adapta a qualquer ambiente.<\/p>\n<figure style=\"width: 1024px\" class=\"wp-caption aligncenter\"><img decoding=\"async\" src=\"https:\/\/www.aarquiteta.com.br\/blog\/wp-content\/uploads\/2025\/08\/sofa-rosa03.jpg\" alt=\"https:\/\/www.tuacasa.com.br\/sofa-rosa\/\" width=\"1024\" height=\"1024\" title=\"\"><figcaption class=\"wp-caption-text\">https:\/\/www.tuacasa.com.br\/sofa-rosa\/<\/figcaption><\/figure>\n<h3>3. Destaque ou Harmonia?<\/h3>\n<p>Voc\u00ea pode usar o sof\u00e1 como <b>ponto focal<\/b> da sala ou deix\u00e1-lo integrado \u00e0 decora\u00e7\u00e3o. O importante \u00e9 que ele traga equil\u00edbrio ao espa\u00e7o.<\/p>\n<h3>4. Tons de Rosa<\/h3>\n<p>Seja um sof\u00e1 rosa pink, quartzo ou claro, todos os tons s\u00e3o <b>interessantes<\/b> e podem criar diferentes atmosferas. A escolha do tom faz toda a diferen\u00e7a!<\/p>\n<h3>5. Combina\u00e7\u00f5es Ideais<\/h3>\n<p>Rosa fica lindo com outras cores. Que tal combinar com verde ou cinza? Essas <b>combina\u00e7\u00f5es primorosas<\/b> v\u00e3o trazer um charme extra para a sua casa.<\/p>\n<h3>6. Detalhes que Encantam<\/h3>\n<p>Almofadas coloridas ou um pufe no mesmo tom do sof\u00e1 aumentam <b>o charme<\/b> e a personalidade do ambiente. Detalhes s\u00e3o fundamentais na decora\u00e7\u00e3o!<\/p>\n<h3>7. Sof\u00e1 Rosa em Outros Ambientes<\/h3>\n<p>O sof\u00e1 rosa n\u00e3o precisa ficar restrito \u00e0 sala de estar. Ele pode ser uma <b>\u00f3tima op\u00e7\u00e3o<\/b> para escrit\u00f3rios, salas de espera e at\u00e9 varandas!<\/p>\n<p><div class=\"youtube-embed\" data-video_id=\"XGsC73RQbCo\"><iframe title=\"Sof\u00e1 Pop Rosa\" width=\"696\" height=\"392\" src=\"https:\/\/www.youtube.com\/embed\/XGsC73RQbCo?feature=oembed&#038;enablejsapi=1\" frameborder=\"0\" allow=\"accelerometer; autoplay; clipboard-write; encrypted-media; gyroscope; picture-in-picture; web-share\" referrerpolicy=\"strict-origin-when-cross-origin\" allowfullscreen><\/iframe><\/div>\n<\/p>\n<h3>8. Crie um Espa\u00e7o Aconchegante<\/h3>\n<p>Invista em um sof\u00e1 rosa confort\u00e1vel, como um retr\u00e1til, para criar um ambiente <b>aconchegante<\/b> que vai convidar voc\u00ea a passar horas ali relaxando.<\/p>\n<h3>9. Dicas Pr\u00e1ticas para Uso<\/h3>\n<ul>\n<li><b>Harmonize<\/b> com os m\u00f3veis existentes.<\/li>\n<li><b>Access\u00f3rios<\/b> em cores complementares adicionam profundidade.<\/li>\n<li><b>N\u00e3o tenha medo<\/b> de ousar em misturas.<\/li>\n<\/ul>\n<h3>10. O Toque Final<\/h3>\n<p>Escolher o sof\u00e1 rosa certo pode transformar o seu lar. Uma escolha inteligente \u00e9 a chave para criar um espa\u00e7o que <b>reflete sua personalidade<\/b>.<\/p>\n<table>\n<tr>\n<th>Elementos<\/th>\n<th>Dicas<\/th>\n<\/tr>\n<tr>\n<td>Tons de Rosa<\/td>\n<td>Escolha entre pink, quartzo ou claro.<\/td>\n<\/tr>\n<tr>\n<td>Combina\u00e7\u00f5es de Cores<\/td>\n<td>Use com verde, cinza ou at\u00e9 amarelo.<\/td>\n<\/tr>\n<tr>\n<td>Ambientes<\/td>\n<td>Sala de estar, escrit\u00f3rio ou varanda.<\/td>\n<\/tr>\n<tr>\n<td>Detalhes<\/td>\n<td>Invista em almofadas e pufes.<\/td>\n<\/tr>\n<\/table>\n<p><b>Pronto para transformar sua sala?<\/b> Com um sof\u00e1 rosa, a sua casa pode ganhar uma nova vida. Que tal compartilhar essa ideia com algu\u00e9m que tamb\u00e9m ama decora\u00e7\u00e3o? Vamos juntos explorar mais possibilidades para criar o lar dos sonhos!<\/p>\n","protected":false},"excerpt":{"rendered":"<p>10 Inspira\u00e7\u00f5es de Sof\u00e1 Rosa que V\u00e3o Transformar Seu Ambiente<\/p>\n","protected":false},"author":102,"featured_media":153380,"comment_status":"open","ping_status":"","sticky":false,"template":"","format":"standard","meta":{"footnotes":""},"categories":[1484],"tags":[],"class_list":["post-153383","post","type-post","status-publish","format-standard","has-post-thumbnail","category-decoracao"],"_wp_attached_file":null,"_wp_attachment_metadata":null,"_wp_attachment_context":null,"_wp_attachment_is_custom_header":null,"geo_longitude":null,"geo_public":null,"geo_latitude":null,"_publicize_done_external":null,"_wpas_done_3897181":null,"publicize_twitter_user":null,"_wpas_done_3897175":null,"_wpas_skip_3897181":null,"_wpas_skip_3897175":null,"_wpas_skip_3924723":null,"_wpas_mess":null,"_wpas_done_3924723":null,"wps_subtitle":"","_links":{"self":[{"href":"https:\/\/www.aarquiteta.com.br\/blog\/wp-json\/wp\/v2\/posts\/153383","targetHints":{"allow":["GET"]}}],"collection":[{"href":"https:\/\/www.aarquiteta.com.br\/blog\/wp-json\/wp\/v2\/posts"}],"about":[{"href":"https:\/\/www.aarquiteta.com.br\/blog\/wp-json\/wp\/v2\/types\/post"}],"author":[{"embeddable":true,"href":"https:\/\/www.aarquiteta.com.br\/blog\/wp-json\/wp\/v2\/users\/102"}],"replies":[{"embeddable":true,"href":"https:\/\/www.aarquiteta.com.br\/blog\/wp-json\/wp\/v2\/comments?post=153383"}],"version-history":[{"count":0,"href":"https:\/\/www.aarquiteta.com.br\/blog\/wp-json\/wp\/v2\/posts\/153383\/revisions"}],"wp:featuredmedia":[{"embeddable":true,"href":"https:\/\/www.aarquiteta.com.br\/blog\/wp-json\/wp\/v2\/media\/153380"}],"wp:attachment":[{"href":"https:\/\/www.aarquiteta.com.br\/blog\/wp-json\/wp\/v2\/media?parent=153383"}],"wp:term":[{"taxonomy":"category","embeddable":true,"href":"https:\/\/www.aarquiteta.com.br\/blog\/wp-json\/wp\/v2\/categories?post=153383"},{"taxonomy":"post_tag","embeddable":true,"href":"https:\/\/www.aarquiteta.com.br\/blog\/wp-json\/wp\/v2\/tags?post=153383"}],"curies":[{"name":"wp","href":"https:\/\/api.w.org\/{rel}","templated":true}]}}