{"id":153314,"date":"2025-08-04T07:31:27","date_gmt":"2025-08-04T10:31:27","guid":{"rendered":"https:\/\/www.aarquiteta.com.br\/blog\/estante-para-banheiro\/"},"modified":"2025-08-04T07:31:27","modified_gmt":"2025-08-04T10:31:27","slug":"estante-para-banheiro","status":"publish","type":"post","link":"https:\/\/www.aarquiteta.com.br\/blog\/estante-para-banheiro\/","title":{"rendered":"7 Inova\u00e7\u00f5es para Estantes de Banheiro que Transformam seu Espa\u00e7o"},"content":{"rendered":"<p><b>Transformar seu banheiro pode ser simples!<\/b> Estantes inovadoras trazem charme e funcionalidade, otimizando espa\u00e7os e garantindo um ambiente organizado.<\/p>\n<figure style=\"width: 1024px\" class=\"wp-caption aligncenter\"><img decoding=\"async\" src=\"https:\/\/www.aarquiteta.com.br\/blog\/wp-content\/uploads\/2025\/08\/estante-para-banheiro01.jpg\" alt=\"https:\/\/www.tuacasa.com.br\/estante-para-banheiro\/\" width=\"1024\" height=\"1024\" title=\"\"><figcaption class=\"wp-caption-text\">https:\/\/www.tuacasa.com.br\/estante-para-banheiro\/<\/figcaption><\/figure>\n<h3>7 Inova\u00e7\u00f5es para Estantes de Banheiro que Transformam seu Espa\u00e7o<\/h3>\n<p>A <b>estante de banheiro<\/b> \u00e9 uma pe\u00e7a curinga para quem deseja maximizar o espa\u00e7o e dar um novo visual ao ambiente. Neste artigo, vou compartilhar algumas inova\u00e7\u00f5es que podem transformar seu espa\u00e7o. Desde a est\u00e9tica at\u00e9 a funcionalidade, voc\u00ea vai descobrir solu\u00e7\u00f5es pr\u00e1ticas e elegantes para incluir no seu projeto.<\/p>\n<figure style=\"width: 1024px\" class=\"wp-caption aligncenter\"><img decoding=\"async\" src=\"https:\/\/www.aarquiteta.com.br\/blog\/wp-content\/uploads\/2025\/08\/estante-para-banheiro02.jpg\" alt=\"https:\/\/www.tuacasa.com.br\/estante-para-banheiro\/\" width=\"1024\" height=\"1024\" title=\"\"><figcaption class=\"wp-caption-text\">https:\/\/www.tuacasa.com.br\/estante-para-banheiro\/<\/figcaption><\/figure>\n<h3>1. Estantes Modularizadas<\/h3>\n<p>As <b>estantes modularizadas<\/b> permitem uma flexibilidade incr\u00edvel. Voc\u00ea pode ajust\u00e1-las ao espa\u00e7o dispon\u00edvel, criando um design \u00fanico e sob medida.<\/p>\n<figure style=\"width: 1024px\" class=\"wp-caption aligncenter\"><img decoding=\"async\" src=\"https:\/\/www.aarquiteta.com.br\/blog\/wp-content\/uploads\/2025\/08\/estante-para-banheiro03.jpg\" alt=\"https:\/\/www.tuacasa.com.br\/estante-para-banheiro\/\" width=\"1024\" height=\"1024\" title=\"\"><figcaption class=\"wp-caption-text\">https:\/\/www.tuacasa.com.br\/estante-para-banheiro\/<\/figcaption><\/figure>\n<h3>2. Uso de Materiais Naturais<\/h3>\n<p>Optar por <b>materiais naturais<\/b>, como madeira de demoli\u00e7\u00e3o ou bambu, traz uma sensa\u00e7\u00e3o de aconchego e sustentabilidade ao banheiro. Al\u00e9m disso, s\u00e3o super resistentes \u00e0 umidade!<\/p>\n<h3>3. Estantes com Luzes Embutidas<\/h3>\n<p>Adicionar <b>luzes embutidas<\/b> na estante n\u00e3o s\u00f3 destaca seus objetos, mas tamb\u00e9m cria um ambiente acolhedor. Perfeito para um banho relaxante \u00e0 noite!<\/p>\n<h3>4. Prateleiras com Nichos Abertos<\/h3>\n<p>As <b>prateleiras com nichos abertos<\/b> s\u00e3o ideais para expor seus produtos mais bonitos, como perfumes e toalhas elegantes. Isso d\u00e1 um charme especial ao espa\u00e7o.<\/p>\n<h3>5. Estante Suspensa<\/h3>\n<p>A <b>estante suspensa<\/b> \u00e9 uma \u00f3tima solu\u00e7\u00e3o para banheiros pequenos. Ela n\u00e3o ocupa espa\u00e7o no ch\u00e3o e ainda d\u00e1 um ar moderno ao seu banheiro.<\/p>\n<h3>6. Integra\u00e7\u00e3o com Espelhos<\/h3>\n<p>Uma grande tend\u00eancia \u00e9 a <b>integra\u00e7\u00e3o da estante com espelhos<\/b>. Essa combina\u00e7\u00f5es aproveitam o espa\u00e7o e ainda criam um efeito de amplitude.<\/p>\n<p><div class=\"youtube-embed\" data-video_id=\"EoIjv0BPqDA\"><iframe title=\"ESTANTE DE BANHEIRO\" width=\"696\" height=\"392\" src=\"https:\/\/www.youtube.com\/embed\/EoIjv0BPqDA?feature=oembed&#038;enablejsapi=1\" frameborder=\"0\" allow=\"accelerometer; autoplay; clipboard-write; encrypted-media; gyroscope; picture-in-picture; web-share\" referrerpolicy=\"strict-origin-when-cross-origin\" allowfullscreen><\/iframe><\/div>\n<\/p>\n<h3>7. Estantes Personalizadas<\/h3>\n<p>Considerar <b>estantes personalizadas<\/b> pode ser uma \u00f3tima solu\u00e7\u00e3o. Contratar um marceneiro para um projeto sob medida garante que cada detalhe se encaixe perfeitamente no design do seu banheiro.<\/p>\n<table>\n<tr>\n<th><b>Inova\u00e7\u00f5es<\/b><\/th>\n<th><b>Benef\u00edcios<\/b><\/th>\n<\/tr>\n<tr>\n<td>Estantes Modularizadas<\/td>\n<td>Flexibilidade e personaliza\u00e7\u00e3o ao espa\u00e7o<\/td>\n<\/tr>\n<tr>\n<td>Uso de Materiais Naturais<\/td>\n<td>Estilo acolhedor e sustent\u00e1vel<\/td>\n<\/tr>\n<tr>\n<td>Estantes com Luzes Embutidas<\/td>\n<td>Ambiente iluminado e aconchegante<\/td>\n<\/tr>\n<tr>\n<td>Prateleiras com Nichos Abertos<\/td>\n<td>Exposi\u00e7\u00e3o de produtos e charme decorativo<\/td>\n<\/tr>\n<tr>\n<td>Estante Suspensa<\/td>\n<td>Otimiza\u00e7\u00e3o do espa\u00e7o<\/td>\n<\/tr>\n<tr>\n<td>Integra\u00e7\u00e3o com Espelhos<\/td>\n<td>Amplitude e sofistica\u00e7\u00e3o<\/td>\n<\/tr>\n<tr>\n<td>Estantes Personalizadas<\/td>\n<td>Detalhes que se adequam \u00e0s suas necessidades<\/td>\n<\/tr>\n<\/table>\n<p>Escolher a estante certa pode ser a chave para a <b>transforma\u00e7\u00e3o do seu banheiro<\/b>. Brincar com as combina\u00e7\u00f5es e estilos traz um resultado harmonioso e funcional. Qual dessas inova\u00e7\u00f5es mais chamou tua aten\u00e7\u00e3o? Deixe seu coment\u00e1rio e continue navegando para mais inspira\u00e7\u00f5es sobre decora\u00e7\u00e3o!<\/p>\n","protected":false},"excerpt":{"rendered":"<p>7 Inova\u00e7\u00f5es para Estantes de Banheiro que Transformam seu Espa\u00e7o<\/p>\n","protected":false},"author":102,"featured_media":153311,"comment_status":"open","ping_status":"","sticky":false,"template":"","format":"standard","meta":{"footnotes":""},"categories":[1484],"tags":[],"class_list":["post-153314","post","type-post","status-publish","format-standard","has-post-thumbnail","category-decoracao"],"_wp_attached_file":null,"_wp_attachment_metadata":null,"_wp_attachment_context":null,"_wp_attachment_is_custom_header":null,"geo_longitude":null,"geo_public":null,"geo_latitude":null,"_publicize_done_external":null,"_wpas_done_3897181":null,"publicize_twitter_user":null,"_wpas_done_3897175":null,"_wpas_skip_3897181":null,"_wpas_skip_3897175":null,"_wpas_skip_3924723":null,"_wpas_mess":null,"_wpas_done_3924723":null,"wps_subtitle":"","_links":{"self":[{"href":"https:\/\/www.aarquiteta.com.br\/blog\/wp-json\/wp\/v2\/posts\/153314","targetHints":{"allow":["GET"]}}],"collection":[{"href":"https:\/\/www.aarquiteta.com.br\/blog\/wp-json\/wp\/v2\/posts"}],"about":[{"href":"https:\/\/www.aarquiteta.com.br\/blog\/wp-json\/wp\/v2\/types\/post"}],"author":[{"embeddable":true,"href":"https:\/\/www.aarquiteta.com.br\/blog\/wp-json\/wp\/v2\/users\/102"}],"replies":[{"embeddable":true,"href":"https:\/\/www.aarquiteta.com.br\/blog\/wp-json\/wp\/v2\/comments?post=153314"}],"version-history":[{"count":0,"href":"https:\/\/www.aarquiteta.com.br\/blog\/wp-json\/wp\/v2\/posts\/153314\/revisions"}],"wp:featuredmedia":[{"embeddable":true,"href":"https:\/\/www.aarquiteta.com.br\/blog\/wp-json\/wp\/v2\/media\/153311"}],"wp:attachment":[{"href":"https:\/\/www.aarquiteta.com.br\/blog\/wp-json\/wp\/v2\/media?parent=153314"}],"wp:term":[{"taxonomy":"category","embeddable":true,"href":"https:\/\/www.aarquiteta.com.br\/blog\/wp-json\/wp\/v2\/categories?post=153314"},{"taxonomy":"post_tag","embeddable":true,"href":"https:\/\/www.aarquiteta.com.br\/blog\/wp-json\/wp\/v2\/tags?post=153314"}],"curies":[{"name":"wp","href":"https:\/\/api.w.org\/{rel}","templated":true}]}}