{"id":153291,"date":"2025-08-02T12:01:49","date_gmt":"2025-08-02T15:01:49","guid":{"rendered":"https:\/\/www.aarquiteta.com.br\/blog\/gardenia\/"},"modified":"2025-08-02T12:01:49","modified_gmt":"2025-08-02T15:01:49","slug":"gardenia","status":"publish","type":"post","link":"https:\/\/www.aarquiteta.com.br\/blog\/gardenia\/","title":{"rendered":"10 Inspira\u00e7\u00f5es para Cultivar Gardenias em Casa"},"content":{"rendered":"<p>Se voc\u00ea deseja adicionar um toque elegante e perfumado ao seu lar, as gardenias s\u00e3o a escolha ideal. <b>Com suas flores brancas e aroma inebriante<\/b>, essas plantas podem transformar qualquer ambiente. Vamos conhecer 10 inspira\u00e7\u00f5es para cultivar gardenias em casa e deix\u00e1-las ainda mais lindas!<\/p>\n<figure style=\"width: 1024px\" class=\"wp-caption aligncenter\"><img decoding=\"async\" src=\"https:\/\/www.aarquiteta.com.br\/blog\/wp-content\/uploads\/2025\/08\/gardenia01.jpg\" alt=\"https:\/\/maniadeplantas.com.br\/externas\/gardenia\/\" width=\"1024\" height=\"1024\" title=\"\"><figcaption class=\"wp-caption-text\">https:\/\/maniadeplantas.com.br\/externas\/gardenia\/<\/figcaption><\/figure>\n<h3>1. Escolha o lugar certo<\/h3>\n<p>As <b>gardenias precisam de luz<\/b> mas tamb\u00e9m gostam de sombra. Procure um local bem iluminado, mas protegido do sol direto nas horas mais quentes.<\/p>\n<figure style=\"width: 1024px\" class=\"wp-caption aligncenter\"><img decoding=\"async\" src=\"https:\/\/www.aarquiteta.com.br\/blog\/wp-content\/uploads\/2025\/08\/gardenia02.jpg\" alt=\"https:\/\/maniadeplantas.com.br\/externas\/gardenia\/\" width=\"1024\" height=\"1024\" title=\"\"><figcaption class=\"wp-caption-text\">https:\/\/maniadeplantas.com.br\/externas\/gardenia\/<\/figcaption><\/figure>\n<h3>2. Solo bem drenado<\/h3>\n<p>Essa planta prefere um <b>solo f\u00e9rtil e bem drenado<\/b>. Evite solos compactos que podem causar encharcamento, o que n\u00e3o \u00e9 bom para as ra\u00edzes.<\/p>\n<figure style=\"width: 1024px\" class=\"wp-caption aligncenter\"><img decoding=\"async\" src=\"https:\/\/www.aarquiteta.com.br\/blog\/wp-content\/uploads\/2025\/08\/gardenia03.jpg\" alt=\"https:\/\/maniadeplantas.com.br\/externas\/gardenia\/\" width=\"1024\" height=\"1024\" title=\"\"><figcaption class=\"wp-caption-text\">https:\/\/maniadeplantas.com.br\/externas\/gardenia\/<\/figcaption><\/figure>\n<h3>3. Cuidados com a rega<\/h3>\n<p>Mantenha o solo sempre \u00famido, mas <b>sem encharcar<\/b>. \u00c1gua fria pode amarelar as folhas. Use \u00e1gua em temperatura ambiente!<\/p>\n<h3>4. Combate a pragas<\/h3>\n<p>Esteja atento a pragas como a <b>cochonilha e o pulg\u00e3o<\/b>. Um tratamento natural pode ser eficaz e saud\u00e1vel para a planta.<\/p>\n<h3>5. Escolha vasos adequados<\/h3>\n<p>Vasos com furos de drenagem s\u00e3o essenciais. Um vaso <b>m\u00e9dio a grande<\/b> ajuda na manuten\u00e7\u00e3o da umidade e espa\u00e7o para as ra\u00edzes se desenvolverem.<\/p>\n<h3>6. Aduba\u00e7\u00e3o correta<\/h3>\n<p>Utilize um <b>adubo espec\u00edfico<\/b> para plantas florais, que forne\u00e7a os nutrientes necess\u00e1rios para florescerem de maneira saud\u00e1vel e abundante.<\/p>\n<h3>7. Podas peri\u00f3dicas<\/h3>\n<p>Realize podas em \u00e9pocas apropriadas para ajudar no crescimento. Isso <b>estimula novas brota\u00e7\u00f5es<\/b> e mant\u00e9m a planta saud\u00e1vel.<\/p>\n<p><div class=\"youtube-embed\" data-video_id=\"27XjRIJvkCE\"><iframe title=\"ALL ABOUT GARDENIAS - Details about different varieties and how to grow Gardenias\" width=\"696\" height=\"392\" src=\"https:\/\/www.youtube.com\/embed\/27XjRIJvkCE?feature=oembed&#038;enablejsapi=1\" frameborder=\"0\" allow=\"accelerometer; autoplay; clipboard-write; encrypted-media; gyroscope; picture-in-picture; web-share\" referrerpolicy=\"strict-origin-when-cross-origin\" allowfullscreen><\/iframe><\/div>\n<\/p>\n<h3>8. Diferentes esp\u00e9cies<\/h3>\n<p>Existem v\u00e1rias <b>variedades de gardenias<\/b>. Experimente cultivar diferentes esp\u00e9cies para ter uma cole\u00e7\u00e3o diversificada e colorida.<\/p>\n<h3>9. Harmoniza\u00e7\u00e3o com outras plantas<\/h3>\n<p>As gardenias combinam muito bem com plantas de folhagem verde escura. Elas criam um belo <b>contraste e valorizam o espa\u00e7o<\/b>.<\/p>\n<h3>10. Decora\u00e7\u00e3o com gardenias<\/h3>\n<p>Use as gardenias em arranjos florais para festas ou como <b>centro de mesa<\/b>. Seu aroma e beleza v\u00e3o encantar os convidados!<\/p>\n<table>\n<tr>\n<th>Aspecto<\/th>\n<th>Descri\u00e7\u00e3o<\/th>\n<\/tr>\n<tr>\n<td>Localiza\u00e7\u00e3o<\/td>\n<td>Bem iluminada, mas com sombra parcial<\/td>\n<\/tr>\n<tr>\n<td>Solo<\/td>\n<td>F\u00e9rtil e bem drenado<\/td>\n<\/tr>\n<tr>\n<td>Rega<\/td>\n<td>Uniformemente \u00famido, evitando encharcamento<\/td>\n<\/tr>\n<tr>\n<td>Pragas<\/td>\n<td>Cochonilha, pulg\u00e3o<\/td>\n<\/tr>\n<tr>\n<td>Adubos<\/td>\n<td>Espec\u00edficos para plantas florais<\/td>\n<\/tr>\n<\/table>\n<p>Cultivar gardenias \u00e9 um processo <b>recompensador<\/b> e cheio de prazeres. Com a paci\u00eancia e os cuidados certos, elas podem embelezar seu lar de maneiras surpreendentes.<\/p>\n<p>Adoro jardinar e busco sempre novas maneiras de encantar meu espa\u00e7o. <b>Se voc\u00ea tamb\u00e9m ama plantas<\/b>, n\u00e3o hesite em contar suas experi\u00eancias ou pedir dicas nos coment\u00e1rios. Vamos compartilhar!<\/p>\n","protected":false},"excerpt":{"rendered":"<p>10 Inspira\u00e7\u00f5es para Cultivar Gardenias em Casa<\/p>\n","protected":false},"author":102,"featured_media":153288,"comment_status":"open","ping_status":"","sticky":false,"template":"","format":"standard","meta":{"footnotes":""},"categories":[9612],"tags":[],"class_list":["post-153291","post","type-post","status-publish","format-standard","has-post-thumbnail","category-jardinagem"],"_wp_attached_file":null,"_wp_attachment_metadata":null,"_wp_attachment_context":null,"_wp_attachment_is_custom_header":null,"geo_longitude":null,"geo_public":null,"geo_latitude":null,"_publicize_done_external":null,"_wpas_done_3897181":null,"publicize_twitter_user":null,"_wpas_done_3897175":null,"_wpas_skip_3897181":null,"_wpas_skip_3897175":null,"_wpas_skip_3924723":null,"_wpas_mess":null,"_wpas_done_3924723":null,"wps_subtitle":"","_links":{"self":[{"href":"https:\/\/www.aarquiteta.com.br\/blog\/wp-json\/wp\/v2\/posts\/153291","targetHints":{"allow":["GET"]}}],"collection":[{"href":"https:\/\/www.aarquiteta.com.br\/blog\/wp-json\/wp\/v2\/posts"}],"about":[{"href":"https:\/\/www.aarquiteta.com.br\/blog\/wp-json\/wp\/v2\/types\/post"}],"author":[{"embeddable":true,"href":"https:\/\/www.aarquiteta.com.br\/blog\/wp-json\/wp\/v2\/users\/102"}],"replies":[{"embeddable":true,"href":"https:\/\/www.aarquiteta.com.br\/blog\/wp-json\/wp\/v2\/comments?post=153291"}],"version-history":[{"count":0,"href":"https:\/\/www.aarquiteta.com.br\/blog\/wp-json\/wp\/v2\/posts\/153291\/revisions"}],"wp:featuredmedia":[{"embeddable":true,"href":"https:\/\/www.aarquiteta.com.br\/blog\/wp-json\/wp\/v2\/media\/153288"}],"wp:attachment":[{"href":"https:\/\/www.aarquiteta.com.br\/blog\/wp-json\/wp\/v2\/media?parent=153291"}],"wp:term":[{"taxonomy":"category","embeddable":true,"href":"https:\/\/www.aarquiteta.com.br\/blog\/wp-json\/wp\/v2\/categories?post=153291"},{"taxonomy":"post_tag","embeddable":true,"href":"https:\/\/www.aarquiteta.com.br\/blog\/wp-json\/wp\/v2\/tags?post=153291"}],"curies":[{"name":"wp","href":"https:\/\/api.w.org\/{rel}","templated":true}]}}