{"id":153271,"date":"2025-08-01T07:31:27","date_gmt":"2025-08-01T10:31:27","guid":{"rendered":"https:\/\/www.aarquiteta.com.br\/blog\/porta-chaves\/"},"modified":"2025-08-01T07:31:27","modified_gmt":"2025-08-01T10:31:27","slug":"porta-chaves","status":"publish","type":"post","link":"https:\/\/www.aarquiteta.com.br\/blog\/porta-chaves\/","title":{"rendered":"10 Inspira\u00e7\u00f5es Criativas de Porta-Chaves para Organizar Sua Casa"},"content":{"rendered":"<p>Voc\u00ea j\u00e1 pensou em como um simples porta-chaves pode mudar a cara da sua casa? Al\u00e9m de organizar, ele tamb\u00e9m d\u00e1 um toque especial de estilo no ambiente. Aqui, vou compartilhar 10 inspira\u00e7\u00f5es criativas de porta-chaves que podem ajudar a transformar sua decora\u00e7\u00e3o e manter suas chaves sempre \u00e0 m\u00e3o!<\/p>\n<figure style=\"width: 1024px\" class=\"wp-caption aligncenter\"><img decoding=\"async\" src=\"https:\/\/www.aarquiteta.com.br\/blog\/wp-content\/uploads\/2025\/08\/porta-chaves01.jpg\" alt=\"https:\/\/www.tuacasa.com.br\/porta-chaves\/\" width=\"1024\" height=\"1024\" title=\"\"><figcaption class=\"wp-caption-text\">https:\/\/www.tuacasa.com.br\/porta-chaves\/<\/figcaption><\/figure>\n<h3>1. Porta-chaves de Madeira R\u00fastica<\/h3>\n<p>Um <b>porta-chaves de madeira<\/b> \u00e9 sempre uma escolha encantadora. Ele traz um charme r\u00fastico e combina com diferentes estilos de decora\u00e7\u00e3o.<\/p>\n<figure style=\"width: 1024px\" class=\"wp-caption aligncenter\"><img decoding=\"async\" src=\"https:\/\/www.aarquiteta.com.br\/blog\/wp-content\/uploads\/2025\/08\/porta-chaves02.jpg\" alt=\"https:\/\/www.tuacasa.com.br\/porta-chaves\/\" width=\"1024\" height=\"1024\" title=\"\"><figcaption class=\"wp-caption-text\">https:\/\/www.tuacasa.com.br\/porta-chaves\/<\/figcaption><\/figure>\n<h3>2. Porta-chaves Magn\u00e9tico<\/h3>\n<p>O <b>porta-chaves magn\u00e9tico<\/b> \u00e9 pr\u00e1tico e moderno. Ele mant\u00e9m suas chaves penduradas de forma discreta e funcional.<\/p>\n<figure style=\"width: 1024px\" class=\"wp-caption aligncenter\"><img decoding=\"async\" src=\"https:\/\/www.aarquiteta.com.br\/blog\/wp-content\/uploads\/2025\/08\/porta-chaves03.jpg\" alt=\"https:\/\/www.tuacasa.com.br\/porta-chaves\/\" width=\"1024\" height=\"1024\" title=\"\"><figcaption class=\"wp-caption-text\">https:\/\/www.tuacasa.com.br\/porta-chaves\/<\/figcaption><\/figure>\n<h3>3. Porta-chaves em Forma de Casa<\/h3>\n<p>Os <b>porta-chaves em forma de casa<\/b> s\u00e3o ador\u00e1veis! Eles podem representar sua pr\u00f3pria casa ou v\u00e1rias casinhas, trazendo um conceito acolhedor ao ambiente.<\/p>\n<h3>4. Porta-chaves com Recados<\/h3>\n<p>Al\u00e9m de organizar suas chaves, que tal um <b>porta-chaves que serve para recados<\/b>? Assim, voc\u00ea pode deixar mensagens importantes ou lembretes vis\u00edveis aos moradores da casa.<\/p>\n<h3>5. Porta-chaves de Papel\u00e3o<\/h3>\n<p>Voc\u00ea pode criar um <b>porta-chaves de papel\u00e3o<\/b> colorido e personalizado! \u00c9 uma op\u00e7\u00e3o barata e ainda assim muito charmosa.<\/p>\n<h3>6. Porta-chaves com Ilumina\u00e7\u00e3o<\/h3>\n<p>Imagine um <b>porta-chaves que tamb\u00e9m ilumina<\/b> sua entrada. Essa funcionalidade \u00e9 pr\u00e1tica e deixa o ambiente mais aconchegante.<\/p>\n<h3>7. Porta-chaves Tem\u00e1tico<\/h3>\n<p>Se voc\u00ea \u00e9 f\u00e3 de um filme ou s\u00e9rie, um <b>porta-chaves tem\u00e1tico<\/b> pode ser uma boa ideia. De Harry Potter a Mickey, as op\u00e7\u00f5es s\u00e3o muitas!<\/p>\n<p><div class=\"youtube-embed\" data-video_id=\"QhWTAc7cg5k\"><iframe title=\"Organize as suas chaves facilmente com o Porta chaves Organizador\" width=\"696\" height=\"392\" src=\"https:\/\/www.youtube.com\/embed\/QhWTAc7cg5k?feature=oembed&#038;enablejsapi=1\" frameborder=\"0\" allow=\"accelerometer; autoplay; clipboard-write; encrypted-media; gyroscope; picture-in-picture; web-share\" referrerpolicy=\"strict-origin-when-cross-origin\" allowfullscreen><\/iframe><\/div>\n<\/p>\n<h3>8. Porta-chaves de Pallet<\/h3>\n<p>Os <b>porta-chaves de pallet<\/b> s\u00e3o super em alta e sustent\u00e1veis, pois reaproveitam madeira. Eles combinam charme e rusticidade.<\/p>\n<h3>9. Porta-chaves Estilizado com Plantas<\/h3>\n<p>Que tal um <b>porta-chaves com plantas<\/b>? Ele n\u00e3o s\u00f3 organiza suas chaves, mas traz vida ao ambiente.<\/p>\n<h3>10. Porta-chaves Minimalista<\/h3>\n<p>Por \u00faltimo, um <b>porta-chaves minimalista<\/b> transmite modernidade e simplicidade. Ele se adapta a qualquer espa\u00e7o, sem sobrecarregar a decora\u00e7\u00e3o.<\/p>\n<table>\n<tr>\n<th>Modelo<\/th>\n<th>Caracter\u00edsticas<\/th>\n<th>Estilo<\/th>\n<\/tr>\n<tr>\n<td>Wood<\/td>\n<td>R\u00fastico e acolhedor<\/td>\n<td>Tradicional<\/td>\n<\/tr>\n<tr>\n<td>Magn\u00e9tico<\/td>\n<td>Moderno e funcional<\/td>\n<td>Contempor\u00e2neo<\/td>\n<\/tr>\n<tr>\n<td>Tem\u00e1tico<\/td>\n<td>Divertido e personalizado<\/td>\n<td>Variado<\/td>\n<\/tr>\n<\/table>\n<p>Com todas essas ideias, fica f\u00e1cil encontrar um porta-chaves que combine com voc\u00ea!<\/p>\n<p><b>A decora\u00e7\u00e3o da sua casa pode ser ainda mais especial<\/b> com um detalhe como esse. Que tal come\u00e7ar a procurar o seu hoje mesmo? N\u00e3o se esque\u00e7a de explorar diferentes ideias e deixar sua criatividade fluir!<\/p>\n<p><b>Vamos juntos deixar sua casa mais bonita e organizada?<\/b> Comente aqui qual \u00e9 a sua op\u00e7\u00e3o favorita e compartilhe outras ideias que voc\u00ea tem na manga!<\/p>\n","protected":false},"excerpt":{"rendered":"<p>10 Inspira\u00e7\u00f5es Criativas de Porta-Chaves para Organizar Sua Casa<\/p>\n","protected":false},"author":102,"featured_media":153268,"comment_status":"open","ping_status":"","sticky":false,"template":"","format":"standard","meta":{"footnotes":""},"categories":[1484],"tags":[],"class_list":["post-153271","post","type-post","status-publish","format-standard","has-post-thumbnail","category-decoracao"],"_wp_attached_file":null,"_wp_attachment_metadata":null,"_wp_attachment_context":null,"_wp_attachment_is_custom_header":null,"geo_longitude":null,"geo_public":null,"geo_latitude":null,"_publicize_done_external":null,"_wpas_done_3897181":null,"publicize_twitter_user":null,"_wpas_done_3897175":null,"_wpas_skip_3897181":null,"_wpas_skip_3897175":null,"_wpas_skip_3924723":null,"_wpas_mess":null,"_wpas_done_3924723":null,"wps_subtitle":"","_links":{"self":[{"href":"https:\/\/www.aarquiteta.com.br\/blog\/wp-json\/wp\/v2\/posts\/153271","targetHints":{"allow":["GET"]}}],"collection":[{"href":"https:\/\/www.aarquiteta.com.br\/blog\/wp-json\/wp\/v2\/posts"}],"about":[{"href":"https:\/\/www.aarquiteta.com.br\/blog\/wp-json\/wp\/v2\/types\/post"}],"author":[{"embeddable":true,"href":"https:\/\/www.aarquiteta.com.br\/blog\/wp-json\/wp\/v2\/users\/102"}],"replies":[{"embeddable":true,"href":"https:\/\/www.aarquiteta.com.br\/blog\/wp-json\/wp\/v2\/comments?post=153271"}],"version-history":[{"count":0,"href":"https:\/\/www.aarquiteta.com.br\/blog\/wp-json\/wp\/v2\/posts\/153271\/revisions"}],"wp:featuredmedia":[{"embeddable":true,"href":"https:\/\/www.aarquiteta.com.br\/blog\/wp-json\/wp\/v2\/media\/153268"}],"wp:attachment":[{"href":"https:\/\/www.aarquiteta.com.br\/blog\/wp-json\/wp\/v2\/media?parent=153271"}],"wp:term":[{"taxonomy":"category","embeddable":true,"href":"https:\/\/www.aarquiteta.com.br\/blog\/wp-json\/wp\/v2\/categories?post=153271"},{"taxonomy":"post_tag","embeddable":true,"href":"https:\/\/www.aarquiteta.com.br\/blog\/wp-json\/wp\/v2\/tags?post=153271"}],"curies":[{"name":"wp","href":"https:\/\/api.w.org\/{rel}","templated":true}]}}