{"id":153241,"date":"2025-07-30T07:31:28","date_gmt":"2025-07-30T10:31:28","guid":{"rendered":"https:\/\/www.aarquiteta.com.br\/blog\/tapete-de-barbante-quadrado\/"},"modified":"2025-07-30T07:31:28","modified_gmt":"2025-07-30T10:31:28","slug":"tapete-de-barbante-quadrado","status":"publish","type":"post","link":"https:\/\/www.aarquiteta.com.br\/blog\/tapete-de-barbante-quadrado\/","title":{"rendered":"7 Inspira\u00e7\u00f5es Para Transformar Seu Ambiente Com Tapetes De Barbante Quadrados"},"content":{"rendered":"<p>Voc\u00ea j\u00e1 reparou como um tapete de barbante quadrado pode <b>transformar qualquer ambiente<\/b>? Esses tapetes, al\u00e9m de funcionais, s\u00e3o \u00f3timos elementos decorativos que trazem conforto e estilo para a sua casa.<\/p>\n<figure style=\"width: 1024px\" class=\"wp-caption aligncenter\"><img decoding=\"async\" src=\"https:\/\/www.aarquiteta.com.br\/blog\/wp-content\/uploads\/2025\/07\/tapete-de-barbante-quadrado01.jpg\" alt=\"https:\/\/www.tuacasa.com.br\/tapete-de-barbante-quadrado\/\" width=\"1024\" height=\"1024\" title=\"\"><figcaption class=\"wp-caption-text\">https:\/\/www.tuacasa.com.br\/tapete-de-barbante-quadrado\/<\/figcaption><\/figure>\n<p>Em meio \u00e0 grande variedade de op\u00e7\u00f5es, eu reuni <b>7 inspira\u00e7\u00f5es que v\u00e3o te ajudar<\/b> a escolher o tapete de barbante quadrado perfeito para a sua decora\u00e7\u00e3o. Se voc\u00ea deseja renovar a sala, dar um toque especial ao quarto ou at\u00e9 mesmo alegrar a cozinha, continue lendo!<\/p>\n<figure style=\"width: 1024px\" class=\"wp-caption aligncenter\"><img decoding=\"async\" src=\"https:\/\/www.aarquiteta.com.br\/blog\/wp-content\/uploads\/2025\/07\/tapete-de-barbante-quadrado02.jpg\" alt=\"https:\/\/www.tuacasa.com.br\/tapete-de-barbante-quadrado\/\" width=\"1024\" height=\"1024\" title=\"\"><figcaption class=\"wp-caption-text\">https:\/\/www.tuacasa.com.br\/tapete-de-barbante-quadrado\/<\/figcaption><\/figure>\n<h3>1. Tapetes Coloridos para Alegrar o Ambiente<\/h3>\n<p>Se voc\u00ea quer um espa\u00e7o <b>vibrante e cheio de energia<\/b>, aposte em tapetes de barbante quadrados coloridos! Tons como amarelo, vermelho e azul podem criar um <b>contraste surpreendente<\/b> com a mob\u00edlia. Al\u00e9m disso, esses tapetes acrescentam um toque divertido ao ambiente.<\/p>\n<figure style=\"width: 1024px\" class=\"wp-caption aligncenter\"><img decoding=\"async\" src=\"https:\/\/www.aarquiteta.com.br\/blog\/wp-content\/uploads\/2025\/07\/tapete-de-barbante-quadrado03.jpg\" alt=\"https:\/\/www.tuacasa.com.br\/tapete-de-barbante-quadrado\/\" width=\"1024\" height=\"1024\" title=\"\"><figcaption class=\"wp-caption-text\">https:\/\/www.tuacasa.com.br\/tapete-de-barbante-quadrado\/<\/figcaption><\/figure>\n<h3>2. Estilo Neutro para Equilibrar a Decora\u00e7\u00e3o<\/h3>\n<p>Para quem prefere ambientes mais <b>calmos e equilibrados<\/b>, os tapetes em tons neutros s\u00e3o ideais. Eles funcionam como uma base para outros elementos decorativos sem disputar aten\u00e7\u00e3o, criando uma atmosfera aconchegante.<\/p>\n<h3>3. Modelos Com Padr\u00f5es Diferenciados<\/h3>\n<p>Experimente tapetes que trazem <b>padr\u00f5es geom\u00e9tricos<\/b> ou florais. Eles s\u00e3o \u00f3timos para adicionar criatividade e personalidade ao ambiente. Combin\u00e1-los a outros elementos decorativos pode resultar em um espa\u00e7o muito mais <b>harmonioso e atraente<\/b>.<\/p>\n<h3>4. Tapetes H\u00edbridos: Pr\u00e1ticos e Bonitos<\/h3>\n<p>Voc\u00ea sabia que os tapetes de barbante quadrados podem ser lav\u00e1veis e dur\u00e1veis? Com isso, s\u00e3o <b>perfeitos para qualquer espa\u00e7o<\/b>, seja na sala, cozinha ou at\u00e9 no hall de entrada. S\u00e3o pr\u00e1ticos e super charmosos!<\/p>\n<h3>5. Conjuntos de Tapetes para Ambientes Coesos<\/h3>\n<p>Outra ideia incr\u00edvel \u00e9 optar por conjuntos de tapetes. <b>Combin\u00e1-los<\/b> em diferentes tamanhos e cores pode criar uma sensa\u00e7\u00e3o de unidade ao ambiente, al\u00e9m de enriquecer a decora\u00e7\u00e3o de forma inteligente.<\/p>\n<h3>6. O Poder das Cores de Degrad\u00ea<\/h3>\n<p>Os tapetes com efeito <b>degrad\u00ea<\/b> s\u00e3o um verdadeiro charme! Eles proporcionam um toque moderno, trazendo um ar de sofistica\u00e7\u00e3o para qualquer espa\u00e7o. \u00c9 uma \u00f3tima op\u00e7\u00e3o para quem deseja um acabamento mais <b>delicado<\/b>.<\/p>\n<p><div class=\"youtube-embed\" data-video_id=\"kr7anYFgFgY\"><iframe title=\"Trilho de mesa de croch\u00ea passadeira de croch\u00ea tapete de croch\u00ea Sousplat de croch\u00ea\" width=\"696\" height=\"392\" src=\"https:\/\/www.youtube.com\/embed\/kr7anYFgFgY?feature=oembed&#038;enablejsapi=1\" frameborder=\"0\" allow=\"accelerometer; autoplay; clipboard-write; encrypted-media; gyroscope; picture-in-picture; web-share\" referrerpolicy=\"strict-origin-when-cross-origin\" allowfullscreen><\/iframe><\/div>\n<\/p>\n<h3>7. Decora\u00e7\u00e3o com Flores para um Toque Rom\u00e2ntico<\/h3>\n<p>Se voc\u00ea ama uma est\u00e9tica rom\u00e2ntica, escolha tapetes de barbante quadrados que tragam flores ou elementos florais. Essa escolha \u00e9 perfeita para criar um espa\u00e7o <b>gracioso e acolhedor<\/b>.<\/p>\n<table>\n<tr>\n<th>Inspira\u00e7\u00e3o<\/th>\n<th>Descri\u00e7\u00e3o<\/th>\n<\/tr>\n<tr>\n<td>Tapetes Coloridos<\/td>\n<td>Alegres e vibrantes, ideais para deixar o ambiente descontra\u00eddo.<\/td>\n<\/tr>\n<tr>\n<td>Estilo Neutro<\/td>\n<td>Como uma base equilibrada que complementa outros elementos.<\/td>\n<\/tr>\n<tr>\n<td>Padr\u00f5es Diferenciados<\/td>\n<td>Tapetes com desenhos criativos que adicionam personalidade.<\/td>\n<\/tr>\n<tr>\n<td>Modelos H\u00edbridos<\/td>\n<td>Dur\u00e1veis e lav\u00e1veis, perfeitos para qualquer espa\u00e7o.<\/td>\n<\/tr>\n<tr>\n<td>Conjuntos de Tapetes<\/td>\n<td>Crie unidades e harmonia com diferentes tamanhos e cores.<\/td>\n<\/tr>\n<tr>\n<td>Degrad\u00ea<\/td>\n<td>Um toque moderno e sofisticado ao ambiente.<\/td>\n<\/tr>\n<tr>\n<td>Decora\u00e7\u00e3o com Flores<\/td>\n<td>Traga um elemento rom\u00e2ntico e acolhedor.<\/td>\n<\/tr>\n<\/table>\n<p>Com essas <b>inspira\u00e7\u00f5es incr\u00edveis<\/b>, est\u00e1 na hora de voc\u00ea escolher o tapete de barbante quadrado que mais combina com o seu estilo! Tenho certeza de que vai dar um toque especial \u00e0 sua casa. Aproveite para deixar sua marca \u00fanica e crie um espa\u00e7o que reflita sua personalidade!<\/p>\n","protected":false},"excerpt":{"rendered":"<p>7 Inspira\u00e7\u00f5es Para Transformar Seu Ambiente Com Tapetes De Barbante Quadrados<\/p>\n","protected":false},"author":102,"featured_media":153238,"comment_status":"open","ping_status":"","sticky":false,"template":"","format":"standard","meta":{"footnotes":""},"categories":[1484],"tags":[],"class_list":["post-153241","post","type-post","status-publish","format-standard","has-post-thumbnail","category-decoracao"],"_wp_attached_file":null,"_wp_attachment_metadata":null,"_wp_attachment_context":null,"_wp_attachment_is_custom_header":null,"geo_longitude":null,"geo_public":null,"geo_latitude":null,"_publicize_done_external":null,"_wpas_done_3897181":null,"publicize_twitter_user":null,"_wpas_done_3897175":null,"_wpas_skip_3897181":null,"_wpas_skip_3897175":null,"_wpas_skip_3924723":null,"_wpas_mess":null,"_wpas_done_3924723":null,"wps_subtitle":"","_links":{"self":[{"href":"https:\/\/www.aarquiteta.com.br\/blog\/wp-json\/wp\/v2\/posts\/153241","targetHints":{"allow":["GET"]}}],"collection":[{"href":"https:\/\/www.aarquiteta.com.br\/blog\/wp-json\/wp\/v2\/posts"}],"about":[{"href":"https:\/\/www.aarquiteta.com.br\/blog\/wp-json\/wp\/v2\/types\/post"}],"author":[{"embeddable":true,"href":"https:\/\/www.aarquiteta.com.br\/blog\/wp-json\/wp\/v2\/users\/102"}],"replies":[{"embeddable":true,"href":"https:\/\/www.aarquiteta.com.br\/blog\/wp-json\/wp\/v2\/comments?post=153241"}],"version-history":[{"count":0,"href":"https:\/\/www.aarquiteta.com.br\/blog\/wp-json\/wp\/v2\/posts\/153241\/revisions"}],"wp:featuredmedia":[{"embeddable":true,"href":"https:\/\/www.aarquiteta.com.br\/blog\/wp-json\/wp\/v2\/media\/153238"}],"wp:attachment":[{"href":"https:\/\/www.aarquiteta.com.br\/blog\/wp-json\/wp\/v2\/media?parent=153241"}],"wp:term":[{"taxonomy":"category","embeddable":true,"href":"https:\/\/www.aarquiteta.com.br\/blog\/wp-json\/wp\/v2\/categories?post=153241"},{"taxonomy":"post_tag","embeddable":true,"href":"https:\/\/www.aarquiteta.com.br\/blog\/wp-json\/wp\/v2\/tags?post=153241"}],"curies":[{"name":"wp","href":"https:\/\/api.w.org\/{rel}","templated":true}]}}