{"id":153231,"date":"2025-07-29T12:02:20","date_gmt":"2025-07-29T15:02:20","guid":{"rendered":"https:\/\/www.aarquiteta.com.br\/blog\/alho-social-tulbaghia-violacea\/"},"modified":"2025-07-29T12:02:20","modified_gmt":"2025-07-29T15:02:20","slug":"alho-social-tulbaghia-violacea","status":"publish","type":"post","link":"https:\/\/www.aarquiteta.com.br\/blog\/alho-social-tulbaghia-violacea\/","title":{"rendered":"Descubra as 7 Curiosidades Fascinantes sobre o Alho Social"},"content":{"rendered":"<p>Voc\u00ea sabia que o Alho Social vai muito al\u00e9m de uma simples plantinha no jardim? Descubra curiosidades fascinantes sobre essa beleza que tem seus encantos!<\/p>\n<figure style=\"width: 1024px\" class=\"wp-caption aligncenter\"><img decoding=\"async\" src=\"https:\/\/www.aarquiteta.com.br\/blog\/wp-content\/uploads\/2025\/07\/alho-social-tulbaghia-violacea01.jpg\" alt=\"https:\/\/maniadeplantas.com.br\/externas\/alho-social-tulbaghia-violacea\/\" width=\"1024\" height=\"1024\" title=\"\"><figcaption class=\"wp-caption-text\">https:\/\/maniadeplantas.com.br\/externas\/alho-social-tulbaghia-violacea\/<\/figcaption><\/figure>\n<h3>1. Origem Africana<\/h3>\n<p>O <b>Alho Social<\/b>, tamb\u00e9m chamado de Tulbaghia violacea, \u00e9 nativa da <b>\u00c1frica do Sul<\/b>. Sua origem africana traz um charme a mais, n\u00e3o \u00e9 mesmo?<\/p>\n<figure style=\"width: 1024px\" class=\"wp-caption aligncenter\"><img decoding=\"async\" src=\"https:\/\/www.aarquiteta.com.br\/blog\/wp-content\/uploads\/2025\/07\/alho-social-tulbaghia-violacea02.jpg\" alt=\"https:\/\/maniadeplantas.com.br\/externas\/alho-social-tulbaghia-violacea\/\" width=\"1024\" height=\"1024\" title=\"\"><figcaption class=\"wp-caption-text\">https:\/\/maniadeplantas.com.br\/externas\/alho-social-tulbaghia-violacea\/<\/figcaption><\/figure>\n<h3>2. Aroma Surpreendente<\/h3>\n<p>Essa planta \u00e9 conhecida pelo seu <b>aroma de alho<\/b>, que se libera quando suas folhas s\u00e3o amassadas. Imagine ter esse frescor no seu jardim!<\/p>\n<figure style=\"width: 1024px\" class=\"wp-caption aligncenter\"><img decoding=\"async\" src=\"https:\/\/www.aarquiteta.com.br\/blog\/wp-content\/uploads\/2025\/07\/alho-social-tulbaghia-violacea03.jpg\" alt=\"https:\/\/maniadeplantas.com.br\/externas\/alho-social-tulbaghia-violacea\/\" width=\"1024\" height=\"1024\" title=\"\"><figcaption class=\"wp-caption-text\">https:\/\/maniadeplantas.com.br\/externas\/alho-social-tulbaghia-violacea\/<\/figcaption><\/figure>\n<h3>3. Flores Ornamentais<\/h3>\n<p>Al\u00e9m de suas folhas, o Alho Social possui flores lil\u00e1s que se agrupam em bel\u00edssimos <b>buqu\u00eas<\/b> em forma de guarda-chuva, tornando qualquer espa\u00e7o mais vibrante.<\/p>\n<h3>4. Propriedades Medicinais<\/h3>\n<p>Na medicina popular, o Alho Social \u00e9 valorizado por suas <b>propriedades antimicrobianas<\/b>, sendo utilizado para aliviar resfriados e fortalecer o sistema imunol\u00f3gico.<\/p>\n<h3>5. Cultivo F\u00e1cil<\/h3>\n<p>Se voc\u00ea tem pouco tempo, vai adorar saber que o Alho Social \u00e9 de f\u00e1cil <b>cultivo<\/b>. Ele se adapta bem ao sol pleno e \u00e0 meia-sombra, ideal para todos os lugares!<\/p>\n<h3>6. Uso Culin\u00e1rio<\/h3>\n<p>Suas folhas e flores n\u00e3o servem apenas de enfeite. Elas tamb\u00e9m s\u00e3o \u00f3timas na <b>culin\u00e1ria<\/b>, trazendo um leve sabor de alho a pratos como saladas e sopas.<\/p>\n<h3>7. Amiga dos Polinizadores<\/h3>\n<p>Por fim, o Alho Social n\u00e3o apenas embeleza, mas tamb\u00e9m ajuda a <b>atrair polinizadores<\/b> como abelhas e borboletas, contribuindo para a biodiversidade.<\/p>\n<p><div class=\"youtube-embed\" data-video_id=\"PWCaxx3nS0c\"><iframe title=\"Uma LINDA PLANTA que e\u0301 ORNAMENTAL, MEDICINAL e COMESTI\u0301VEL\" width=\"696\" height=\"392\" src=\"https:\/\/www.youtube.com\/embed\/PWCaxx3nS0c?feature=oembed&#038;enablejsapi=1\" frameborder=\"0\" allow=\"accelerometer; autoplay; clipboard-write; encrypted-media; gyroscope; picture-in-picture; web-share\" referrerpolicy=\"strict-origin-when-cross-origin\" allowfullscreen><\/iframe><\/div>\n<\/p>\n<table>\n<tr>\n<th>Curiosidade<\/th>\n<th>Detalhes<\/th>\n<\/tr>\n<tr>\n<td>Origem<\/td>\n<td>\u00c1frica do Sul<\/td>\n<\/tr>\n<tr>\n<td>Aroma<\/td>\n<td>Leve aroma de alho<\/td>\n<\/tr>\n<tr>\n<td>Cultivo<\/td>\n<td>F\u00e1cil adapta\u00e7\u00e3o, sol pleno e meia-sombra<\/td>\n<\/tr>\n<tr>\n<td>Uso Medicinal<\/td>\n<td>Propriedades antimicrobianas<\/td>\n<\/tr>\n<tr>\n<td>Uso Culin\u00e1rio<\/td>\n<td>Sabor suave em pratos<\/td>\n<\/tr>\n<tr>\n<td>Atra\u00e7\u00e3o de Polinizadores<\/td>\n<td>Ajuda na biodiversidade<\/td>\n<\/tr>\n<\/table>\n<p>O <b>Alho Social<\/b> \u00e9 uma planta que nos ensina muito sobre beleza e funcionalidade. Invista nessa maravilha e transforme seu espa\u00e7o!<\/p>\n<p>Gostou de conhecer mais sobre o Alho Social? N\u00e3o deixe de comentar aqui embaixo suas experi\u00eancias com ele e continue navegando no blog para mais dicas sobre jardinagem!<\/p>\n","protected":false},"excerpt":{"rendered":"<p>Descubra as 7 Curiosidades Fascinantes sobre o Alho Social<\/p>\n","protected":false},"author":102,"featured_media":153228,"comment_status":"open","ping_status":"","sticky":false,"template":"","format":"standard","meta":{"footnotes":""},"categories":[9612],"tags":[],"class_list":["post-153231","post","type-post","status-publish","format-standard","has-post-thumbnail","category-jardinagem"],"_wp_attached_file":null,"_wp_attachment_metadata":null,"_wp_attachment_context":null,"_wp_attachment_is_custom_header":null,"geo_longitude":null,"geo_public":null,"geo_latitude":null,"_publicize_done_external":null,"_wpas_done_3897181":null,"publicize_twitter_user":null,"_wpas_done_3897175":null,"_wpas_skip_3897181":null,"_wpas_skip_3897175":null,"_wpas_skip_3924723":null,"_wpas_mess":null,"_wpas_done_3924723":null,"wps_subtitle":"","_links":{"self":[{"href":"https:\/\/www.aarquiteta.com.br\/blog\/wp-json\/wp\/v2\/posts\/153231","targetHints":{"allow":["GET"]}}],"collection":[{"href":"https:\/\/www.aarquiteta.com.br\/blog\/wp-json\/wp\/v2\/posts"}],"about":[{"href":"https:\/\/www.aarquiteta.com.br\/blog\/wp-json\/wp\/v2\/types\/post"}],"author":[{"embeddable":true,"href":"https:\/\/www.aarquiteta.com.br\/blog\/wp-json\/wp\/v2\/users\/102"}],"replies":[{"embeddable":true,"href":"https:\/\/www.aarquiteta.com.br\/blog\/wp-json\/wp\/v2\/comments?post=153231"}],"version-history":[{"count":0,"href":"https:\/\/www.aarquiteta.com.br\/blog\/wp-json\/wp\/v2\/posts\/153231\/revisions"}],"wp:featuredmedia":[{"embeddable":true,"href":"https:\/\/www.aarquiteta.com.br\/blog\/wp-json\/wp\/v2\/media\/153228"}],"wp:attachment":[{"href":"https:\/\/www.aarquiteta.com.br\/blog\/wp-json\/wp\/v2\/media?parent=153231"}],"wp:term":[{"taxonomy":"category","embeddable":true,"href":"https:\/\/www.aarquiteta.com.br\/blog\/wp-json\/wp\/v2\/categories?post=153231"},{"taxonomy":"post_tag","embeddable":true,"href":"https:\/\/www.aarquiteta.com.br\/blog\/wp-json\/wp\/v2\/tags?post=153231"}],"curies":[{"name":"wp","href":"https:\/\/api.w.org\/{rel}","templated":true}]}}