{"id":153226,"date":"2025-07-29T07:31:41","date_gmt":"2025-07-29T10:31:41","guid":{"rendered":"https:\/\/www.aarquiteta.com.br\/blog\/escritorio-planejado\/"},"modified":"2025-07-29T07:31:41","modified_gmt":"2025-07-29T10:31:41","slug":"escritorio-planejado","status":"publish","type":"post","link":"https:\/\/www.aarquiteta.com.br\/blog\/escritorio-planejado\/","title":{"rendered":"10 Ideias Criativas para Seu Escrit\u00f3rio Planejado"},"content":{"rendered":"<p>Est\u00e1 pensando em montar um escrit\u00f3rio planejado? Aqui, voc\u00ea confere 10 ideias criativas que v\u00e3o transformar seu espa\u00e7o de trabalho. Al\u00e9m disso, vamos aprender a aproveitar cada cantinho com estilo e funcionalidade.<\/p>\n<figure style=\"width: 1024px\" class=\"wp-caption aligncenter\"><img decoding=\"async\" src=\"https:\/\/www.aarquiteta.com.br\/blog\/wp-content\/uploads\/2025\/07\/escritorio-planejado01.jpg\" alt=\"https:\/\/www.tuacasa.com.br\/escritorio-planejado\/\" width=\"1024\" height=\"1024\" title=\"\"><figcaption class=\"wp-caption-text\">https:\/\/www.tuacasa.com.br\/escritorio-planejado\/<\/figcaption><\/figure>\n<h3>1. Espa\u00e7o Multifuncional<\/h3>\n<p>Uma ideia incr\u00edvel \u00e9 planejar <b>um escrit\u00f3rio que funcione tamb\u00e9m como um ambiente social<\/b>. Por exemplo, voc\u00ea pode incluir um sof\u00e1 ou uma poltrona para as pausas e visitas. Assim, n\u00e3o fica s\u00f3 no trabalho, mas transforma o espa\u00e7o em um local aconchegante.<\/p>\n<figure style=\"width: 1024px\" class=\"wp-caption aligncenter\"><img decoding=\"async\" src=\"https:\/\/www.aarquiteta.com.br\/blog\/wp-content\/uploads\/2025\/07\/escritorio-planejado02.jpg\" alt=\"https:\/\/www.tuacasa.com.br\/escritorio-planejado\/\" width=\"1024\" height=\"1024\" title=\"\"><figcaption class=\"wp-caption-text\">https:\/\/www.tuacasa.com.br\/escritorio-planejado\/<\/figcaption><\/figure>\n<h3>2. Mesa em L<\/h3>\n<p>Utilizar uma mesa em L \u00e9 uma \u00f3tima solu\u00e7\u00e3o para aproveitar melhor o espa\u00e7o. Al\u00e9m disso, essa disposi\u00e7\u00e3o <b>facilita a circula\u00e7\u00e3o<\/b> e permite que voc\u00ea tenha mais superf\u00edcie para trabalhar, enquanto mant\u00e9m tudo ao seu alcance.<\/p>\n<figure style=\"width: 1024px\" class=\"wp-caption aligncenter\"><img decoding=\"async\" src=\"https:\/\/www.aarquiteta.com.br\/blog\/wp-content\/uploads\/2025\/07\/escritorio-planejado03.jpg\" alt=\"https:\/\/www.tuacasa.com.br\/escritorio-planejado\/\" width=\"1024\" height=\"1024\" title=\"\"><figcaption class=\"wp-caption-text\">https:\/\/www.tuacasa.com.br\/escritorio-planejado\/<\/figcaption><\/figure>\n<h3>3. Prateleiras Creativas<\/h3>\n<p>Outra dica muito bacana \u00e9 <b>aproveitar as alturas<\/b> com prateleiras! Elas ajudam a organizar livros, objetos decorativos e materiais de trabalho, deixando o ambiente bem interessante e organizado.<\/p>\n<h3>4. Ilumina\u00e7\u00e3o Criativa<\/h3>\n<p>A ilumina\u00e7\u00e3o \u00e9 fundamental em um escrit\u00f3rio. Invista em <b>lumin\u00e1rias de mesa<\/b> e ilumina\u00e7\u00e3o embutida para criar um clima confort\u00e1vel e produtivo. Lembre-se: a luz natural deve ser aproveitar ao m\u00e1ximo! Posicione sua mesa pr\u00f3xima a uma janela.<\/p>\n<h3>5. Cores Inspiradoras<\/h3>\n<p>Que tal trazer cores ao seu escrit\u00f3rio? Aposte em <b>paredes coloridas<\/b> ou acess\u00f3rios vibrantes que te inspirem diariamente. As cores impactam diretamente na sua disposi\u00e7\u00e3o e criatividade.<\/p>\n<h3>6. Plantas<\/h3>\n<p>Adicionar plantas \u00e9 uma forma de <b>trazer vida ao ambiente<\/b>. Elas purificam o ar e proporcionam um clima agrad\u00e1vel para trabalhar. Al\u00e9m disso, as plantas s\u00e3o uma op\u00e7\u00e3o incr\u00edvel de decora\u00e7\u00e3o.<\/p>\n<h3>7. M\u00f3veis Sob Medida<\/h3>\n<p>Invista em m\u00f3veis planejados que se adequem \u00e0s suas necessidades. <b>M\u00f3veis sob medida<\/b> ajudam a otimizar o espa\u00e7o e garantem que tudo tenha seu lugar certo, tornando seu dia a dia mais pr\u00e1tico.<\/p>\n<p><div class=\"youtube-embed\" data-video_id=\"rY8tr9NERWM\"><iframe title=\"Escrit\u00f3rio moderno cheio de arm\u00e1rios feito pela Biblos #moveisplanejados #office #escritorio\" width=\"696\" height=\"392\" src=\"https:\/\/www.youtube.com\/embed\/rY8tr9NERWM?feature=oembed&#038;enablejsapi=1\" frameborder=\"0\" allow=\"accelerometer; autoplay; clipboard-write; encrypted-media; gyroscope; picture-in-picture; web-share\" referrerpolicy=\"strict-origin-when-cross-origin\" allowfullscreen><\/iframe><\/div>\n<\/p>\n<h3>8. Quadros e Decora\u00e7\u00e3o Pessoal<\/h3>\n<p>Personalize seu espa\u00e7o com quadros, fotos e objetos que voc\u00ea ama. Isso traz <b>um toque \u00fanico<\/b> e faz voc\u00ea se sentir mais confort\u00e1vel no ambiente, aumentando sua produtividade.<\/p>\n<h3>9. Tecnologia e Ergonomia<\/h3>\n<p>N\u00e3o se esque\u00e7a da ergonomia. Escolha uma <b>cadeira confort\u00e1vel<\/b> e equipamentos que se adaptem ao seu corpo para evitar problemas de sa\u00fade no dia a dia de trabalho.<\/p>\n<h3>10. Organize com Estilo<\/h3>\n<p>Use caixas e organizadores que tenham a sua cara. Ter um ambiente <b>organizado e estiloso<\/b> contribui para manter a mente focada e produtiva.<\/p>\n<table>\n<tr>\n<th>Ideia<\/th>\n<th>Benef\u00edcio<\/th>\n<\/tr>\n<tr>\n<td>Espa\u00e7o Multifuncional<\/td>\n<td>Transforma o escrit\u00f3rio em um local social<\/td>\n<\/tr>\n<tr>\n<td>Mesa em L<\/td>\n<td>Facilita a circula\u00e7\u00e3o e manuseio<\/td>\n<\/tr>\n<tr>\n<td>Prateleiras Criativas<\/td>\n<td>Ajuda na organiza\u00e7\u00e3o e decora\u00e7\u00e3o<\/td>\n<\/tr>\n<tr>\n<td>Ilumina\u00e7\u00e3o Criativa<\/td>\n<td>Cria um ambiente confort\u00e1vel<\/td>\n<\/tr>\n<tr>\n<td>Cores Inspiradoras<\/td>\n<td>Impacta positivamente no humor<\/td>\n<\/tr>\n<\/table>\n<p><b>Com essas 10 ideias criativas para seu escrit\u00f3rio planejado<\/b>, \u00e9 poss\u00edvel transformar o ambiente em um espa\u00e7o agrad\u00e1vel, funcional e inspirador. Agora \u00e9 hora de colocar a m\u00e3o na massa e fazer do seu home office um lugar incr\u00edvel!<\/p>\n<h3>Conteudo Relacionados<\/h3>\n<ul>\n<li><a href=\"#link1\">Como escolher a cadeira ideal para home office<\/a><\/li>\n<li><a href=\"#link2\">Dicas de decora\u00e7\u00e3o para pequenos escrit\u00f3rios<\/a><\/li>\n<li><a href=\"#link3\">Organiza\u00e7\u00e3o de home office: passo a passo<\/a><\/li>\n<\/ul>\n","protected":false},"excerpt":{"rendered":"<p>10 Ideias Criativas para Seu Escrit\u00f3rio Planejado<\/p>\n","protected":false},"author":102,"featured_media":153223,"comment_status":"open","ping_status":"","sticky":false,"template":"","format":"standard","meta":{"footnotes":""},"categories":[1484],"tags":[],"class_list":["post-153226","post","type-post","status-publish","format-standard","has-post-thumbnail","category-decoracao"],"_wp_attached_file":null,"_wp_attachment_metadata":null,"_wp_attachment_context":null,"_wp_attachment_is_custom_header":null,"geo_longitude":null,"geo_public":null,"geo_latitude":null,"_publicize_done_external":null,"_wpas_done_3897181":null,"publicize_twitter_user":null,"_wpas_done_3897175":null,"_wpas_skip_3897181":null,"_wpas_skip_3897175":null,"_wpas_skip_3924723":null,"_wpas_mess":null,"_wpas_done_3924723":null,"wps_subtitle":"","_links":{"self":[{"href":"https:\/\/www.aarquiteta.com.br\/blog\/wp-json\/wp\/v2\/posts\/153226","targetHints":{"allow":["GET"]}}],"collection":[{"href":"https:\/\/www.aarquiteta.com.br\/blog\/wp-json\/wp\/v2\/posts"}],"about":[{"href":"https:\/\/www.aarquiteta.com.br\/blog\/wp-json\/wp\/v2\/types\/post"}],"author":[{"embeddable":true,"href":"https:\/\/www.aarquiteta.com.br\/blog\/wp-json\/wp\/v2\/users\/102"}],"replies":[{"embeddable":true,"href":"https:\/\/www.aarquiteta.com.br\/blog\/wp-json\/wp\/v2\/comments?post=153226"}],"version-history":[{"count":0,"href":"https:\/\/www.aarquiteta.com.br\/blog\/wp-json\/wp\/v2\/posts\/153226\/revisions"}],"wp:featuredmedia":[{"embeddable":true,"href":"https:\/\/www.aarquiteta.com.br\/blog\/wp-json\/wp\/v2\/media\/153223"}],"wp:attachment":[{"href":"https:\/\/www.aarquiteta.com.br\/blog\/wp-json\/wp\/v2\/media?parent=153226"}],"wp:term":[{"taxonomy":"category","embeddable":true,"href":"https:\/\/www.aarquiteta.com.br\/blog\/wp-json\/wp\/v2\/categories?post=153226"},{"taxonomy":"post_tag","embeddable":true,"href":"https:\/\/www.aarquiteta.com.br\/blog\/wp-json\/wp\/v2\/tags?post=153226"}],"curies":[{"name":"wp","href":"https:\/\/api.w.org\/{rel}","templated":true}]}}