{"id":153124,"date":"2025-07-22T07:31:40","date_gmt":"2025-07-22T10:31:40","guid":{"rendered":"https:\/\/www.aarquiteta.com.br\/blog\/cor-cinza\/"},"modified":"2025-07-22T07:31:40","modified_gmt":"2025-07-22T10:31:40","slug":"cor-cinza","status":"publish","type":"post","link":"https:\/\/www.aarquiteta.com.br\/blog\/cor-cinza\/","title":{"rendered":"5 Tend\u00eancias"},"content":{"rendered":"<p>Voc\u00ea est\u00e1 em busca de formas modernas e criativas para decorar seus ambientes? Ent\u00e3o, as <b>tend\u00eancias de decora\u00e7\u00e3o<\/b> que separei para voc\u00ea v\u00e3o te surpreender!<\/p>\n<figure style=\"width: 1024px\" class=\"wp-caption aligncenter\"><img decoding=\"async\" src=\"https:\/\/www.aarquiteta.com.br\/blog\/wp-content\/uploads\/2025\/07\/cor-cinza01.jpg\" alt=\"https:\/\/www.tuacasa.com.br\/cor-cinza\/\" width=\"1024\" height=\"1024\" title=\"\"><figcaption class=\"wp-caption-text\">https:\/\/www.tuacasa.com.br\/cor-cinza\/<\/figcaption><\/figure>\n<h3>1. Minimalismo: Menos \u00e9 Mais<\/h3>\n<p>O minimalismo na decora\u00e7\u00e3o aposta em <b>ambientes clean<\/b> e na funcionalidade. Com menos elementos, a eleg\u00e2ncia se destaca. M\u00f3veis e objetos de design simples, mas impactantes, s\u00e3o a chave para esse estilo.<\/p>\n<figure style=\"width: 1024px\" class=\"wp-caption aligncenter\"><img decoding=\"async\" src=\"https:\/\/www.aarquiteta.com.br\/blog\/wp-content\/uploads\/2025\/07\/cor-cinza02.jpg\" alt=\"https:\/\/www.tuacasa.com.br\/cor-cinza\/\" width=\"1024\" height=\"1024\" title=\"\"><figcaption class=\"wp-caption-text\">https:\/\/www.tuacasa.com.br\/cor-cinza\/<\/figcaption><\/figure>\n<h3>2. Cores Neutras com Toques Coloridos<\/h3>\n<p>As cores neutras trazem <b>tranquilidade<\/b> aos ambientes, mas n\u00e3o precisam ser boring. Use detalhes coloridos, como almofadas e quadros, para dar vida aos espa\u00e7os. A combina\u00e7\u00e3o de cinza com azul ou amarelo \u00e9 uma \u00f3tima pedida!<\/p>\n<figure style=\"width: 1024px\" class=\"wp-caption aligncenter\"><img decoding=\"async\" src=\"https:\/\/www.aarquiteta.com.br\/blog\/wp-content\/uploads\/2025\/07\/cor-cinza03.jpg\" alt=\"https:\/\/www.tuacasa.com.br\/cor-cinza\/\" width=\"1024\" height=\"1024\" title=\"\"><figcaption class=\"wp-caption-text\">https:\/\/www.tuacasa.com.br\/cor-cinza\/<\/figcaption><\/figure>\n<h3>3. Mistura de Estilos<\/h3>\n<p>Atualmente, misturar estilos \u00e9 uma tend\u00eancia em alta. Voc\u00ea pode <b>combinar o vintage<\/b> com o moderno, ou o r\u00fastico com o contempor\u00e2neo. Essa mescla resulta em ambientes \u00fanicos e cheios de personalidade!<\/p>\n<h3>4. Materiais Naturais<\/h3>\n<p>O uso de <b>materiais naturais<\/b>, como madeira e pedra, est\u00e1 bombando. Esses elementos trazem aconchego e conex\u00e3o com a natureza. Uma mesa de madeira de demoli\u00e7\u00e3o, por exemplo, pode ser o destaque da sala.<\/p>\n<h3>5. Sustentabilidade em Alta<\/h3>\n<p>Mais do que uma tend\u00eancia, a sustentabilidade \u00e9 uma <b>responsabilidade<\/b> de todos n\u00f3s. Utilizar m\u00f3veis e decorativos feitos com materiais reciclados \u00e9 uma forma de decorar com consci\u00eancia. Que tal investir em pe\u00e7as \u00fanicas e ecol\u00f3gicas?<\/p>\n<table>\n<tr>\n<th>Tend\u00eancias<\/th>\n<th>Caracter\u00edsticas<\/th>\n<th>Dicas<\/th>\n<\/tr>\n<tr>\n<td>Minimalismo<\/td>\n<td>Ambientes clean e funcionais<\/td>\n<td>Escolha m\u00f3veis simples e impactantes<\/td>\n<\/tr>\n<tr>\n<td>Cores Neutras<\/td>\n<td>Tranquilidade com detalhes coloridos<\/td>\n<td>Combine tons neutros com detalhes vibrantes<\/td>\n<\/tr>\n<tr>\n<td>Mistura de Estilos<\/td>\n<td>Combina\u00e7\u00f5es \u00fanicas e cheias de personalidade<\/td>\n<td>Mescle vintage com moderno, por exemplo<\/td>\n<\/tr>\n<tr>\n<td>Materiais Naturais<\/td>\n<td>Texturas que conectam com a natureza<\/td>\n<td>Invista em pe\u00e7as de madeira e pedra<\/td>\n<\/tr>\n<tr>\n<td>Sustentabilidade<\/td>\n<td>Decora\u00e7\u00e3o consciente<\/td>\n<td>Use m\u00f3veis e itens ecol\u00f3gicos<\/td>\n<\/tr>\n<\/table>\n<p>Agora que voc\u00ea conhece essas <b>tend\u00eancias incr\u00edveis<\/b>, que tal implement\u00e1-las na sua casa? Com um toque criativo e as escolhas certas, voc\u00ea transforma o ambiente e garante um espa\u00e7o \u00fanico!<\/p>\n<p>E a\u00ed, gostou das dicas? Comente aqui e conte como voc\u00ea vai aplicar essas tend\u00eancias na sua decora\u00e7\u00e3o!<\/p>\n<p><div class=\"youtube-embed\" data-video_id=\"oKwDX-qri3E\"><iframe title=\"#CimentoQueimado Decor Colors na cor Cinza Puro\" width=\"696\" height=\"392\" src=\"https:\/\/www.youtube.com\/embed\/oKwDX-qri3E?feature=oembed&#038;enablejsapi=1\" frameborder=\"0\" allow=\"accelerometer; autoplay; clipboard-write; encrypted-media; gyroscope; picture-in-picture; web-share\" referrerpolicy=\"strict-origin-when-cross-origin\" allowfullscreen><\/iframe><\/div><\/p>\n","protected":false},"excerpt":{"rendered":"<p>5 Tend\u00eancias<\/p>\n","protected":false},"author":102,"featured_media":153121,"comment_status":"open","ping_status":"","sticky":false,"template":"","format":"standard","meta":{"footnotes":""},"categories":[1484],"tags":[],"class_list":["post-153124","post","type-post","status-publish","format-standard","has-post-thumbnail","category-decoracao"],"_wp_attached_file":null,"_wp_attachment_metadata":null,"_wp_attachment_context":null,"_wp_attachment_is_custom_header":null,"geo_longitude":null,"geo_public":null,"geo_latitude":null,"_publicize_done_external":null,"_wpas_done_3897181":null,"publicize_twitter_user":null,"_wpas_done_3897175":null,"_wpas_skip_3897181":null,"_wpas_skip_3897175":null,"_wpas_skip_3924723":null,"_wpas_mess":null,"_wpas_done_3924723":null,"wps_subtitle":"","_links":{"self":[{"href":"https:\/\/www.aarquiteta.com.br\/blog\/wp-json\/wp\/v2\/posts\/153124","targetHints":{"allow":["GET"]}}],"collection":[{"href":"https:\/\/www.aarquiteta.com.br\/blog\/wp-json\/wp\/v2\/posts"}],"about":[{"href":"https:\/\/www.aarquiteta.com.br\/blog\/wp-json\/wp\/v2\/types\/post"}],"author":[{"embeddable":true,"href":"https:\/\/www.aarquiteta.com.br\/blog\/wp-json\/wp\/v2\/users\/102"}],"replies":[{"embeddable":true,"href":"https:\/\/www.aarquiteta.com.br\/blog\/wp-json\/wp\/v2\/comments?post=153124"}],"version-history":[{"count":0,"href":"https:\/\/www.aarquiteta.com.br\/blog\/wp-json\/wp\/v2\/posts\/153124\/revisions"}],"wp:featuredmedia":[{"embeddable":true,"href":"https:\/\/www.aarquiteta.com.br\/blog\/wp-json\/wp\/v2\/media\/153121"}],"wp:attachment":[{"href":"https:\/\/www.aarquiteta.com.br\/blog\/wp-json\/wp\/v2\/media?parent=153124"}],"wp:term":[{"taxonomy":"category","embeddable":true,"href":"https:\/\/www.aarquiteta.com.br\/blog\/wp-json\/wp\/v2\/categories?post=153124"},{"taxonomy":"post_tag","embeddable":true,"href":"https:\/\/www.aarquiteta.com.br\/blog\/wp-json\/wp\/v2\/tags?post=153124"}],"curies":[{"name":"wp","href":"https:\/\/api.w.org\/{rel}","templated":true}]}}