{"id":153101,"date":"2025-07-20T12:01:49","date_gmt":"2025-07-20T15:01:49","guid":{"rendered":"https:\/\/www.aarquiteta.com.br\/blog\/rock-in-rio-lanca-festival-inedito-para-celebrar-a-amazonia-em-2025\/"},"modified":"2025-07-20T12:01:49","modified_gmt":"2025-07-20T15:01:49","slug":"rock-in-rio-lanca-festival-inedito-para-celebrar-a-amazonia-em-2025","status":"publish","type":"post","link":"https:\/\/www.aarquiteta.com.br\/blog\/rock-in-rio-lanca-festival-inedito-para-celebrar-a-amazonia-em-2025\/","title":{"rendered":"7 Inova\u00e7\u00f5es"},"content":{"rendered":"<p>O Rock in Rio anuncia um festival in\u00e9dito, o Amaz\u00f4nia para Sempre, em 2025, focado na preserva\u00e7\u00e3o da Amaz\u00f4nia.<\/p>\n<figure style=\"width: 1024px\" class=\"wp-caption aligncenter\"><img decoding=\"async\" src=\"https:\/\/www.aarquiteta.com.br\/blog\/wp-content\/uploads\/2025\/07\/rock-in-rio-lanca-festival-inedito-para-celebrar-a-amazonia-em-202501.jpg\" alt=\"https:\/\/maniadeplantas.com.br\/releases\/rock-in-rio-lanca-festival-inedito-para-celebrar-a-amazonia-em-2025\/\" width=\"1024\" height=\"1024\" title=\"\"><figcaption class=\"wp-caption-text\">https:\/\/maniadeplantas.com.br\/releases\/rock-in-rio-lanca-festival-inedito-para-celebrar-a-amazonia-em-2025\/<\/figcaption><\/figure>\n<h3>Introdu\u00e7\u00e3o ao Amaz\u00f4nia para Sempre<\/h3>\n<p>O festival <b>Amaz\u00f4nia para Sempre<\/b> vai al\u00e9m da m\u00fasica. Ele \u00e9 um chamado \u00e0 prote\u00e7\u00e3o da floresta amaz\u00f4nica. Com o Rock in Rio liderando essa nova proposta, o evento reunir\u00e1 entretenimento e conscientiza\u00e7\u00e3o ambiental.<\/p>\n<figure style=\"width: 1024px\" class=\"wp-caption aligncenter\"><img decoding=\"async\" src=\"https:\/\/www.aarquiteta.com.br\/blog\/wp-content\/uploads\/2025\/07\/rock-in-rio-lanca-festival-inedito-para-celebrar-a-amazonia-em-202502.jpg\" alt=\"https:\/\/maniadeplantas.com.br\/releases\/rock-in-rio-lanca-festival-inedito-para-celebrar-a-amazonia-em-2025\/\" width=\"1024\" height=\"1024\" title=\"\"><figcaption class=\"wp-caption-text\">https:\/\/maniadeplantas.com.br\/releases\/rock-in-rio-lanca-festival-inedito-para-celebrar-a-amazonia-em-2025\/<\/figcaption><\/figure>\n<p>Programado para acontecer em <b>Bel\u00e9m<\/b>, o festival ser\u00e1 um marco durante a COP-30, confer\u00eancia de grande relev\u00e2ncia sobre mudan\u00e7as clim\u00e1ticas, em novembro de 2025.<\/p>\n<figure style=\"width: 1024px\" class=\"wp-caption aligncenter\"><img decoding=\"async\" src=\"https:\/\/www.aarquiteta.com.br\/blog\/wp-content\/uploads\/2025\/07\/rock-in-rio-lanca-festival-inedito-para-celebrar-a-amazonia-em-202503.jpg\" alt=\"https:\/\/maniadeplantas.com.br\/releases\/rock-in-rio-lanca-festival-inedito-para-celebrar-a-amazonia-em-2025\/\" width=\"1024\" height=\"1024\" title=\"\"><figcaption class=\"wp-caption-text\">https:\/\/maniadeplantas.com.br\/releases\/rock-in-rio-lanca-festival-inedito-para-celebrar-a-amazonia-em-2025\/<\/figcaption><\/figure>\n<h3>M\u00fasica e Preserva\u00e7\u00e3o em Foco<\/h3>\n<p>A iniciativa busca utilizar a <b>m\u00fasica<\/b> como uma ferramenta de conscientiza\u00e7\u00e3o. O evento n\u00e3o s\u00f3 destaca a Amaz\u00f4nia como tamb\u00e9m proporciona uma experi\u00eancia \u00fanica aos participantes. Imagine um <b>show flutuante<\/b> no rio Guam\u00e1, reunindo grandes artistas internacionais.<\/p>\n<p>\u00c9 uma maneira inovadora de conectar natureza e m\u00fasica. Dessa forma, o festival transforma a viv\u00eancia do p\u00fablico em algo m\u00e1gico, vinculado \u00e0 import\u00e2ncia da preserva\u00e7\u00e3o.<\/p>\n<h3>Bel\u00e9m: O Cen\u00e1rio Ideal<\/h3>\n<p>A escolha de <b>Bel\u00e9m<\/b> \u00e9 estrat\u00e9gica. A cidade, sede da COP-30, amplifica o impacto do Brasil nas <b>discuss\u00f5es ambientais<\/b>. O festival promete levar mensagens de preserva\u00e7\u00e3o e sustentabilidade aos quatro cantos do planeta.<\/p>\n<p>Al\u00e9m do evento principal, haver\u00e1 um <b>show gratuito<\/b> com artistas regionais, celebrando a cultura amaz\u00f4nica e promovendo uma conex\u00e3o genu\u00edna com a arte.<\/p>\n<h3>Patroc\u00ednio e Transmiss\u00e3o<\/h3>\n<p>O festival \u00e9 apoiado pela <b>Vale<\/b>, uma parceria focada em entretenimento e quest\u00f5es ambientais. A transmiss\u00e3o ao vivo do festival para milh\u00f5es de brasileiros amplifica a mensagem de preserva\u00e7\u00e3o da Amaz\u00f4nia.<\/p>\n<p><div class=\"youtube-embed\" data-video_id=\"w9Wkp3ygJmk\"><iframe title=\"Los Polinesios &amp; RedOne Song - Festival ( Official Video)\" width=\"696\" height=\"392\" src=\"https:\/\/www.youtube.com\/embed\/w9Wkp3ygJmk?feature=oembed&#038;enablejsapi=1\" frameborder=\"0\" allow=\"accelerometer; autoplay; clipboard-write; encrypted-media; gyroscope; picture-in-picture; web-share\" referrerpolicy=\"strict-origin-when-cross-origin\" allowfullscreen><\/iframe><\/div>\n<\/p>\n<table>\n<tr>\n<th>Detalhe<\/th>\n<th>Informa\u00e7\u00e3o<\/th>\n<\/tr>\n<tr>\n<td>Nome do Evento<\/td>\n<td>Amaz\u00f4nia para Sempre<\/td>\n<\/tr>\n<tr>\n<td>Data<\/td>\n<td>Novembro de 2025<\/td>\n<\/tr>\n<tr>\n<td>Localiza\u00e7\u00e3o<\/td>\n<td>Bel\u00e9m<\/td>\n<\/tr>\n<tr>\n<td>Patrocinador Principal<\/td>\n<td>Vale<\/td>\n<\/tr>\n<tr>\n<td>Aspecto Principal<\/td>\n<td>Perman\u00eancia e conscientiza\u00e7\u00e3o ambiental<\/td>\n<\/tr>\n<\/table>\n<h3>Uma Oportunidade para Todos<\/h3>\n<p>O festival Amaz\u00f4nia para Sempre \u00e9 uma <b>oportunidade \u00fanica<\/b> para interagir, aprender e celebrar. N\u00e3o \u00e9 apenas um espet\u00e1culo; \u00e9 um convite \u00e0 a\u00e7\u00e3o por um futuro sustent\u00e1vel.<\/p>\n<p>Fique de olho nas novidades! Compartilhe sua opini\u00e3o sobre a preserva\u00e7\u00e3o da Amaz\u00f4nia nos coment\u00e1rios. Vamos juntos fazer a diferen\u00e7a e propagar essa causa t\u00e3o importante.<\/p>\n<h3>Conte\u00fados Relacionados<\/h3>\n<ul>\n<li><a href=\"#\">A import\u00e2ncia da preserva\u00e7\u00e3o ambiental<\/a><\/li>\n<li><a href=\"#\">Como a m\u00fasica impacta as causas sociais<\/a><\/li>\n<li><a href=\"#\">Eventos e festivais que promovem sustentabilidade<\/a><\/li>\n<\/ul>\n","protected":false},"excerpt":{"rendered":"<p>7 Inova\u00e7\u00f5es<\/p>\n","protected":false},"author":102,"featured_media":153098,"comment_status":"open","ping_status":"","sticky":false,"template":"","format":"standard","meta":{"footnotes":""},"categories":[9612],"tags":[],"class_list":["post-153101","post","type-post","status-publish","format-standard","has-post-thumbnail","category-jardinagem"],"_wp_attached_file":null,"_wp_attachment_metadata":null,"_wp_attachment_context":null,"_wp_attachment_is_custom_header":null,"geo_longitude":null,"geo_public":null,"geo_latitude":null,"_publicize_done_external":null,"_wpas_done_3897181":null,"publicize_twitter_user":null,"_wpas_done_3897175":null,"_wpas_skip_3897181":null,"_wpas_skip_3897175":null,"_wpas_skip_3924723":null,"_wpas_mess":null,"_wpas_done_3924723":null,"wps_subtitle":"","_links":{"self":[{"href":"https:\/\/www.aarquiteta.com.br\/blog\/wp-json\/wp\/v2\/posts\/153101","targetHints":{"allow":["GET"]}}],"collection":[{"href":"https:\/\/www.aarquiteta.com.br\/blog\/wp-json\/wp\/v2\/posts"}],"about":[{"href":"https:\/\/www.aarquiteta.com.br\/blog\/wp-json\/wp\/v2\/types\/post"}],"author":[{"embeddable":true,"href":"https:\/\/www.aarquiteta.com.br\/blog\/wp-json\/wp\/v2\/users\/102"}],"replies":[{"embeddable":true,"href":"https:\/\/www.aarquiteta.com.br\/blog\/wp-json\/wp\/v2\/comments?post=153101"}],"version-history":[{"count":0,"href":"https:\/\/www.aarquiteta.com.br\/blog\/wp-json\/wp\/v2\/posts\/153101\/revisions"}],"wp:featuredmedia":[{"embeddable":true,"href":"https:\/\/www.aarquiteta.com.br\/blog\/wp-json\/wp\/v2\/media\/153098"}],"wp:attachment":[{"href":"https:\/\/www.aarquiteta.com.br\/blog\/wp-json\/wp\/v2\/media?parent=153101"}],"wp:term":[{"taxonomy":"category","embeddable":true,"href":"https:\/\/www.aarquiteta.com.br\/blog\/wp-json\/wp\/v2\/categories?post=153101"},{"taxonomy":"post_tag","embeddable":true,"href":"https:\/\/www.aarquiteta.com.br\/blog\/wp-json\/wp\/v2\/tags?post=153101"}],"curies":[{"name":"wp","href":"https:\/\/api.w.org\/{rel}","templated":true}]}}