{"id":153075,"date":"2025-07-18T12:03:15","date_gmt":"2025-07-18T15:03:15","guid":{"rendered":"https:\/\/www.aarquiteta.com.br\/blog\/receitas-para-o-controle-de-pragas-e-fungos-ii\/"},"modified":"2025-07-18T12:03:15","modified_gmt":"2025-07-18T15:03:15","slug":"receitas-para-o-controle-de-pragas-e-fungos-ii","status":"publish","type":"post","link":"https:\/\/www.aarquiteta.com.br\/blog\/receitas-para-o-controle-de-pragas-e-fungos-ii\/","title":{"rendered":"5 Solu\u00e7\u00f5es Pr\u00e1ticas para Combater Pragas e Fungos de Forma Eficiente"},"content":{"rendered":"<p>Conhe\u00e7a 5 solu\u00e7\u00f5es pr\u00e1ticas que v\u00e3o te ajudar a combater pragas e fungos no seu jardim de forma f\u00e1cil e natural.<\/p>\n<figure style=\"width: 1024px\" class=\"wp-caption aligncenter\"><img decoding=\"async\" src=\"https:\/\/www.aarquiteta.com.br\/blog\/wp-content\/uploads\/2025\/07\/receitas-para-o-controle-de-pragas-e-fungos-ii-01.jpg\" alt=\"https:\/\/www.jardineiro.net\/receitas-para-o-controle-de-pragas-e-fungos-ii.html\" width=\"1024\" height=\"1024\" title=\"\"><figcaption class=\"wp-caption-text\">https:\/\/www.jardineiro.net\/receitas-para-o-controle-de-pragas-e-fungos-ii.html<\/figcaption><\/figure>\n<h3>Por que \u00e9 Importante Combater Pragas e Fungos?<\/h3>\n<p>Quando voc\u00ea olha para suas plantas, o ideal \u00e9 ver sa\u00fade e beleza. No entanto, pragas como pulg\u00f5es e fungos podem causar estragos, <b>enfraquecendo suas queridas plantas<\/b>. Portanto, saber como control\u00e1-las \u00e9 vital para garantir um jardim vibrante.<\/p>\n<figure style=\"width: 1024px\" class=\"wp-caption aligncenter\"><img decoding=\"async\" src=\"https:\/\/www.aarquiteta.com.br\/blog\/wp-content\/uploads\/2025\/07\/receitas-para-o-controle-de-pragas-e-fungos-ii-02.jpg\" alt=\"https:\/\/www.jardineiro.net\/receitas-para-o-controle-de-pragas-e-fungos-ii.html\" width=\"1024\" height=\"1024\" title=\"\"><figcaption class=\"wp-caption-text\">https:\/\/www.jardineiro.net\/receitas-para-o-controle-de-pragas-e-fungos-ii.html<\/figcaption><\/figure>\n<p>As solu\u00e7\u00f5es naturais s\u00e3o uma alternativa excelente, pois s\u00e3o seguras para o meio ambiente e n\u00e3o trazem riscos aos humanos e animais. Vamos explorar v\u00e1rias receitas caseiras que utilizam ingredientes naturais para ajudar no seu jardim.<\/p>\n<figure style=\"width: 1024px\" class=\"wp-caption aligncenter\"><img decoding=\"async\" src=\"https:\/\/www.aarquiteta.com.br\/blog\/wp-content\/uploads\/2025\/07\/receitas-para-o-controle-de-pragas-e-fungos-ii-03.jpg\" alt=\"https:\/\/www.jardineiro.net\/receitas-para-o-controle-de-pragas-e-fungos-ii.html\" width=\"1024\" height=\"1024\" title=\"\"><figcaption class=\"wp-caption-text\">https:\/\/www.jardineiro.net\/receitas-para-o-controle-de-pragas-e-fungos-ii.html<\/figcaption><\/figure>\n<h3>1. Solu\u00e7\u00e3o de Cavalinha<\/h3>\n<p>Pique a <b>cavalinha<\/b> e misture-a com \u00e1gua. Ferva durante 5 minutos, coe e dilua. Aplique sobre as plantas e o solo. Esta solu\u00e7\u00e3o \u00e9 \u00f3tima para combater doen\u00e7as f\u00fangicas e fornecer c\u00e1lcio.<\/p>\n<h3>2. Solu\u00e7\u00e3o de Confrei<\/h3>\n<p>Para preparar a solu\u00e7\u00e3o de <b>confrei<\/b>, bata 500 ml de \u00e1gua com as folhas por cerca de 1 minuto. Dilua e aplique nas plantas suscet\u00edveis a pulg\u00f5es.<\/p>\n<h3>3. Solu\u00e7\u00e3o de Piretro<\/h3>\n<p>Misture \u00e1lcool com flores de piretro e deixe descansar por 48 horas. Depois, coe e dilua na propor\u00e7\u00e3o de 1:20 antes de aplicar. Essa solu\u00e7\u00e3o \u00e9 eficaz contra insetos como pulg\u00f5es e cigarrinhas.<\/p>\n<h3>4. Solu\u00e7\u00e3o de Cravo-de-defunto<\/h3>\n<p>Combine \u00e1lcool com cravos e deixe descansar por 24 horas. Coe e dilua na propor\u00e7\u00e3o de 1:20. \u00c9 um excelente repelente para pulg\u00f5es e cigarrinhas, <b>protegendo suas plantas com efic\u00e1cia<\/b>.<\/p>\n<h3>5. Solu\u00e7\u00e3o de Arruda<\/h3>\n<p>Bata arruda com \u00e1gua no liquidificador, coe e dilua com uma solu\u00e7\u00e3o adesiva. Aplique essa mistura em seguida, mas evite o contato direto com a pele.<\/p>\n<p>https:\/\/www.youtube.com\/watch?v=<\/p>\n<h3>Tabela Resumo das Solu\u00e7\u00f5es<\/h3>\n<table>\n<tr>\n<th>Solu\u00e7\u00e3o<\/th>\n<th>Ingredientes<\/th>\n<th>Uso Principal<\/th>\n<\/tr>\n<tr>\n<td>Cavalinha<\/td>\n<td>Cavalinha e \u00e1gua<\/td>\n<td>Doen\u00e7as f\u00fangicas<\/td>\n<\/tr>\n<tr>\n<td>Confrei<\/td>\n<td>Confrei e \u00e1gua<\/td>\n<td>Pulg\u00f5es<\/td>\n<\/tr>\n<tr>\n<td>Piretro<\/td>\n<td>\u00c1lcool e flores de piretro<\/td>\n<td>Insetos e \u00e1caros<\/td>\n<\/tr>\n<tr>\n<td>Cravo-de-defunto<\/td>\n<td>\u00c1lcool e cravos<\/td>\n<td>Repelente para insetos<\/td>\n<\/tr>\n<tr>\n<td>Arruda<\/td>\n<td>Arruda e \u00e1gua<\/td>\n<td>Insetos e \u00e1caros<\/td>\n<\/tr>\n<\/table>\n<p>Com essas solu\u00e7\u00f5es, voc\u00ea vai <b>conseguir proteger seu jardim de forma eficiente<\/b>. A satisfa\u00e7\u00e3o de ver suas plantas saud\u00e1veis \u00e9 incr\u00edvel, n\u00e3o \u00e9 mesmo?<\/p>\n<p>Ficou interessado nas dicas? N\u00e3o esque\u00e7a de compartilhar suas experi\u00eancias! E que tal conferir mais dicas sobre jardinagem e produtos naturais? Continue navegando pelo blog para se inspirar!<\/p>\n","protected":false},"excerpt":{"rendered":"<p>5 Solu\u00e7\u00f5es Pr\u00e1ticas para Combater Pragas e Fungos de Forma Eficiente<\/p>\n","protected":false},"author":102,"featured_media":153072,"comment_status":"open","ping_status":"","sticky":false,"template":"","format":"standard","meta":{"footnotes":""},"categories":[9612],"tags":[],"class_list":["post-153075","post","type-post","status-publish","format-standard","has-post-thumbnail","category-jardinagem"],"_wp_attached_file":null,"_wp_attachment_metadata":null,"_wp_attachment_context":null,"_wp_attachment_is_custom_header":null,"geo_longitude":null,"geo_public":null,"geo_latitude":null,"_publicize_done_external":null,"_wpas_done_3897181":null,"publicize_twitter_user":null,"_wpas_done_3897175":null,"_wpas_skip_3897181":null,"_wpas_skip_3897175":null,"_wpas_skip_3924723":null,"_wpas_mess":null,"_wpas_done_3924723":null,"wps_subtitle":"","_links":{"self":[{"href":"https:\/\/www.aarquiteta.com.br\/blog\/wp-json\/wp\/v2\/posts\/153075","targetHints":{"allow":["GET"]}}],"collection":[{"href":"https:\/\/www.aarquiteta.com.br\/blog\/wp-json\/wp\/v2\/posts"}],"about":[{"href":"https:\/\/www.aarquiteta.com.br\/blog\/wp-json\/wp\/v2\/types\/post"}],"author":[{"embeddable":true,"href":"https:\/\/www.aarquiteta.com.br\/blog\/wp-json\/wp\/v2\/users\/102"}],"replies":[{"embeddable":true,"href":"https:\/\/www.aarquiteta.com.br\/blog\/wp-json\/wp\/v2\/comments?post=153075"}],"version-history":[{"count":0,"href":"https:\/\/www.aarquiteta.com.br\/blog\/wp-json\/wp\/v2\/posts\/153075\/revisions"}],"wp:featuredmedia":[{"embeddable":true,"href":"https:\/\/www.aarquiteta.com.br\/blog\/wp-json\/wp\/v2\/media\/153072"}],"wp:attachment":[{"href":"https:\/\/www.aarquiteta.com.br\/blog\/wp-json\/wp\/v2\/media?parent=153075"}],"wp:term":[{"taxonomy":"category","embeddable":true,"href":"https:\/\/www.aarquiteta.com.br\/blog\/wp-json\/wp\/v2\/categories?post=153075"},{"taxonomy":"post_tag","embeddable":true,"href":"https:\/\/www.aarquiteta.com.br\/blog\/wp-json\/wp\/v2\/tags?post=153075"}],"curies":[{"name":"wp","href":"https:\/\/api.w.org\/{rel}","templated":true}]}}